{"id":29905,"date":"2025-09-13T14:13:42","date_gmt":"2025-09-13T12:13:42","guid":{"rendered":"https:\/\/www.mbfatimska.pl\/?p=29905"},"modified":"2026-02-13T13:22:12","modified_gmt":"2026-02-13T13:22:12","slug":"xxiv-niedziela-zwykla-4","status":"publish","type":"post","link":"https:\/\/mbfatimska.ovh\/index.php\/2025\/09\/13\/xxiv-niedziela-zwykla-4\/","title":{"rendered":"XXIV Niedziela Zwyk\u0142a"},"content":{"rendered":"<div class=\"post-excerpt\">\n<p>1.W dniu dzisiejszym, o wczesnych godzinach rannych, grupa 48 parafian i go\u015bci, wylecia\u0142a do Pary\u017ca na tygodniow\u0105 pielgrzymk\u0119. W programie: Katedra Notre-Dame, Kaplica Cudownego Medalika, Tours, zamki nad Loar\u0105, wie\u017ca Eiffla i wiele jeszcze innych ciekawych miejsc. \u017byczymy im dobrej drogi i opieki Matki Bo\u017cej Fatimskiej.<\/p>\n<p>2.T\u0105 niedziel\u0105 rozpocz\u0119li\u015bmy XV Tydzie\u0144 Wychowania, pod has\u0142em <em>Wsp\u00f3lnota nadziei<\/em>, biskupi Polscy zach\u0119caj\u0105 by ten tydzie\u0144 by\u0142 czasem intensywnej modlitwy w intencji wszystkich uczni\u00f3w, nauczycieli i wychowawc\u00f3w, kt\u00f3rzy rozpocz\u0119li nowy rok szkolny.<\/p>\n<p>3.R\u00f3wnie\u017c dzisiaj, o godzinie 17.00, z parkingu na ulicy D\u0142ugiej, nast\u0105pi wyjazd do Teatru Kamienica w Warszawie na sztuk\u0119 pod tytu\u0142em <em>Niespodzianka<\/em>. Powr\u00f3t oko\u0142o godziny 21.00.<\/p>\n<p>4.Dzisiaj, o godzinie 10.25 katecheza dla dzieci klas III SP w ramach przygotowania do I Komunii \u015bwi\u0119tej. A na Mszy \u015bwi\u0119tej, o godzinie 11.00, dokonamy po\u015bwi\u0119cenia plecak\u00f3w i przybor\u00f3w szkolnych z okazji rozpocz\u0119tego roku szkolnego..<\/p>\n<p>5.W pi\u0105tek, 19 wrze\u015bnia, zapraszamy na kolejne nabo\u017ce\u0144stwo do \u015bw. J\u00f3zefa, patrona ma\u0142\u017ce\u0144stw i rodzin. O godzinie 19.00 zostanie odprawiona Msza \u015bwi\u0119ta, a po niej, modlitwy do patrona rodzin.<\/p>\n<p>6.W \u015brod\u0119, o godzinie 18.00, ruszaj\u0105 warsztaty adresowane do pa\u0144. Je\u015bli czujesz si\u0119 zm\u0119czona, przepracowana, niewys\u0142uchana, osamotniona, czy brakuje ci czasu na sam\u0105 siebie, sw\u00f3j odpoczynek i rozw\u00f3j, to zapraszamy ju\u017c w najbli\u017csz\u0105 \u015brod\u0119 do naszej kawiarenki na pierwsze spotkanie. Spotkania maj\u0105 charakter rozwojowy i dotycz\u0105 kompleksowego rozwoju kobiety w 4 obszarach: ja- kobieta, ja \u2013 \u017cona, ja \u2013 matka, ja \u2013katoliczka i ja \u2013 patriotka. Serdecznie zapraszamy.<\/p>\n<p>7.W sobot\u0119, w godzinach 9-11, organizowana jest w Legionowie przez Urz\u0105d Miasta, akcja <em>Sprz\u0105tamy Legionowo<\/em>. Urz\u0119dnicy zapraszaj\u0105 do udzia\u0142u doros\u0142ych, m\u0142odzie\u017c, dzieci z rodzicami do w\u0142\u0105czenia si\u0119 do tej inicjatywy. Szczeg\u00f3\u0142owe informacje na stronie internetowej Legionowa.<\/p>\n<p>8.R\u00f3wnie\u017c w sobot\u0119, przedstawiciele naszej s\u0142u\u017cby liturgicznej udadz\u0105 si\u0119 na zlot ministrant\u00f3w, lektor\u00f3w, bielanek i scholi z ca\u0142ej diecezji by wsp\u00f3lnie sp\u0119dzi\u0107 czas na konferencjach, Eucharystii i zabawie. Has\u0142em tegorocznego zlotu b\u0119dzie zawo\u0142anie \u015bw. Pier Giorgio Frasattiego <em>Zawsze w g\u00f3r\u0119<\/em>!<\/p>\n<p>9.Za tydzie\u0144, w niedziel\u0119, o godzinie 10.25, katecheza dla dzieci z klas IV SP przed rocznic\u0105 Komunii \u015bwi\u0119tej.<\/p>\n<p>10.R\u00f3wnie\u017c w przysz\u0142\u0105 niedziel\u0119, rozpoczynamy Msz\u0105 \u015bwi\u0119t\u0105 o godzinie 19.00, ca\u0142odobow\u0105 adoracj\u0119 Naj\u015bwi\u0119tszego Sakramentu. B\u0119dzie mo\u017cna adorowa\u0107 Chrystusa Eucharystycznego przez ca\u0142\u0105 noc z niedzieli na poniedzia\u0142ek i przez ca\u0142y poniedzia\u0142ek do godziny 18. Na adoracj\u0119 zaprasza Wsp\u00f3lnota dla Intronizacji Naj\u015bwi\u0119tszego Serca Pana Jezusa.<\/p>\n<p>11.Ca\u0142y czas zbieramy niepotrzebne okulary, te do chodzenia, czytania i te przeciws\u0142oneczne z my\u015bl\u0105 o mieszka\u0144cach Madagaskaru. Specjalne pude\u0142ko ustawione jest za \u0142awkami pod ch\u00f3rem.<\/p>\n<p>12.Dzisiaj, jak s\u0142yszeli\u015bmy i widzimy, go\u015bcimy Ojca Kombonianina, kt\u00f3ry g\u0142osi s\u0142owo Bo\u017ce, dzieli si\u0119 swoj\u0105 wiar\u0105 i przybli\u017ca nam problematyk\u0119 misji. Przed ko\u015bcio\u0142em b\u0119dziemy mogli wesprze\u0107 dzia\u0142alno\u015b\u0107 misyjn\u0105 Ojc\u00f3w poprzez zakup kalendarzy na nowy rok 2026. Podzielmy si\u0119 i pom\u00f3\u017cmy tym, kt\u00f3rzy \u017cyj\u0105 w biedzie i cz\u0119sto w odrzuceniu.<\/p>\n<p>13.Kalendarz liturgiczny na ten tydzie\u0144: \u00a0w poniedzia\u0142ek \u2013 wspomnienie Naj\u015bwi\u0119tszej Maryi Panny Bolesnej; we wtorek \u2013 wspomnienie \u015bwi\u0119tych m\u0119czennik\u00f3w Korneliusza, papie\u017ca i Cypriana, biskupa; w \u015brod\u0119 \u2013 wspomnienie \u015bwi\u0119tego Zygmunta Szcz\u0119snego Feli\u0144skiego, biskupa; w czwartek \u2013 \u015bwi\u0119to \u015bwi\u0119tego Stanis\u0142awa Kostki, zakonnika i patrona Polski; w sobot\u0119 \u2013 wspomnienie \u015bwi\u0119tych m\u0119czennik\u00f3w Andrzeja Kim Taegon, prezbitera, Paw\u0142a Chong\u00a0 Hasang i Towarzyszy.<\/p>\n<\/div>\n","protected":false},"excerpt":{"rendered":"<p>1.W dniu dzisiejszym, o wczesnych godzinach rannych, grupa 48 parafian i go\u015bci, wylecia\u0142a do Pary\u017ca na tygodniow\u0105 pielgrzymk\u0119. W programie: Katedra Notre-Dame, Kaplica Cudownego Medalika, Tours, zamki nad Loar\u0105, wie\u017ca Eiffla i wiele jeszcze innych ciekawych miejsc. \u017byczymy im dobrej drogi i opieki Matki Bo\u017cej Fatimskiej. 2.T\u0105 niedziel\u0105 rozpocz\u0119li\u015bmy XV Tydzie\u0144 Wychowania, pod has\u0142em Wsp\u00f3lnota [&hellip;]<\/p>\n","protected":false},"author":1,"featured_media":30657,"comment_status":"closed","ping_status":"closed","sticky":false,"template":"","format":"standard","meta":{"footnotes":""},"categories":[2,14],"tags":[],"class_list":["post-29905","post","type-post","status-publish","format-standard","has-post-thumbnail","hentry","category-aktualnosci","category-ogloszenia-parafialne"],"_links":{"self":[{"href":"https:\/\/mbfatimska.ovh\/index.php\/wp-json\/wp\/v2\/posts\/29905","targetHints":{"allow":["GET"]}}],"collection":[{"href":"https:\/\/mbfatimska.ovh\/index.php\/wp-json\/wp\/v2\/posts"}],"about":[{"href":"https:\/\/mbfatimska.ovh\/index.php\/wp-json\/wp\/v2\/types\/post"}],"author":[{"embeddable":true,"href":"https:\/\/mbfatimska.ovh\/index.php\/wp-json\/wp\/v2\/users\/1"}],"replies":[{"embeddable":true,"href":"https:\/\/mbfatimska.ovh\/index.php\/wp-json\/wp\/v2\/comments?post=29905"}],"version-history":[{"count":1,"href":"https:\/\/mbfatimska.ovh\/index.php\/wp-json\/wp\/v2\/posts\/29905\/revisions"}],"predecessor-version":[{"id":40153,"href":"https:\/\/mbfatimska.ovh\/index.php\/wp-json\/wp\/v2\/posts\/29905\/revisions\/40153"}],"wp:featuredmedia":[{"embeddable":true,"href":"https:\/\/mbfatimska.ovh\/index.php\/wp-json\/wp\/v2\/media\/30657"}],"wp:attachment":[{"href":"https:\/\/mbfatimska.ovh\/index.php\/wp-json\/wp\/v2\/media?parent=29905"}],"wp:term":[{"taxonomy":"category","embeddable":true,"href":"https:\/\/mbfatimska.ovh\/index.php\/wp-json\/wp\/v2\/categories?post=29905"},{"taxonomy":"post_tag","embeddable":true,"href":"https:\/\/mbfatimska.ovh\/index.php\/wp-json\/wp\/v2\/tags?post=29905"}],"curies":[{"name":"wp","href":"https:\/\/api.w.org\/{rel}","templated":true}]}}