{"id":30069,"date":"2025-09-16T20:39:17","date_gmt":"2025-09-16T18:39:17","guid":{"rendered":"https:\/\/www.mbfatimska.pl\/?p=30069"},"modified":"2025-09-16T20:39:17","modified_gmt":"2025-09-16T18:39:17","slug":"rekolekcje-ewangelizacyjne-odnowy-reo-zaproszenie","status":"publish","type":"post","link":"https:\/\/mbfatimska.ovh\/index.php\/2025\/09\/16\/rekolekcje-ewangelizacyjne-odnowy-reo-zaproszenie\/","title":{"rendered":"Rekolekcje Ewangelizacyjne Odnowy (REO) &#8211; Zaproszenie"},"content":{"rendered":"<p>Pragniemy, bardzo serdecznie zaprosi\u0107 na wyj\u0105tkowe wydarzenie, kt\u00f3re b\u0119dzie mia\u0142o miejsce w naszej wsp\u00f3lnocie parafialnej, na Rekolekcje Ewangelizacyjne Odnowy (REO).<\/p>\n<div>Spotkania rekolekcyjne b\u0119d\u0105 si\u0119 odbywa\u0142y w \u015brody po wieczornej Mszy \u015awi\u0119tej. Pierwsze spotkanie ju\u017c 1.X.2025 r. o godz. 19:15 w ko\u015bciele.<\/div>\n<div>Rekolekcje poprowadzi wsp\u00f3lnota Odnowy w Duchu \u015awi\u0119tym, a katechezy wyg\u0142osi ks. Maciej Mi\u0119tek, Kanclerz Kurii Diecezji Warszawsko-Praskiej.<\/div>\n<div><\/div>\n<div>Terminarz spotka\u0144:<\/div>\n<div>1 pa\u017adziernika 2025 Etap I &#8211; Sens \u017cycia<\/div>\n<div>8 pa\u017adziernika 2025 Etap II &#8211; Mi\u0142o\u015b\u0107 Boga<\/div>\n<div>15 pa\u017adziernika 2025 Etap III &#8211; Jezus jedynym Zbawicielem<\/div>\n<div>22 pa\u017adziernika 2025 Etap IV &#8211; Jezus Panem i Bratem<\/div>\n<div>29 pa\u017adziernika\u00a02025 Etap V &#8211; Nawr\u00f3cenie uzdrowieniem cz\u0142owieka<\/div>\n<div>5 listopada 2025\u00a0 Nabo\u017ce\u0144stwo &#8211; Modlitwa o uzdrowienie wewn\u0119trzne<\/div>\n<div>12 listopada 2025 Etap VI &#8211; Duch \u015awi\u0119ty<\/div>\n<div>19 listopada 2025 Etap VII &#8211; Odrodzenie w Duchu \u015awi\u0119tym i nabo\u017ce\u0144stwo przyj\u0119cia Jezusa jako Pana i Zbawiciela<\/div>\n<div>29 listopada 2025 &#8211; Modlitwa o wylanie dar\u00f3w Ducha \u015awi\u0119tego w katedrze warszawsko-praskiej<\/div>\n<div>3 grudnia 2025 &#8211; Etap VIII Ko\u015bci\u00f3\u0142<\/div>\n<div>\n<div id='gallery-1' class='gallery galleryid-30069 gallery-columns-1 gallery-size-medium'><figure class='gallery-item'>\n\t\t\t<div class='gallery-icon portrait'>\n\t\t\t\t<a href='https:\/\/mbfatimska.ovh\/index.php\/2025\/09\/16\/rekolekcje-ewangelizacyjne-odnowy-reo-zaproszenie\/4-plakat-reo\/'><img fetchpriority=\"high\" decoding=\"async\" width=\"212\" height=\"300\" src=\"https:\/\/mbfatimska.ovh\/wp-content\/uploads\/2025\/09\/4.-Plakat-REO-scaled-1-212x300.jpg\" class=\"attachment-medium size-medium\" alt=\"\" srcset=\"https:\/\/mbfatimska.ovh\/wp-content\/uploads\/2025\/09\/4.-Plakat-REO-scaled-1-212x300.jpg 212w, https:\/\/mbfatimska.ovh\/wp-content\/uploads\/2025\/09\/4.-Plakat-REO-scaled-1-724x1024.jpg 724w, https:\/\/mbfatimska.ovh\/wp-content\/uploads\/2025\/09\/4.-Plakat-REO-scaled-1-768x1086.jpg 768w, https:\/\/mbfatimska.ovh\/wp-content\/uploads\/2025\/09\/4.-Plakat-REO-scaled-1-1086x1536.jpg 1086w, https:\/\/mbfatimska.ovh\/wp-content\/uploads\/2025\/09\/4.-Plakat-REO-scaled-1-1448x2048.jpg 1448w, https:\/\/mbfatimska.ovh\/wp-content\/uploads\/2025\/09\/4.-Plakat-REO-scaled-1.jpg 1810w\" sizes=\"(max-width: 212px) 100vw, 212px\" \/><\/a>\n\t\t\t<\/div><\/figure>\n\t\t<\/div>\n\n<\/div>\n<p>&nbsp;<\/p>\n<p>&nbsp;<\/p>\n","protected":false},"excerpt":{"rendered":"<p>Pragniemy, bardzo serdecznie zaprosi\u0107 na wyj\u0105tkowe wydarzenie, kt\u00f3re b\u0119dzie mia\u0142o miejsce w naszej wsp\u00f3lnocie parafialnej, na Rekolekcje Ewangelizacyjne Odnowy (REO). Spotkania rekolekcyjne b\u0119d\u0105 si\u0119 odbywa\u0142y w \u015brody po wieczornej Mszy \u015awi\u0119tej. Pierwsze spotkanie ju\u017c 1.X.2025 r. o godz. 19:15 w ko\u015bciele. Rekolekcje poprowadzi wsp\u00f3lnota Odnowy w Duchu \u015awi\u0119tym, a katechezy wyg\u0142osi ks. Maciej Mi\u0119tek, Kanclerz [&hellip;]<\/p>\n","protected":false},"author":1,"featured_media":30070,"comment_status":"closed","ping_status":"closed","sticky":false,"template":"","format":"standard","meta":{"footnotes":""},"categories":[2,13],"tags":[],"class_list":["post-30069","post","type-post","status-publish","format-standard","has-post-thumbnail","hentry","category-aktualnosci","category-odnowa-w-duchu-swietym"],"_links":{"self":[{"href":"https:\/\/mbfatimska.ovh\/index.php\/wp-json\/wp\/v2\/posts\/30069","targetHints":{"allow":["GET"]}}],"collection":[{"href":"https:\/\/mbfatimska.ovh\/index.php\/wp-json\/wp\/v2\/posts"}],"about":[{"href":"https:\/\/mbfatimska.ovh\/index.php\/wp-json\/wp\/v2\/types\/post"}],"author":[{"embeddable":true,"href":"https:\/\/mbfatimska.ovh\/index.php\/wp-json\/wp\/v2\/users\/1"}],"replies":[{"embeddable":true,"href":"https:\/\/mbfatimska.ovh\/index.php\/wp-json\/wp\/v2\/comments?post=30069"}],"version-history":[{"count":1,"href":"https:\/\/mbfatimska.ovh\/index.php\/wp-json\/wp\/v2\/posts\/30069\/revisions"}],"predecessor-version":[{"id":40423,"href":"https:\/\/mbfatimska.ovh\/index.php\/wp-json\/wp\/v2\/posts\/30069\/revisions\/40423"}],"wp:featuredmedia":[{"embeddable":true,"href":"https:\/\/mbfatimska.ovh\/index.php\/wp-json\/wp\/v2\/media\/30070"}],"wp:attachment":[{"href":"https:\/\/mbfatimska.ovh\/index.php\/wp-json\/wp\/v2\/media?parent=30069"}],"wp:term":[{"taxonomy":"category","embeddable":true,"href":"https:\/\/mbfatimska.ovh\/index.php\/wp-json\/wp\/v2\/categories?post=30069"},{"taxonomy":"post_tag","embeddable":true,"href":"https:\/\/mbfatimska.ovh\/index.php\/wp-json\/wp\/v2\/tags?post=30069"}],"curies":[{"name":"wp","href":"https:\/\/api.w.org\/{rel}","templated":true}]}}