{"id":30235,"date":"2025-09-20T20:18:47","date_gmt":"2025-09-20T18:18:47","guid":{"rendered":"https:\/\/www.mbfatimska.pl\/?p=30235"},"modified":"2026-02-13T13:22:32","modified_gmt":"2026-02-13T13:22:32","slug":"xxv-niedziela-zwykla-4","status":"publish","type":"post","link":"https:\/\/mbfatimska.ovh\/index.php\/2025\/09\/20\/xxv-niedziela-zwykla-4\/","title":{"rendered":"XXV Niedziela Zwyk\u0142a"},"content":{"rendered":"<div class=\"post-excerpt\">\n<p>1.W dniu dzisiejszym, o godzinie 10.25, odb\u0119dzie si\u0119 katecheza dla dzieci klas IV SP przed uroczysto\u015bci\u0105 rocznicy Komunii \u015bwi\u0119tej.<\/p>\n<p>2.R\u00f3wnie\u017c dzisiaj, po Mszy \u015bwi\u0119tej o godzinie 19.00, zapraszamy na ca\u0142odobow\u0105 adoracj\u0119 Naj\u015bwi\u0119tszego Sakramentu. Zako\u0144czenie adoracji w poniedzia\u0142ek na Mszy \u015bwi\u0119tej o godzinie 18.00. Na adoracj\u0119 zaprasza Wsp\u00f3lnota dla Intronizacji Naj\u015bwi\u0119tszego Serca Pana Jezusa<\/p>\n<p>3.W poniedzia\u0142ek zapraszamy na kolejne nabo\u017ce\u0144stwo do \u015bw. Rity, Patronki spraw trudnych i beznadziejnych. Podczas Mszy \u015bwi\u0119tej o godzinie 19.00, zostan\u0105 po\u015bwi\u0119cone r\u00f3\u017ce, kt\u00f3re b\u0119dzie mo\u017cna zakupi\u0107 przed Eucharysti\u0105, a specjalne modlitwy do \u015bw. Rity b\u0119dziemy zanosi\u0107 po Mszy \u015bwi\u0119tej. R\u00f3wnie\u017c wtedy b\u0119dziemy omadla\u0107 intencje, kt\u00f3re z\u0142o\u017cymy pod o\u0142tarzem przed Msz\u0105 \u015bwi\u0119t\u0105.<\/p>\n<p>4.Od \u015brody, 24 wrze\u015bnia, Akademia Rozwoju Kobiety i Rodziny Legionowo, rusza z kursem dla kobiet wg my\u015bli b\u0142. Marceliny Darowskiej. Kurs przygotowa\u0142y siostry Niepokalanki. B\u0142. Marcelina uwa\u017ca\u0142a, \u017ce <em>Polska odrodzi si\u0119, kiedy rodzina stanie na Bogu, \u017ce spo\u0142ecze\u0144stwo najwi\u0119cej zawdzi\u0119cza geniuszowi kobiety, (\u2026), kt\u00f3ry bardzo cz\u0119sto urzeczywistnia si\u0119 bez rozg\u0142osu, w codziennych relacjach mi\u0119dzyosobowych, a szczeg\u00f3lnie w \u017cyciu rodzinnym<\/em>, <em>kobieta, matka nowego pokolenia \u2013 matk\u0105 jest przysz\u0142o\u015bci<\/em>, st\u0105d poprzez odrodzenie kobiety, nast\u0105pi odrodzenie rodziny, a przez rodzin\u0119 \u2013 odrodzenie narodu i \u015bwiata kieruj\u0105c si\u0119 zasadami: 1.B\u00f3g we wszystkim; 2.B\u00f3g nas stworzy\u0142 Polakami; 3.Wierno\u015b\u0107 obowi\u0105zkom stanu, miejsca swego; 4.Nauczy\u0107 dzieci my\u015ble\u0107. Spotkania b\u0119d\u0105 si\u0119 odbywa\u0142y raz w miesi\u0105cu, w sumie 8 spotka\u0144, w kawiarence parafialnej. Zapraszamy na pierwsze spotkanie w \u015brod\u0119, w godzinach 18.00 \u2013 20.00.<\/p>\n<p>5.W czwartek, w godzinach 17-18, w budynku Centrum Wsparcia Fizycznego b\u0119dzie mo\u017cna skorzysta\u0107 z bezp\u0142atnych konsultacji logopedy szkolnego.<\/p>\n<p>6.R\u00f3wnie\u017c czwartek zapraszamy m\u0142odzie\u017c przygotowuj\u0105c\u0105 si\u0119 do sakramentu bierzmowania na drugi z trzech egzamin\u00f3w przed przyst\u0105pieniem do tego sakramentu. Grup\u0119 I na godzin\u0119 19.45, grup\u0119 II na godzin\u0119 20.45, podzia\u0142 grup wed\u0142ug ustale\u0144 podanych na spotkaniu. Obecno\u015b\u0107 obowi\u0105zkowa.<\/p>\n<p>7.W pi\u0105tek o godzinie 19.00 zostanie odprawiona Msza \u015bwi\u0119ta wypominkowa za naszych bliskich zmar\u0142ych.<\/p>\n<p>8.W sobot\u0119, o godzinie 6.00, wyje\u017cd\u017ca doroczna pielgrzymka do Cz\u0119stochowy. Osoby, kt\u00f3re si\u0119 zapisa\u0142y proszone s\u0105 do wtorku w\u0142\u0105cznie o op\u0142acenie wyjazdu. Nie op\u0142acenie jest r\u00f3wnoznaczne z rezygnacj\u0105. Powr\u00f3t z pielgrzymki po godzinie 20.00.<\/p>\n<p>9.W przysz\u0142\u0105 niedziel\u0119 odb\u0119d\u0105 si\u0119 nast\u0119puj\u0105ce spotkania:<\/p>\n<p>+ o 10.25 \u2013 katecheza dla dzieci klas III SP przed I Komuni\u0105 \u015bwi\u0119t\u0105<\/p>\n<p>+ o 16.00 \u2013 spotkanie na rozpocz\u0119cie roku formacyjnego dla wsp\u00f3lnot parafialnych w kawiarence<\/p>\n<p>+ o 16.15 \u2013 dla m\u0142odzie\u017cy klas VIII, kt\u00f3ra rozpoczyna swoje przygotowanie do sakramentu bierzmowania, salka pod zakrysti\u0105.<\/p>\n<p>10.Tak\u017ce w niedziel\u0119, z racji 28 dnia miesi\u0105ca, o godzinie 18.45, czyli 15 minut przed Msz\u0105 \u015bwi\u0119t\u0105 o godzinie 19.00, kolejne nabo\u017ce\u0144stwo do b\u0142. kard. Stefana Wyszy\u0144skiego patrona naszego miasta.<\/p>\n<p>11.W \u015brod\u0119, w godzinach 10-14, na naszym terenie, odb\u0119dzie si\u0119 V Mazowiecka Spartakiada dla os\u00f3b z niepe\u0142nosprawno\u015bciami. B\u0119dzie ponad 150 os\u00f3b niepe\u0142nosprawnych z wojew\u00f3dztwa mazowieckiego i nie tylko, bo nawet i z Olsztyna. Serdecznie zapraszamy do dopingowania naszych sportowc\u00f3w.<\/p>\n<p>12.W dniu wczorajszym, grupa 48 pielgrzym\u00f3w wr\u00f3ci\u0142a z 7-dniowej pielgrzymki do Francji. Dzi\u0119kujemy im za ich chrze\u015bcija\u0144sk\u0105 postaw\u0119, za rozmodlenie, \u015bwiadectwo \u017cycia wiar\u0105. Dzi\u0119kujemy r\u00f3wnie\u017c za ofiar\u0119, w kwocie 950 z\u0142, przeznaczon\u0105 na potrzeby parafii.<\/p>\n<p>13.W przysz\u0142\u0105 niedziel\u0119, ofiary sk\u0142adane na tac\u0119 b\u0119d\u0105 przeznaczone na nasze diecezjalne seminarium duchowne.<\/p>\n<p>14.Kalendarz liturgiczny na ten tydzie\u0144: we wtorek \u2013 wspomnienie \u015bw. Pio z Pietrelciny, prezbitera; w sobot\u0119 \u2013 wspomnienie \u015bw. Wincentego a Paulo, prezbitera.<\/p>\n<\/div>\n","protected":false},"excerpt":{"rendered":"<p>1.W dniu dzisiejszym, o godzinie 10.25, odb\u0119dzie si\u0119 katecheza dla dzieci klas IV SP przed uroczysto\u015bci\u0105 rocznicy Komunii \u015bwi\u0119tej. 2.R\u00f3wnie\u017c dzisiaj, po Mszy \u015bwi\u0119tej o godzinie 19.00, zapraszamy na ca\u0142odobow\u0105 adoracj\u0119 Naj\u015bwi\u0119tszego Sakramentu. Zako\u0144czenie adoracji w poniedzia\u0142ek na Mszy \u015bwi\u0119tej o godzinie 18.00. Na adoracj\u0119 zaprasza Wsp\u00f3lnota dla Intronizacji Naj\u015bwi\u0119tszego Serca Pana Jezusa 3.W poniedzia\u0142ek [&hellip;]<\/p>\n","protected":false},"author":1,"featured_media":30657,"comment_status":"closed","ping_status":"closed","sticky":false,"template":"","format":"standard","meta":{"footnotes":""},"categories":[2,14],"tags":[],"class_list":["post-30235","post","type-post","status-publish","format-standard","has-post-thumbnail","hentry","category-aktualnosci","category-ogloszenia-parafialne"],"_links":{"self":[{"href":"https:\/\/mbfatimska.ovh\/index.php\/wp-json\/wp\/v2\/posts\/30235","targetHints":{"allow":["GET"]}}],"collection":[{"href":"https:\/\/mbfatimska.ovh\/index.php\/wp-json\/wp\/v2\/posts"}],"about":[{"href":"https:\/\/mbfatimska.ovh\/index.php\/wp-json\/wp\/v2\/types\/post"}],"author":[{"embeddable":true,"href":"https:\/\/mbfatimska.ovh\/index.php\/wp-json\/wp\/v2\/users\/1"}],"replies":[{"embeddable":true,"href":"https:\/\/mbfatimska.ovh\/index.php\/wp-json\/wp\/v2\/comments?post=30235"}],"version-history":[{"count":1,"href":"https:\/\/mbfatimska.ovh\/index.php\/wp-json\/wp\/v2\/posts\/30235\/revisions"}],"predecessor-version":[{"id":40154,"href":"https:\/\/mbfatimska.ovh\/index.php\/wp-json\/wp\/v2\/posts\/30235\/revisions\/40154"}],"wp:featuredmedia":[{"embeddable":true,"href":"https:\/\/mbfatimska.ovh\/index.php\/wp-json\/wp\/v2\/media\/30657"}],"wp:attachment":[{"href":"https:\/\/mbfatimska.ovh\/index.php\/wp-json\/wp\/v2\/media?parent=30235"}],"wp:term":[{"taxonomy":"category","embeddable":true,"href":"https:\/\/mbfatimska.ovh\/index.php\/wp-json\/wp\/v2\/categories?post=30235"},{"taxonomy":"post_tag","embeddable":true,"href":"https:\/\/mbfatimska.ovh\/index.php\/wp-json\/wp\/v2\/tags?post=30235"}],"curies":[{"name":"wp","href":"https:\/\/api.w.org\/{rel}","templated":true}]}}