{"id":30266,"date":"2025-09-26T21:57:24","date_gmt":"2025-09-26T19:57:24","guid":{"rendered":"https:\/\/www.mbfatimska.pl\/?p=30266"},"modified":"2025-09-26T21:57:24","modified_gmt":"2025-09-26T19:57:24","slug":"xxvi-niedziela-zwykla-4","status":"publish","type":"post","link":"https:\/\/mbfatimska.ovh\/index.php\/2025\/09\/26\/xxvi-niedziela-zwykla-4\/","title":{"rendered":"XXVI Niedziela Zwyk\u0142a"},"content":{"rendered":"<p>1.W dniu wczorajszym, grupa 50 os\u00f3b, uczestniczy\u0142a w autokarowej pielgrzymce na Jasn\u0105 G\u00f3r\u0119. Dzi\u0119kujemy pielgrzymom za ich rozmodlenie i godn\u0105, chrze\u015bcija\u0144sk\u0105 postaw\u0119.<\/p>\n<p>2.W dniu dzisiejszym odb\u0119d\u0105 si\u0119 nast\u0119puj\u0105ce spotkania:<\/p>\n<p>+ o 10.25 \u2013 katecheza dla dzieci klas III SP przed uroczysto\u015bci\u0105 I Komunii \u015bwi\u0119tej<\/p>\n<p>+ o 16.00 \u2013 dla wszystkich grup parafialnych na rozpocz\u0119cie nowego roku formacyjnego<\/p>\n<p>+ o 16.15 \u2013 dla m\u0142odzie\u017cy klas VIII rozpoczynaj\u0105cej przygotowanie do sakramentu bierzmowania<\/p>\n<p>3.R\u00f3wnie\u017c dzisiaj, z racji 28 dnia miesi\u0105ca, zapraszamy na nabo\u017ce\u0144stwo do b\u0142. kard. Stefana Wyszy\u0144skiego. Nasze modlitwy do patrona naszego miasta rozpoczynamy o godzinie 18.45.<\/p>\n<p>4.Przypominamy, \u017ce od 1 pa\u017adziernika przechodzimy na jesienno-zimowy cykl odprawiania Mszy \u015bwi\u0119tych. Od \u015brody zapraszamy na Msze \u015bwi\u0119te o godzinie 17.00 i 18.00 w dni powszednie, a w niedziele, do po\u0142udnia bez zmian, a po po\u0142udniu o godzinie 18.00.<\/p>\n<p>5.Kancelaria parafialna w miesi\u0105cu pa\u017adzierniku b\u0119dzie czynna od poniedzia\u0142ku do \u015brody, w godzinach 18.45 \u2013 19.30 i w soboty w godzinach 9.00 \u2013 10.00.<\/p>\n<p>6.W miesi\u0105cu pa\u017adzierniku zapraszamy na nabo\u017ce\u0144stwa r\u00f3\u017ca\u0144cowe \u2013 dzieci w poniedzia\u0142ek, \u015brod\u0119 i pi\u0105tek na godzin\u0119 16.30, a doros\u0142ych od poniedzia\u0142ku do soboty na godzin\u0119 18.30, a w niedziele ona godzin\u0119 17.15.<\/p>\n<p>7.W tym tygodniu przypada:<\/p>\n<p>+ I czwartek miesi\u0105ca \u2013 po nabo\u017ce\u0144stwie r\u00f3\u017ca\u0144cowym mo\u017cliwo\u015b\u0107 adoracji Naj\u015bwi\u0119tszego Sakramentu do godziny 21.00;<\/p>\n<p>+ I pi\u0105tek miesi\u0105ca \u2013 spowied\u017a od 16.30 do 18.30;<\/p>\n<p>+ I sobota miesi\u0105ca \u2013 nabo\u017ce\u0144stwo wynagradzaj\u0105ce Niepokalanemu Sercu Naj\u015bwi\u0119tszej Maryi Panny na nabo\u017ce\u0144stwie r\u00f3\u017ca\u0144cowym i trwa\u0107 b\u0119dzie do godziny 20.00;<\/p>\n<p>+ I niedziela miesi\u0105ca \u2013 po Mszy \u015bwi\u0119tej o godzinie 12.30, ostatnia w tym roku procesja eucharystyczna i wystawienie Naj\u015bwi\u0119tszego Sakramentu do godziny 17.15.<\/p>\n<p>8.W przysz\u0142\u0105 niedziel\u0119, na Mszy \u015bwi\u0119tej o godzinie 12.30, zaprezentuje si\u0119 po przerwie, nasza schola gregoria\u0144ska, zapewniaj\u0105c opraw\u0119 muzyczn\u0105. Serdecznie zapraszamy na pr\u00f3by scholi w ka\u017cdy wtorek na godzin\u0119 19.00.<\/p>\n<p>9.W pi\u0105tek, o godzinie 19.00, w kawiarence, katecheza przedchrzcielna. Bior\u0105 w niej udzia\u0142 rodzice dzieci, kt\u00f3re b\u0119d\u0105 chrzczone w naszej parafii, b\u0105d\u017a b\u0119dzie brana zgoda na chrzest do innej parafii i kandydaci na rodzic\u00f3w chrzestnych mieszkaj\u0105cych w naszej parafii.<\/p>\n<p>10.Od przysz\u0142ej niedzieli rusza nowa edycja kursu przedma\u0142\u017ce\u0144skiego. Zapraszamy m\u0142odych ludzi, kt\u00f3rzy my\u015bl\u0105 o ma\u0142\u017ce\u0144stwie na godzin\u0119 19.00 do kawiarenki na katechezy przygotowuj\u0105ce ich do tego wydarzenia.<\/p>\n<p>11.Szko\u0142a salezja\u0144ska w Legionowie czyni starania, aby sta\u0107 si\u0119 szko\u0142\u0105 publiczn\u0105 (bez czesnego). W zwi\u0105zku z tym, w najbli\u017csz\u0105 niedziel\u0119, zbierane b\u0119d\u0105 podpisy mieszka\u0144c\u00f3w Legionowa na li\u015bcie poparcia dla publicznej salezja\u0144skiej szko\u0142y podstawowej i publicznego liceum og\u00f3lnokszta\u0142c\u0105cego. Aby poparcie by\u0142o skuteczne, nale\u017cy w danych wpisa\u0107 sw\u00f3j PESEL. Zach\u0119camy do wsparcia tego przedsi\u0119wzi\u0119cia, by szko\u0142a by\u0142a bardziej dost\u0119pna dla m\u0142odych mieszka\u0144c\u00f3w naszego miasta.<\/p>\n<p>12.Kalendarz liturgiczny na ten tydzie\u0144: w poniedzia\u0142ek \u2013 \u015bwi\u0119to, rocznica po\u015bwi\u0119cenia Bazyliki Katedralnej w Warszawie-Pradze; we wtorek \u2013 wspomnienie \u015bw. Hieronima, prezbitera i doktora Ko\u015bcio\u0142a; w \u015brod\u0119 \u2013 wspomnienie \u015bw. Teresy od Dzieci\u0105tka Jezus, dziewicy i doktora Ko\u015bcio\u0142a; w czwartek \u2013 wspomnienie \u015bwi\u0119tych Anio\u0142\u00f3w Str\u00f3\u017c\u00f3w; w pi\u0105tek \u2013 \u015bwi\u0119to \u015bwi\u0119tych Archanio\u0142\u00f3w Micha\u0142a, Gabriela i Rafa\u0142a; w sobot\u0119 \u2013 wspomnienie \u015bw. Franciszka z Asy\u017cu.<\/p>\n<p>13.W najbli\u017cszym tygodniu, w naszej parafii, rozpoczn\u0105 si\u0119 Rekolekcje Ewangelizacyjne Odnowy w Duchu \u015awi\u0119tym, kt\u00f3re organizuje wsp\u00f3lnota Odnowy \u201eDzieci Maryi\u201d. Katechezy, podczas spotka\u0144, b\u0119dzie g\u0142osi\u0142 ks. Maciej Mi\u0119tek, kanclerz naszej Kurii diecezjalnej. Has\u0142em b\u0119d\u0105 s\u0142owa Pana Jezusa: <em>Odwagi! Ja jestem, nie b\u00f3jcie si\u0119!<\/em> Pierwsze spotkanie odb\u0119dzie si\u0119 w \u015brod\u0119, 1 pa\u017adziernika 2025 roku, o godzinie 19.15 \u2013 po Mszy \u015bwi\u0119tej i nabo\u017ce\u0144stwie r\u00f3\u017ca\u0144cowym. Zapraszamy wszystkich, kt\u00f3rzy pragn\u0105 pog\u0142\u0119bi\u0107 lub odnowi\u0107 swoj\u0105 wiar\u0119.<\/p>\n","protected":false},"excerpt":{"rendered":"<p>1.W dniu wczorajszym, grupa 50 os\u00f3b, uczestniczy\u0142a w autokarowej pielgrzymce na Jasn\u0105 G\u00f3r\u0119. Dzi\u0119kujemy pielgrzymom za ich rozmodlenie i godn\u0105, chrze\u015bcija\u0144sk\u0105 postaw\u0119. 2.W dniu dzisiejszym odb\u0119d\u0105 si\u0119 nast\u0119puj\u0105ce spotkania: + o 10.25 \u2013 katecheza dla dzieci klas III SP przed uroczysto\u015bci\u0105 I Komunii \u015bwi\u0119tej + o 16.00 \u2013 dla wszystkich grup parafialnych na rozpocz\u0119cie nowego [&hellip;]<\/p>\n","protected":false},"author":1,"featured_media":30657,"comment_status":"closed","ping_status":"closed","sticky":false,"template":"","format":"standard","meta":{"footnotes":""},"categories":[2,14],"tags":[],"class_list":["post-30266","post","type-post","status-publish","format-standard","has-post-thumbnail","hentry","category-aktualnosci","category-ogloszenia-parafialne"],"_links":{"self":[{"href":"https:\/\/mbfatimska.ovh\/index.php\/wp-json\/wp\/v2\/posts\/30266","targetHints":{"allow":["GET"]}}],"collection":[{"href":"https:\/\/mbfatimska.ovh\/index.php\/wp-json\/wp\/v2\/posts"}],"about":[{"href":"https:\/\/mbfatimska.ovh\/index.php\/wp-json\/wp\/v2\/types\/post"}],"author":[{"embeddable":true,"href":"https:\/\/mbfatimska.ovh\/index.php\/wp-json\/wp\/v2\/users\/1"}],"replies":[{"embeddable":true,"href":"https:\/\/mbfatimska.ovh\/index.php\/wp-json\/wp\/v2\/comments?post=30266"}],"version-history":[{"count":0,"href":"https:\/\/mbfatimska.ovh\/index.php\/wp-json\/wp\/v2\/posts\/30266\/revisions"}],"wp:featuredmedia":[{"embeddable":true,"href":"https:\/\/mbfatimska.ovh\/index.php\/wp-json\/wp\/v2\/media\/30657"}],"wp:attachment":[{"href":"https:\/\/mbfatimska.ovh\/index.php\/wp-json\/wp\/v2\/media?parent=30266"}],"wp:term":[{"taxonomy":"category","embeddable":true,"href":"https:\/\/mbfatimska.ovh\/index.php\/wp-json\/wp\/v2\/categories?post=30266"},{"taxonomy":"post_tag","embeddable":true,"href":"https:\/\/mbfatimska.ovh\/index.php\/wp-json\/wp\/v2\/tags?post=30266"}],"curies":[{"name":"wp","href":"https:\/\/api.w.org\/{rel}","templated":true}]}}