{"id":30327,"date":"2025-09-29T13:58:07","date_gmt":"2025-09-29T11:58:07","guid":{"rendered":"https:\/\/www.mbfatimska.pl\/?p=30327"},"modified":"2025-09-29T13:58:07","modified_gmt":"2025-09-29T11:58:07","slug":"pielgrzymka-na-jasna-gore-2","status":"publish","type":"post","link":"https:\/\/mbfatimska.ovh\/index.php\/2025\/09\/29\/pielgrzymka-na-jasna-gore-2\/","title":{"rendered":"Pielgrzymka na Jasn\u0105 G\u00f3r\u0119"},"content":{"rendered":"<p>Ka\u017cdego roku, z naszej wsp\u00f3lnoty parafialnej, we wrze\u015bniu, wyrusza na Jasn\u0105 G\u00f3r\u0119, pielgrzymka autokarowa. Chcemy do Pani Cz\u0119stochowskiej zawie\u017a\u0107 nasze intencje, pro\u015bby i dzi\u0119kczynienia. W tym roku, 27 wrze\u015bnia, grupa 50 os\u00f3b, wraz z ksi\u0119dzem Miko\u0142ajem, nawiedzi\u0142a tron Kr\u00f3lowej Polski. Uczestniczyli\u015bmy we Mszy \u015bwi\u0119tej w Kaplicy Cudownego Obrazu, przeszli\u015bmy Drog\u0119 Krzy\u017cow\u0105 na Wa\u0142ach Jasnog\u00f3rskich rozwa\u017caj\u0105c tajemnic\u0119 m\u0119ki Jezusa Chrystusa, oraz w czasie wolnym mieli\u015bmy czas na indywidualne sp\u0119dzenie czasu w Cz\u0119stochowie. Nawiedzili\u015bmy r\u00f3wnie\u017c Sanktuarium Krwi Chrystusa, gdzie ojcowie opowiedzieli nam o znajduj\u0105cych si\u0119 tam relikwiach Krwi Chrystusa. Po modlitwie Koronk\u0105 do Bo\u017cego Mi\u0142osierdzia i indywidualnej modlitwie przed relikwiami, ka\u017cdy mia\u0142 mo\u017cliwo\u015b\u0107 otrzymania specjalnego b\u0142ogos\u0142awie\u0144stwa. Wszystkim pielgrzymom, oraz Panu Henrykowi, naszemu kierowcy, dzi\u0119kujemy za ten niezwyk\u0142y czas pielgrzymowania, oraz przyk\u0142ad pi\u0119knej chrze\u015bcija\u0144skiej postawy oraz modlitwy.<\/p>\n<div id='gallery-1' class='gallery galleryid-30327 gallery-columns-3 gallery-size-medium'><figure class='gallery-item'>\n\t\t\t<div class='gallery-icon landscape'>\n\t\t\t\t<a href='https:\/\/mbfatimska.ovh\/index.php\/2025\/09\/29\/pielgrzymka-na-jasna-gore-2\/zdjecie-whatsapp-2025-09-27-o-16-25-48_b2f92416\/'><img fetchpriority=\"high\" decoding=\"async\" width=\"300\" height=\"225\" src=\"https:\/\/mbfatimska.ovh\/wp-content\/uploads\/2025\/09\/Zdjecie-WhatsApp-2025-09-27-o-16.25.48_b2f92416-300x225.jpg\" class=\"attachment-medium size-medium\" alt=\"\" srcset=\"https:\/\/mbfatimska.ovh\/wp-content\/uploads\/2025\/09\/Zdjecie-WhatsApp-2025-09-27-o-16.25.48_b2f92416-300x225.jpg 300w, https:\/\/mbfatimska.ovh\/wp-content\/uploads\/2025\/09\/Zdjecie-WhatsApp-2025-09-27-o-16.25.48_b2f92416-1024x768.jpg 1024w, https:\/\/mbfatimska.ovh\/wp-content\/uploads\/2025\/09\/Zdjecie-WhatsApp-2025-09-27-o-16.25.48_b2f92416-768x576.jpg 768w, https:\/\/mbfatimska.ovh\/wp-content\/uploads\/2025\/09\/Zdjecie-WhatsApp-2025-09-27-o-16.25.48_b2f92416-1536x1152.jpg 1536w, https:\/\/mbfatimska.ovh\/wp-content\/uploads\/2025\/09\/Zdjecie-WhatsApp-2025-09-27-o-16.25.48_b2f92416.jpg 1600w\" sizes=\"(max-width: 300px) 100vw, 300px\" \/><\/a>\n\t\t\t<\/div><\/figure><figure class='gallery-item'>\n\t\t\t<div class='gallery-icon landscape'>\n\t\t\t\t<a href='https:\/\/mbfatimska.ovh\/index.php\/2025\/09\/29\/pielgrzymka-na-jasna-gore-2\/zdjecie-whatsapp-2025-09-27-o-16-25-48_f5c6f201\/'><img decoding=\"async\" width=\"300\" height=\"225\" src=\"https:\/\/mbfatimska.ovh\/wp-content\/uploads\/2025\/09\/Zdjecie-WhatsApp-2025-09-27-o-16.25.48_f5c6f201-300x225.jpg\" class=\"attachment-medium size-medium\" alt=\"\" srcset=\"https:\/\/mbfatimska.ovh\/wp-content\/uploads\/2025\/09\/Zdjecie-WhatsApp-2025-09-27-o-16.25.48_f5c6f201-300x225.jpg 300w, https:\/\/mbfatimska.ovh\/wp-content\/uploads\/2025\/09\/Zdjecie-WhatsApp-2025-09-27-o-16.25.48_f5c6f201-1024x768.jpg 1024w, https:\/\/mbfatimska.ovh\/wp-content\/uploads\/2025\/09\/Zdjecie-WhatsApp-2025-09-27-o-16.25.48_f5c6f201-768x576.jpg 768w, https:\/\/mbfatimska.ovh\/wp-content\/uploads\/2025\/09\/Zdjecie-WhatsApp-2025-09-27-o-16.25.48_f5c6f201-1536x1152.jpg 1536w, https:\/\/mbfatimska.ovh\/wp-content\/uploads\/2025\/09\/Zdjecie-WhatsApp-2025-09-27-o-16.25.48_f5c6f201.jpg 1600w\" sizes=\"(max-width: 300px) 100vw, 300px\" \/><\/a>\n\t\t\t<\/div><\/figure><figure class='gallery-item'>\n\t\t\t<div class='gallery-icon portrait'>\n\t\t\t\t<a href='https:\/\/mbfatimska.ovh\/index.php\/2025\/09\/29\/pielgrzymka-na-jasna-gore-2\/zdjecie-whatsapp-2025-09-29-o-13-45-16_86f881a2\/'><img decoding=\"async\" width=\"225\" height=\"300\" src=\"https:\/\/mbfatimska.ovh\/wp-content\/uploads\/2025\/09\/Zdjecie-WhatsApp-2025-09-29-o-13.45.16_86f881a2-225x300.jpg\" class=\"attachment-medium size-medium\" alt=\"\" srcset=\"https:\/\/mbfatimska.ovh\/wp-content\/uploads\/2025\/09\/Zdjecie-WhatsApp-2025-09-29-o-13.45.16_86f881a2-225x300.jpg 225w, https:\/\/mbfatimska.ovh\/wp-content\/uploads\/2025\/09\/Zdjecie-WhatsApp-2025-09-29-o-13.45.16_86f881a2.jpg 512w\" sizes=\"(max-width: 225px) 100vw, 225px\" \/><\/a>\n\t\t\t<\/div><\/figure><figure class='gallery-item'>\n\t\t\t<div class='gallery-icon portrait'>\n\t\t\t\t<a href='https:\/\/mbfatimska.ovh\/index.php\/2025\/09\/29\/pielgrzymka-na-jasna-gore-2\/zdjecie-whatsapp-2025-09-29-o-13-45-16_1b303c23\/'><img loading=\"lazy\" decoding=\"async\" width=\"225\" height=\"300\" src=\"https:\/\/mbfatimska.ovh\/wp-content\/uploads\/2025\/09\/Zdjecie-WhatsApp-2025-09-29-o-13.45.16_1b303c23-225x300.jpg\" class=\"attachment-medium size-medium\" alt=\"\" srcset=\"https:\/\/mbfatimska.ovh\/wp-content\/uploads\/2025\/09\/Zdjecie-WhatsApp-2025-09-29-o-13.45.16_1b303c23-225x300.jpg 225w, https:\/\/mbfatimska.ovh\/wp-content\/uploads\/2025\/09\/Zdjecie-WhatsApp-2025-09-29-o-13.45.16_1b303c23.jpg 512w\" sizes=\"(max-width: 225px) 100vw, 225px\" \/><\/a>\n\t\t\t<\/div><\/figure><figure class='gallery-item'>\n\t\t\t<div class='gallery-icon portrait'>\n\t\t\t\t<a href='https:\/\/mbfatimska.ovh\/index.php\/2025\/09\/29\/pielgrzymka-na-jasna-gore-2\/zdjecie-whatsapp-2025-09-29-o-13-45-16_3e6db430\/'><img loading=\"lazy\" decoding=\"async\" width=\"225\" height=\"300\" src=\"https:\/\/mbfatimska.ovh\/wp-content\/uploads\/2025\/09\/Zdjecie-WhatsApp-2025-09-29-o-13.45.16_3e6db430-225x300.jpg\" class=\"attachment-medium size-medium\" alt=\"\" srcset=\"https:\/\/mbfatimska.ovh\/wp-content\/uploads\/2025\/09\/Zdjecie-WhatsApp-2025-09-29-o-13.45.16_3e6db430-225x300.jpg 225w, https:\/\/mbfatimska.ovh\/wp-content\/uploads\/2025\/09\/Zdjecie-WhatsApp-2025-09-29-o-13.45.16_3e6db430.jpg 512w\" sizes=\"(max-width: 225px) 100vw, 225px\" \/><\/a>\n\t\t\t<\/div><\/figure><figure class='gallery-item'>\n\t\t\t<div class='gallery-icon landscape'>\n\t\t\t\t<a href='https:\/\/mbfatimska.ovh\/index.php\/2025\/09\/29\/pielgrzymka-na-jasna-gore-2\/zdjecie-whatsapp-2025-09-29-o-13-45-16_0560d431\/'><img loading=\"lazy\" decoding=\"async\" width=\"300\" height=\"225\" src=\"https:\/\/mbfatimska.ovh\/wp-content\/uploads\/2025\/09\/Zdjecie-WhatsApp-2025-09-29-o-13.45.16_0560d431-300x225.jpg\" class=\"attachment-medium size-medium\" alt=\"\" srcset=\"https:\/\/mbfatimska.ovh\/wp-content\/uploads\/2025\/09\/Zdjecie-WhatsApp-2025-09-29-o-13.45.16_0560d431-300x225.jpg 300w, https:\/\/mbfatimska.ovh\/wp-content\/uploads\/2025\/09\/Zdjecie-WhatsApp-2025-09-29-o-13.45.16_0560d431.jpg 682w\" sizes=\"(max-width: 300px) 100vw, 300px\" \/><\/a>\n\t\t\t<\/div><\/figure><figure class='gallery-item'>\n\t\t\t<div class='gallery-icon landscape'>\n\t\t\t\t<a href='https:\/\/mbfatimska.ovh\/index.php\/2025\/09\/29\/pielgrzymka-na-jasna-gore-2\/zdjecie-whatsapp-2025-09-27-o-16-25-48_716dda99\/'><img loading=\"lazy\" decoding=\"async\" width=\"300\" height=\"225\" src=\"https:\/\/mbfatimska.ovh\/wp-content\/uploads\/2025\/09\/Zdjecie-WhatsApp-2025-09-27-o-16.25.48_716dda99-300x225.jpg\" class=\"attachment-medium size-medium\" alt=\"\" srcset=\"https:\/\/mbfatimska.ovh\/wp-content\/uploads\/2025\/09\/Zdjecie-WhatsApp-2025-09-27-o-16.25.48_716dda99-300x225.jpg 300w, https:\/\/mbfatimska.ovh\/wp-content\/uploads\/2025\/09\/Zdjecie-WhatsApp-2025-09-27-o-16.25.48_716dda99-1024x768.jpg 1024w, https:\/\/mbfatimska.ovh\/wp-content\/uploads\/2025\/09\/Zdjecie-WhatsApp-2025-09-27-o-16.25.48_716dda99-768x576.jpg 768w, https:\/\/mbfatimska.ovh\/wp-content\/uploads\/2025\/09\/Zdjecie-WhatsApp-2025-09-27-o-16.25.48_716dda99-1536x1152.jpg 1536w, https:\/\/mbfatimska.ovh\/wp-content\/uploads\/2025\/09\/Zdjecie-WhatsApp-2025-09-27-o-16.25.48_716dda99.jpg 1600w\" sizes=\"(max-width: 300px) 100vw, 300px\" \/><\/a>\n\t\t\t<\/div><\/figure><figure class='gallery-item'>\n\t\t\t<div class='gallery-icon landscape'>\n\t\t\t\t<a href='https:\/\/mbfatimska.ovh\/index.php\/2025\/09\/29\/pielgrzymka-na-jasna-gore-2\/zdjecie-whatsapp-2025-09-27-o-16-25-48_878d9e32\/'><img loading=\"lazy\" decoding=\"async\" width=\"300\" height=\"225\" src=\"https:\/\/mbfatimska.ovh\/wp-content\/uploads\/2025\/09\/Zdjecie-WhatsApp-2025-09-27-o-16.25.48_878d9e32-300x225.jpg\" class=\"attachment-medium size-medium\" alt=\"\" srcset=\"https:\/\/mbfatimska.ovh\/wp-content\/uploads\/2025\/09\/Zdjecie-WhatsApp-2025-09-27-o-16.25.48_878d9e32-300x225.jpg 300w, https:\/\/mbfatimska.ovh\/wp-content\/uploads\/2025\/09\/Zdjecie-WhatsApp-2025-09-27-o-16.25.48_878d9e32-1024x768.jpg 1024w, https:\/\/mbfatimska.ovh\/wp-content\/uploads\/2025\/09\/Zdjecie-WhatsApp-2025-09-27-o-16.25.48_878d9e32-768x576.jpg 768w, https:\/\/mbfatimska.ovh\/wp-content\/uploads\/2025\/09\/Zdjecie-WhatsApp-2025-09-27-o-16.25.48_878d9e32-1536x1152.jpg 1536w, https:\/\/mbfatimska.ovh\/wp-content\/uploads\/2025\/09\/Zdjecie-WhatsApp-2025-09-27-o-16.25.48_878d9e32.jpg 1600w\" sizes=\"(max-width: 300px) 100vw, 300px\" \/><\/a>\n\t\t\t<\/div><\/figure><figure class='gallery-item'>\n\t\t\t<div class='gallery-icon landscape'>\n\t\t\t\t<a href='https:\/\/mbfatimska.ovh\/index.php\/2025\/09\/29\/pielgrzymka-na-jasna-gore-2\/zdjecie-whatsapp-2025-09-27-o-16-25-47_068fd169\/'><img loading=\"lazy\" decoding=\"async\" width=\"300\" height=\"225\" src=\"https:\/\/mbfatimska.ovh\/wp-content\/uploads\/2025\/09\/Zdjecie-WhatsApp-2025-09-27-o-16.25.47_068fd169-300x225.jpg\" class=\"attachment-medium size-medium\" alt=\"\" srcset=\"https:\/\/mbfatimska.ovh\/wp-content\/uploads\/2025\/09\/Zdjecie-WhatsApp-2025-09-27-o-16.25.47_068fd169-300x225.jpg 300w, https:\/\/mbfatimska.ovh\/wp-content\/uploads\/2025\/09\/Zdjecie-WhatsApp-2025-09-27-o-16.25.47_068fd169-1024x768.jpg 1024w, https:\/\/mbfatimska.ovh\/wp-content\/uploads\/2025\/09\/Zdjecie-WhatsApp-2025-09-27-o-16.25.47_068fd169-768x576.jpg 768w, https:\/\/mbfatimska.ovh\/wp-content\/uploads\/2025\/09\/Zdjecie-WhatsApp-2025-09-27-o-16.25.47_068fd169-1536x1152.jpg 1536w, https:\/\/mbfatimska.ovh\/wp-content\/uploads\/2025\/09\/Zdjecie-WhatsApp-2025-09-27-o-16.25.47_068fd169.jpg 1600w\" sizes=\"(max-width: 300px) 100vw, 300px\" \/><\/a>\n\t\t\t<\/div><\/figure><figure class='gallery-item'>\n\t\t\t<div class='gallery-icon landscape'>\n\t\t\t\t<a href='https:\/\/mbfatimska.ovh\/index.php\/2025\/09\/29\/pielgrzymka-na-jasna-gore-2\/zdjecie-whatsapp-2025-09-27-o-16-25-47_4c381f85\/'><img loading=\"lazy\" decoding=\"async\" width=\"300\" height=\"225\" src=\"https:\/\/mbfatimska.ovh\/wp-content\/uploads\/2025\/09\/Zdjecie-WhatsApp-2025-09-27-o-16.25.47_4c381f85-300x225.jpg\" class=\"attachment-medium size-medium\" alt=\"\" srcset=\"https:\/\/mbfatimska.ovh\/wp-content\/uploads\/2025\/09\/Zdjecie-WhatsApp-2025-09-27-o-16.25.47_4c381f85-300x225.jpg 300w, https:\/\/mbfatimska.ovh\/wp-content\/uploads\/2025\/09\/Zdjecie-WhatsApp-2025-09-27-o-16.25.47_4c381f85-1024x768.jpg 1024w, https:\/\/mbfatimska.ovh\/wp-content\/uploads\/2025\/09\/Zdjecie-WhatsApp-2025-09-27-o-16.25.47_4c381f85-768x576.jpg 768w, https:\/\/mbfatimska.ovh\/wp-content\/uploads\/2025\/09\/Zdjecie-WhatsApp-2025-09-27-o-16.25.47_4c381f85-1536x1152.jpg 1536w, https:\/\/mbfatimska.ovh\/wp-content\/uploads\/2025\/09\/Zdjecie-WhatsApp-2025-09-27-o-16.25.47_4c381f85.jpg 1600w\" sizes=\"(max-width: 300px) 100vw, 300px\" \/><\/a>\n\t\t\t<\/div><\/figure><figure class='gallery-item'>\n\t\t\t<div class='gallery-icon landscape'>\n\t\t\t\t<a href='https:\/\/mbfatimska.ovh\/index.php\/2025\/09\/29\/pielgrzymka-na-jasna-gore-2\/zdjecie-whatsapp-2025-09-29-o-13-46-09_dab6c34c\/'><img loading=\"lazy\" decoding=\"async\" width=\"300\" height=\"169\" src=\"https:\/\/mbfatimska.ovh\/wp-content\/uploads\/2025\/09\/Zdjecie-WhatsApp-2025-09-29-o-13.46.09_dab6c34c-300x169.jpg\" class=\"attachment-medium size-medium\" alt=\"\" srcset=\"https:\/\/mbfatimska.ovh\/wp-content\/uploads\/2025\/09\/Zdjecie-WhatsApp-2025-09-29-o-13.46.09_dab6c34c-300x169.jpg 300w, https:\/\/mbfatimska.ovh\/wp-content\/uploads\/2025\/09\/Zdjecie-WhatsApp-2025-09-29-o-13.46.09_dab6c34c-1024x577.jpg 1024w, https:\/\/mbfatimska.ovh\/wp-content\/uploads\/2025\/09\/Zdjecie-WhatsApp-2025-09-29-o-13.46.09_dab6c34c-768x433.jpg 768w, https:\/\/mbfatimska.ovh\/wp-content\/uploads\/2025\/09\/Zdjecie-WhatsApp-2025-09-29-o-13.46.09_dab6c34c-1536x866.jpg 1536w, https:\/\/mbfatimska.ovh\/wp-content\/uploads\/2025\/09\/Zdjecie-WhatsApp-2025-09-29-o-13.46.09_dab6c34c.jpg 1600w\" sizes=\"(max-width: 300px) 100vw, 300px\" \/><\/a>\n\t\t\t<\/div><\/figure><figure class='gallery-item'>\n\t\t\t<div class='gallery-icon landscape'>\n\t\t\t\t<a href='https:\/\/mbfatimska.ovh\/index.php\/2025\/09\/29\/pielgrzymka-na-jasna-gore-2\/zdjecie-whatsapp-2025-09-29-o-13-46-09_7718b13a\/'><img loading=\"lazy\" decoding=\"async\" width=\"300\" height=\"169\" src=\"https:\/\/mbfatimska.ovh\/wp-content\/uploads\/2025\/09\/Zdjecie-WhatsApp-2025-09-29-o-13.46.09_7718b13a-300x169.jpg\" class=\"attachment-medium size-medium\" alt=\"\" srcset=\"https:\/\/mbfatimska.ovh\/wp-content\/uploads\/2025\/09\/Zdjecie-WhatsApp-2025-09-29-o-13.46.09_7718b13a-300x169.jpg 300w, https:\/\/mbfatimska.ovh\/wp-content\/uploads\/2025\/09\/Zdjecie-WhatsApp-2025-09-29-o-13.46.09_7718b13a-1024x577.jpg 1024w, https:\/\/mbfatimska.ovh\/wp-content\/uploads\/2025\/09\/Zdjecie-WhatsApp-2025-09-29-o-13.46.09_7718b13a-768x433.jpg 768w, https:\/\/mbfatimska.ovh\/wp-content\/uploads\/2025\/09\/Zdjecie-WhatsApp-2025-09-29-o-13.46.09_7718b13a-1536x866.jpg 1536w, https:\/\/mbfatimska.ovh\/wp-content\/uploads\/2025\/09\/Zdjecie-WhatsApp-2025-09-29-o-13.46.09_7718b13a.jpg 1600w\" sizes=\"(max-width: 300px) 100vw, 300px\" \/><\/a>\n\t\t\t<\/div><\/figure>\n\t\t<\/div>\n\n","protected":false},"excerpt":{"rendered":"<p>Ka\u017cdego roku, z naszej wsp\u00f3lnoty parafialnej, we wrze\u015bniu, wyrusza na Jasn\u0105 G\u00f3r\u0119, pielgrzymka autokarowa. Chcemy do Pani Cz\u0119stochowskiej zawie\u017a\u0107 nasze intencje, pro\u015bby i dzi\u0119kczynienia. W tym roku, 27 wrze\u015bnia, grupa 50 os\u00f3b, wraz z ksi\u0119dzem Miko\u0142ajem, nawiedzi\u0142a tron Kr\u00f3lowej Polski. Uczestniczyli\u015bmy we Mszy \u015bwi\u0119tej w Kaplicy Cudownego Obrazu, przeszli\u015bmy Drog\u0119 Krzy\u017cow\u0105 na Wa\u0142ach Jasnog\u00f3rskich rozwa\u017caj\u0105c [&hellip;]<\/p>\n","protected":false},"author":1,"featured_media":30339,"comment_status":"closed","ping_status":"closed","sticky":false,"template":"","format":"standard","meta":{"footnotes":""},"categories":[2,6],"tags":[],"class_list":["post-30327","post","type-post","status-publish","format-standard","has-post-thumbnail","hentry","category-aktualnosci","category-galerie"],"_links":{"self":[{"href":"https:\/\/mbfatimska.ovh\/index.php\/wp-json\/wp\/v2\/posts\/30327","targetHints":{"allow":["GET"]}}],"collection":[{"href":"https:\/\/mbfatimska.ovh\/index.php\/wp-json\/wp\/v2\/posts"}],"about":[{"href":"https:\/\/mbfatimska.ovh\/index.php\/wp-json\/wp\/v2\/types\/post"}],"author":[{"embeddable":true,"href":"https:\/\/mbfatimska.ovh\/index.php\/wp-json\/wp\/v2\/users\/1"}],"replies":[{"embeddable":true,"href":"https:\/\/mbfatimska.ovh\/index.php\/wp-json\/wp\/v2\/comments?post=30327"}],"version-history":[{"count":0,"href":"https:\/\/mbfatimska.ovh\/index.php\/wp-json\/wp\/v2\/posts\/30327\/revisions"}],"wp:featuredmedia":[{"embeddable":true,"href":"https:\/\/mbfatimska.ovh\/index.php\/wp-json\/wp\/v2\/media\/30339"}],"wp:attachment":[{"href":"https:\/\/mbfatimska.ovh\/index.php\/wp-json\/wp\/v2\/media?parent=30327"}],"wp:term":[{"taxonomy":"category","embeddable":true,"href":"https:\/\/mbfatimska.ovh\/index.php\/wp-json\/wp\/v2\/categories?post=30327"},{"taxonomy":"post_tag","embeddable":true,"href":"https:\/\/mbfatimska.ovh\/index.php\/wp-json\/wp\/v2\/tags?post=30327"}],"curies":[{"name":"wp","href":"https:\/\/api.w.org\/{rel}","templated":true}]}}