{"id":30407,"date":"2025-06-28T17:01:47","date_gmt":"2025-06-28T15:01:47","guid":{"rendered":"https:\/\/www.mbfatimska.pl\/?p=28286"},"modified":"2026-02-13T13:13:20","modified_gmt":"2026-02-13T13:13:20","slug":"xiii-niedziela-zwykla-4","status":"publish","type":"post","link":"https:\/\/mbfatimska.ovh\/index.php\/2025\/06\/28\/xiii-niedziela-zwykla-4\/","title":{"rendered":"XIII Niedziela Zwyk\u0142a"},"content":{"rendered":"<div class=\"post-excerpt\">\n<p>1.W dniu dzisiejszym grupa 46 dzieci wyjecha\u0142a na tygodniowy wyjazd wakacyjny do Szklarskiej Por\u0119by, Pragi czeskiej i okolic. Dzieciom \u017cyczymy dobrego wypoczynku, szcz\u0119\u015bliwej drogi, opieki \u015bw. Krzysztofa i Matki Bo\u017cej Fatimskiej.<\/p>\n<p>2.Jeszcze dzisiaj, o godzinie 16.30, wyjazd do Teatru Kamienica w Warszawie na sztuk\u0119 pod tytu\u0142em <em>Metoda na wnuczka<\/em>. Prosimy o punktualno\u015b\u0107.<\/p>\n<p>3.W okresie wakacji zapraszamy dzieci w wieku szkolnym do skorzystania z oferty naszej \u015bwietlicy. \u015awietlica b\u0119dzie czynna od poniedzia\u0142ku do pi\u0105tku w godzinach 9.00 \u2013 14.00. Dzieci w tym czasie b\u0119d\u0105 mog\u0142y skorzysta\u0107 z zaj\u0119\u0107 plastycznych, sportowych, kulinarnych, z wycieczek do kina, park\u00f3w rozrywki, na basen i jeszcze wielu ciekawych miejsc. Pobyt dzieci w \u015bwietlicy jest nieodp\u0142atny.<\/p>\n<p>4.W tym tygodniu przypadaj\u0105:<\/p>\n<p>+ I czwartek miesi\u0105ca \u2013 po Mszy \u015bwi\u0119tej o godzinie 19.00, wystawienie Naj\u015bwi\u0119tszego Sakramentu, koronka do Bo\u017cego Mi\u0142osierdzia i mo\u017cliwo\u015b\u0107 adoracji do godziny 22.00.<\/p>\n<p>+ I pi\u0105tek miesi\u0105ca \u2013 spowied\u017a od godziny 17.30 do 19.30.<\/p>\n<p>+ I sobota miesi\u0105ca \u2013 po Mszy \u015bwi\u0119tej o godzinie 19.00, nabo\u017ce\u0144stwo wynagradzaj\u0105ce Niepokalanemu Sercu Naj\u015bwi\u0119tszej Maryi Panny po\u0142\u0105czone z adoracj\u0105 Naj\u015bwi\u0119tszego Sakramentu. Zako\u0144czenie adoracji o godzinie 21.00.<\/p>\n<p>+ I niedziela miesi\u0105ca \u2013 po Mszy \u015bwi\u0119tej o godzinie 12.30, procesja eucharystyczna i adoracja do godziny 18.30.<\/p>\n<p>5.W pi\u0105tek, o godzinie 20.00, w kawiarence, katecheza przedchrzcielna. Bior\u0105 w niej udzia\u0142 rodzice dziecka, kt\u00f3re b\u0119dzie chrzczone w naszej parafii, b\u0105d\u017a b\u0119dzie brana zgoda na chrzest do innej parafii, oraz kandydaci na rodzic\u00f3w chrzestnych.<\/p>\n<p>6.W przysz\u0142\u0105 niedziel\u0119, o godzinie 18.00, odb\u0119dzie si\u0119 spotkanie dla os\u00f3b, kt\u00f3re zapisa\u0142y si\u0119 na pielgrzymk\u0119 do Krakowa, Wadowic, Kalwarii Zebrzydowskiej, Ty\u0144ca, Wieliczki, w dniach 14 \u2013 16 lipca. Jest jeszcze jedno wolne miejsce. Osoby zainteresowane zapraszamy do zakrystii.<\/p>\n<p>7.W okresie wakacji przypominamy, \u017ce spowied\u017a w dni powszednie jest sprawowana 15 minut przed Msz\u0105 \u015bwi\u0119t\u0105, w niedziele, do po\u0142udnia bez zmian, po po\u0142udniu od 18.30 do 19.00. Zmiany zwi\u0105zane s\u0105 z wyjazdami ksi\u0119\u017cy na rekolekcje i wyjazdy duszpasterskie z dzie\u0107mi i m\u0142odzie\u017c\u0105.<\/p>\n<p>8.We wtorek, 8 lipca, zostan\u0105 odprawione Msze \u015bwi\u0119te w intencji budowniczych i ofiarodawc\u00f3w o\u0142tarzy na Bo\u017ce Cia\u0142o. O godzinie 18.00 w intencji os\u00f3b z I i II o\u0142tarza, a o godzinie 19.00 w intencji budowniczych III i IV o\u0142tarza.<\/p>\n<p>9.Bardzo serdecznie dzi\u0119kujemy Pa\u0144stwu Andrzejowi i Dorocie Kalinowskim za redagowanie naszego Biuletynu Parafialnego, Pa\u0144stwu Annie i Dariuszowi Czapskim za prowadzenie Parafialnej Poradni Rodzinnej i pomoc w Kursach przedma\u0142\u017ce\u0144skich, Pani El\u017cbiecie Pi\u0119tak za prowadzenie porad logopedycznych, oraz Pani Magdalenie Wysockiej-Filipiuk za konsultacje psychologiczne.<\/p>\n<p>10.Kalendarz liturgiczny na ten tydzie\u0144: w czwartek \u2013 \u015bwi\u0119to, \u015bw. Tomasza, Aposto\u0142a.<\/p>\n<\/div>\n","protected":false},"excerpt":{"rendered":"<p>1.W dniu dzisiejszym grupa 46 dzieci wyjecha\u0142a na tygodniowy wyjazd wakacyjny do Szklarskiej Por\u0119by, Pragi czeskiej i okolic. Dzieciom \u017cyczymy dobrego wypoczynku, szcz\u0119\u015bliwej drogi, opieki \u015bw. Krzysztofa i Matki Bo\u017cej Fatimskiej. 2.Jeszcze dzisiaj, o godzinie 16.30, wyjazd do Teatru Kamienica w Warszawie na sztuk\u0119 pod tytu\u0142em Metoda na wnuczka. Prosimy o punktualno\u015b\u0107. 3.W okresie wakacji [&hellip;]<\/p>\n","protected":false},"author":7,"featured_media":30657,"comment_status":"closed","ping_status":"closed","sticky":false,"template":"","format":"standard","meta":{"footnotes":""},"categories":[2,14],"tags":[],"class_list":["post-30407","post","type-post","status-publish","format-standard","has-post-thumbnail","hentry","category-aktualnosci","category-ogloszenia-parafialne"],"_links":{"self":[{"href":"https:\/\/mbfatimska.ovh\/index.php\/wp-json\/wp\/v2\/posts\/30407","targetHints":{"allow":["GET"]}}],"collection":[{"href":"https:\/\/mbfatimska.ovh\/index.php\/wp-json\/wp\/v2\/posts"}],"about":[{"href":"https:\/\/mbfatimska.ovh\/index.php\/wp-json\/wp\/v2\/types\/post"}],"author":[{"embeddable":true,"href":"https:\/\/mbfatimska.ovh\/index.php\/wp-json\/wp\/v2\/users\/7"}],"replies":[{"embeddable":true,"href":"https:\/\/mbfatimska.ovh\/index.php\/wp-json\/wp\/v2\/comments?post=30407"}],"version-history":[{"count":1,"href":"https:\/\/mbfatimska.ovh\/index.php\/wp-json\/wp\/v2\/posts\/30407\/revisions"}],"predecessor-version":[{"id":40140,"href":"https:\/\/mbfatimska.ovh\/index.php\/wp-json\/wp\/v2\/posts\/30407\/revisions\/40140"}],"wp:featuredmedia":[{"embeddable":true,"href":"https:\/\/mbfatimska.ovh\/index.php\/wp-json\/wp\/v2\/media\/30657"}],"wp:attachment":[{"href":"https:\/\/mbfatimska.ovh\/index.php\/wp-json\/wp\/v2\/media?parent=30407"}],"wp:term":[{"taxonomy":"category","embeddable":true,"href":"https:\/\/mbfatimska.ovh\/index.php\/wp-json\/wp\/v2\/categories?post=30407"},{"taxonomy":"post_tag","embeddable":true,"href":"https:\/\/mbfatimska.ovh\/index.php\/wp-json\/wp\/v2\/tags?post=30407"}],"curies":[{"name":"wp","href":"https:\/\/api.w.org\/{rel}","templated":true}]}}