{"id":30524,"date":"2025-05-17T16:01:14","date_gmt":"2025-05-17T14:01:14","guid":{"rendered":"https:\/\/www.mbfatimska.pl\/?p=27839"},"modified":"2026-02-13T13:05:51","modified_gmt":"2026-02-13T13:05:51","slug":"v-niedziela-wielkanocy","status":"publish","type":"post","link":"https:\/\/mbfatimska.ovh\/index.php\/2025\/05\/17\/v-niedziela-wielkanocy\/","title":{"rendered":"V Niedziela Wielkanocy"},"content":{"rendered":"<div class=\"post-excerpt\">\n<p>1.W dniu wczorajszym, grupa ponad 40 dzieci z klas IV SP, przyst\u0105pi\u0142a do Komunii \u015bwi\u0119tej rocznicowej. Dzieci do \u015brody w\u0142\u0105cznie b\u0119d\u0105 podczas Mszy \u015bwi\u0119tych o godzinie 18.00, prze\u017cywa\u0107 bia\u0142y tydzie\u0144. Dzi\u0119kujemy dzieciom i rodzicom za pe\u0142ne skupienia i godno\u015bci prze\u017cycie uroczysto\u015bci rocznicowej.<\/p>\n<p>2.Jeszcze dzisiaj, o godzinie 17.45, w salce pod zakrysti\u0105, odb\u0119dzie si\u0119 spotkanie dla rodzic\u00f3w dzieci, kt\u00f3re na prze\u0142omie czerwca i lipca wyje\u017cd\u017caj\u0105 na tygodniowy wypoczynek do Szklarskiej Por\u0119by. Obecno\u015b\u0107 obowi\u0105zkowa.<\/p>\n<p>3.W poniedzia\u0142ek i wtorek, o godzinie 17.00, w ko\u015bciele, odb\u0119d\u0105 si\u0119 pr\u00f3by dla dzieci przed uroczysto\u015bci\u0105 I Komunii \u015bwi\u0119tej. W czwartek odb\u0119dzie si\u0119 spowied\u017a dla dzieci, rodzic\u00f3w, rodze\u0144stwa i innych cz\u0142onk\u00f3w rodziny: o godzinie 16.00 \u2013 grupa I, a o godzinie 17.00 \u2013 grupa II.<\/p>\n<p>4.W poniedzia\u0142ek, 19 maja, zapraszamy serdecznie na godzin\u0119 19.00 na Msz\u0119 \u015bwi\u0119t\u0105 i kolejne nabo\u017ce\u0144stwo do \u015bw. J\u00f3zefa, patrona rodzin i ma\u0142\u017ce\u0144stw. Nabo\u017ce\u0144stwo tego dnia b\u0119dzie po\u0142\u0105czone z litani\u0105 loreta\u0144sk\u0105 do Naj\u015bwi\u0119tszej Maryi Panny.<\/p>\n<p>5.Zrodzi\u0142 si\u0119 pomys\u0142 reaktywacji scholi gregoria\u0144skiej w naszej parafii. Zapraszamy wszystkich ch\u0119tnych do wsp\u00f3lnego \u015bpiewu na pierwsze spotkanie, kt\u00f3re odb\u0119dzie si\u0119 we wtorek, 20 maja po Mszy \u015bwi\u0119tej o godzinie 19.00, w salce pod zakrysti\u0105. Schol\u0119 poprowadzi nasz parafianin, zajmuj\u0105cy si\u0119 zawodowo \u015bpiewem.<\/p>\n<p>6.W sobot\u0119 88 dzieci przyst\u0105pi do I Komunii \u015bwi\u0119tej podczas Mszy \u015bwi\u0119tej o godzinie 10.00 \u2013 grupa I i o godzinie 12.00 \u2013 grupa II.<\/p>\n<p>7.R\u00f3wnie\u017c w sobot\u0119, zapraszamy na kolejne warsztaty kulinarno-ciastkarskie. Zaczynamy o godzinie 10.00 w siedzibie Klubu Seniora AMICUS. Tym razem, na pro\u015bb\u0119 uczestnik\u00f3w, we\u017amiemy udzia\u0142 w warsztatach o temacie\u00a0<em>Kocham Ci\u0119, Mamo<\/em>. Dla naszych mam przygotujemy pi\u0119kne, s\u0142odkie serca jako wyraz naszej wdzi\u0119czno\u015bci dla nich.<\/p>\n<p>8.W czwartek zapraszamy na kolejne nabo\u017ce\u0144stwo do \u015bw. Rity. O godzinie 19.00 zostanie odprawiona Msza \u015bwi\u0119ta podczas kt\u00f3rej b\u0119d\u0105 po\u015bwi\u0119cone r\u00f3\u017ce, a po Mszy \u015bwi\u0119tej modlitwy do \u015bw. Rity po\u0142\u0105czone z nabo\u017ce\u0144stwem majowym.<\/p>\n<p>9.W przysz\u0142\u0105 niedziel\u0119, o godzinie 17.00, w kawiarence, odb\u0119dzie si\u0119 spotkanie rad parafialnych zar\u00f3wno ekonomicznej jak i duszpasterskiej.<\/p>\n<p>10.Za \u0142awkami, na stolikach, wy\u0142o\u017cone s\u0105 deklaracje przynale\u017cno\u015bci do K\u00f3\u0142 \u017bywego R\u00f3\u017ca\u0144ca. Zach\u0119camy do w\u0142\u0105czenia si\u0119 w modlitw\u0119 r\u00f3\u017ca\u0144cow\u0105, kt\u00f3ra odmawiana jest w naszej parafii codziennie od poniedzia\u0142ku do soboty 30 minut przed rozpocz\u0119ciem ostatniej popo\u0142udniowej Mszy \u015bwi\u0119tej, a w niedziele i uroczysto\u015bci 45 minut przed Msz\u0105 \u015bwi\u0119t\u0105 wieczorn\u0105 b\u0105d\u017a nabo\u017ce\u0144stwem okresowym. W I niedziel\u0119 miesi\u0105ca r\u00f3\u017caniec jest odmawiany po zako\u0144czeniu wystawienia Naj\u015bwi\u0119tszego Sakramentu i procesji eucharystycznej. Moi Drodzy, warto w\u0142\u0105czy\u0107 si\u0119 w t\u0105 wypr\u00f3bowan\u0105 modlitw\u0119, to tylko codziennie dziesi\u0105tek r\u00f3\u017ca\u0144ca \u2013 Ojcze nasz, 10 razy Zdrowa\u015b Maryjo i Chwa\u0142a Ojcu. To zaledwie 4-5 minut, a tak wiele \u0142ask mo\u017cna wyprosi\u0107 dla siebie i bliskich. Przypominamy, \u017ce deklaracje s\u0105 za \u0142awkami na stolikach i wype\u0142nione nale\u017cy z\u0142o\u017cy\u0107 w kancelarii albo zakrystii.<\/p>\n<p>11.Dzi\u0119kujemy Panu Leszkowi Perkowskiemu, kt\u00f3ry przez wiele dni dokonywa\u0142 odnawiania poszczeg\u00f3lnych betonowych element\u00f3w architektury ogrodowej oraz malowania maszt\u00f3w flagowych i s\u0142up\u00f3w o\u015bwietleniowych. Dzi\u0119kujemy sta\u0142ej, wypr\u00f3bowanej wsp\u00f3lnocie teren\u00f3w zielonych za nieocenion\u0105 prac\u0119 porz\u0105dkow\u0105 terenu ko\u015bcielnego. W tym tygodniu zapraszamy i innych parafian, i go\u015bci do prac porz\u0105dkowych w pi\u0105tek i sobot\u0105 na godzin\u0119 8.00.<\/p>\n<p>12.W dniu dzisiejszym, w Rzymie, odbywa si\u0119 donios\u0142a uroczysto\u015b\u0107 \u2013 odprawienie Mszy \u015bwi\u0119tej przez papie\u017ca Leona XIV na rozpocz\u0119cie jego pontyfikatu. Obejmijmy Ojca \u015bwi\u0119tego naszymi modlitwami.<\/p>\n<p>13.Kalendarz liturgiczny na ten tydzie\u0144: w czwartek \u2013 wspomnienie \u015bw. Rity z Cascii, zakonnicy; w sobot\u0119 \u2013 wspomnienie Naj\u015bwi\u0119tszej Maryi Panny, Wspomo\u017cycielki Wiernych.<\/p>\n<\/div>\n","protected":false},"excerpt":{"rendered":"<p>1.W dniu wczorajszym, grupa ponad 40 dzieci z klas IV SP, przyst\u0105pi\u0142a do Komunii \u015bwi\u0119tej rocznicowej. Dzieci do \u015brody w\u0142\u0105cznie b\u0119d\u0105 podczas Mszy \u015bwi\u0119tych o godzinie 18.00, prze\u017cywa\u0107 bia\u0142y tydzie\u0144. Dzi\u0119kujemy dzieciom i rodzicom za pe\u0142ne skupienia i godno\u015bci prze\u017cycie uroczysto\u015bci rocznicowej. 2.Jeszcze dzisiaj, o godzinie 17.45, w salce pod zakrysti\u0105, odb\u0119dzie si\u0119 spotkanie dla [&hellip;]<\/p>\n","protected":false},"author":7,"featured_media":30657,"comment_status":"closed","ping_status":"closed","sticky":false,"template":"","format":"standard","meta":{"footnotes":""},"categories":[2,14],"tags":[],"class_list":["post-30524","post","type-post","status-publish","format-standard","has-post-thumbnail","hentry","category-aktualnosci","category-ogloszenia-parafialne"],"_links":{"self":[{"href":"https:\/\/mbfatimska.ovh\/index.php\/wp-json\/wp\/v2\/posts\/30524","targetHints":{"allow":["GET"]}}],"collection":[{"href":"https:\/\/mbfatimska.ovh\/index.php\/wp-json\/wp\/v2\/posts"}],"about":[{"href":"https:\/\/mbfatimska.ovh\/index.php\/wp-json\/wp\/v2\/types\/post"}],"author":[{"embeddable":true,"href":"https:\/\/mbfatimska.ovh\/index.php\/wp-json\/wp\/v2\/users\/7"}],"replies":[{"embeddable":true,"href":"https:\/\/mbfatimska.ovh\/index.php\/wp-json\/wp\/v2\/comments?post=30524"}],"version-history":[{"count":1,"href":"https:\/\/mbfatimska.ovh\/index.php\/wp-json\/wp\/v2\/posts\/30524\/revisions"}],"predecessor-version":[{"id":40132,"href":"https:\/\/mbfatimska.ovh\/index.php\/wp-json\/wp\/v2\/posts\/30524\/revisions\/40132"}],"wp:featuredmedia":[{"embeddable":true,"href":"https:\/\/mbfatimska.ovh\/index.php\/wp-json\/wp\/v2\/media\/30657"}],"wp:attachment":[{"href":"https:\/\/mbfatimska.ovh\/index.php\/wp-json\/wp\/v2\/media?parent=30524"}],"wp:term":[{"taxonomy":"category","embeddable":true,"href":"https:\/\/mbfatimska.ovh\/index.php\/wp-json\/wp\/v2\/categories?post=30524"},{"taxonomy":"post_tag","embeddable":true,"href":"https:\/\/mbfatimska.ovh\/index.php\/wp-json\/wp\/v2\/tags?post=30524"}],"curies":[{"name":"wp","href":"https:\/\/api.w.org\/{rel}","templated":true}]}}