{"id":30638,"date":"2025-10-03T10:52:56","date_gmt":"2025-10-03T08:52:56","guid":{"rendered":"https:\/\/www.mbfatimska.pl\/?p=30413"},"modified":"2025-11-17T08:58:01","modified_gmt":"2025-11-17T08:58:01","slug":"rekolekcje-ewangelizacyjne-odnowy","status":"publish","type":"post","link":"https:\/\/mbfatimska.ovh\/index.php\/2025\/10\/03\/rekolekcje-ewangelizacyjne-odnowy\/","title":{"rendered":"Rekolekcje Ewangelizacyjne Odnowy"},"content":{"rendered":"\t\t<div data-elementor-type=\"wp-post\" data-elementor-id=\"30638\" class=\"elementor elementor-30638\" data-elementor-post-type=\"post\">\n\t\t\t\t<div class=\"elementor-element elementor-element-37a72461 e-flex e-con-boxed e-con e-parent\" data-id=\"37a72461\" data-element_type=\"container\" data-e-type=\"container\">\n\t\t\t\t\t<div class=\"e-con-inner\">\n\t\t\t\t<div class=\"elementor-element elementor-element-56add1c4 elementor-widget elementor-widget-text-editor\" data-id=\"56add1c4\" data-element_type=\"widget\" data-e-type=\"widget\" data-widget_type=\"text-editor.default\">\n\t\t\t\t<div class=\"elementor-widget-container\">\n\t\t\t\t\t\t\t\t\tW ostatni\u0105 \u015brod\u0119, w naszej parafii, rozpocz\u0119li\u015bmy Rekolekcje Ewangelizacyjne Odnowy w Duchu \u015awi\u0119tym, kt\u00f3re organizuje wsp\u00f3lnota Odnowy \u201eDzieci Maryi\u201d. Katechezy, podczas spotka\u0144, g\u0142osi ks. Maciej Mi\u0119tek, kanclerz naszej Kurii diecezjalnej. Has\u0142em s\u0105 s\u0142owa Pana Jezusa: <em>Odwagi! Ja jestem, nie b\u00f3jcie si\u0119!<\/em> Spotkania odbywaj\u0105 si\u0119 w ka\u017cd\u0105 \u015brod\u0119 po Mszy \u015bwi\u0119tej o godzinie 18.00 i nabo\u017ce\u0144stwie r\u00f3\u017ca\u0144cowym, czyli oko\u0142o godziny 19.15. Zapraszamy wszystkich, kt\u00f3rzy pragn\u0105 pog\u0142\u0119bi\u0107 lub odnowi\u0107 swoj\u0105 wiar\u0119.\n\n&nbsp;\t\t\t\t\t\t\t\t<\/div>\n\t\t\t\t<\/div>\n\t\t\t\t\t<\/div>\n\t\t\t\t<\/div>\n\t\t<div class=\"elementor-element elementor-element-2892a09 e-flex e-con-boxed e-con e-parent\" data-id=\"2892a09\" data-element_type=\"container\" data-e-type=\"container\">\n\t\t\t\t\t<div class=\"e-con-inner\">\n\t\t\t\t<div class=\"elementor-element elementor-element-e5b4f9c elementor-widget elementor-widget-image-gallery\" data-id=\"e5b4f9c\" data-element_type=\"widget\" data-e-type=\"widget\" data-widget_type=\"image-gallery.default\">\n\t\t\t\t<div class=\"elementor-widget-container\">\n\t\t\t\t\t\t\t<div class=\"elementor-image-gallery\">\n\t\t\t<div id='gallery-1' class='gallery galleryid-30638 gallery-columns-3 gallery-size-medium'><figure class='gallery-item'>\n\t\t\t<div class='gallery-icon landscape'>\n\t\t\t\t<a data-elementor-open-lightbox=\"yes\" data-elementor-lightbox-slideshow=\"e5b4f9c\" data-elementor-lightbox-title=\"Zdjecie-WhatsApp-2025-10-03-o-10.38.17_20231124\" data-e-action-hash=\"#elementor-action%3Aaction%3Dlightbox%26settings%3DeyJpZCI6MzIwNTUsInVybCI6Imh0dHBzOlwvXC9tYmZhdGltc2thLm92aFwvd3AtY29udGVudFwvdXBsb2Fkc1wvMjAyNVwvMTFcL1pkamVjaWUtV2hhdHNBcHAtMjAyNS0xMC0wMy1vLTEwLjM4LjE3XzIwMjMxMTI0LmpwZyIsInNsaWRlc2hvdyI6ImU1YjRmOWMifQ%3D%3D\" href='https:\/\/mbfatimska.ovh\/wp-content\/uploads\/2025\/11\/Zdjecie-WhatsApp-2025-10-03-o-10.38.17_20231124.jpg'><img fetchpriority=\"high\" decoding=\"async\" width=\"300\" height=\"225\" src=\"https:\/\/mbfatimska.ovh\/wp-content\/uploads\/2025\/11\/Zdjecie-WhatsApp-2025-10-03-o-10.38.17_20231124-300x225.jpg\" class=\"attachment-medium size-medium\" alt=\"\" srcset=\"https:\/\/mbfatimska.ovh\/wp-content\/uploads\/2025\/11\/Zdjecie-WhatsApp-2025-10-03-o-10.38.17_20231124-300x225.jpg 300w, https:\/\/mbfatimska.ovh\/wp-content\/uploads\/2025\/11\/Zdjecie-WhatsApp-2025-10-03-o-10.38.17_20231124-1024x768.jpg 1024w, https:\/\/mbfatimska.ovh\/wp-content\/uploads\/2025\/11\/Zdjecie-WhatsApp-2025-10-03-o-10.38.17_20231124-768x576.jpg 768w, https:\/\/mbfatimska.ovh\/wp-content\/uploads\/2025\/11\/Zdjecie-WhatsApp-2025-10-03-o-10.38.17_20231124-1536x1152.jpg 1536w, https:\/\/mbfatimska.ovh\/wp-content\/uploads\/2025\/11\/Zdjecie-WhatsApp-2025-10-03-o-10.38.17_20231124.jpg 2000w\" sizes=\"(max-width: 300px) 100vw, 300px\" \/><\/a>\n\t\t\t<\/div><\/figure><figure class='gallery-item'>\n\t\t\t<div class='gallery-icon landscape'>\n\t\t\t\t<a data-elementor-open-lightbox=\"yes\" data-elementor-lightbox-slideshow=\"e5b4f9c\" data-elementor-lightbox-title=\"Zdjecie-WhatsApp-2025-10-03-o-10.38.17_aee70599\" data-e-action-hash=\"#elementor-action%3Aaction%3Dlightbox%26settings%3DeyJpZCI6MzIwNTgsInVybCI6Imh0dHBzOlwvXC9tYmZhdGltc2thLm92aFwvd3AtY29udGVudFwvdXBsb2Fkc1wvMjAyNVwvMTFcL1pkamVjaWUtV2hhdHNBcHAtMjAyNS0xMC0wMy1vLTEwLjM4LjE3X2FlZTcwNTk5LmpwZyIsInNsaWRlc2hvdyI6ImU1YjRmOWMifQ%3D%3D\" href='https:\/\/mbfatimska.ovh\/wp-content\/uploads\/2025\/11\/Zdjecie-WhatsApp-2025-10-03-o-10.38.17_aee70599.jpg'><img decoding=\"async\" width=\"300\" height=\"225\" src=\"https:\/\/mbfatimska.ovh\/wp-content\/uploads\/2025\/11\/Zdjecie-WhatsApp-2025-10-03-o-10.38.17_aee70599-300x225.jpg\" class=\"attachment-medium size-medium\" alt=\"\" srcset=\"https:\/\/mbfatimska.ovh\/wp-content\/uploads\/2025\/11\/Zdjecie-WhatsApp-2025-10-03-o-10.38.17_aee70599-300x225.jpg 300w, https:\/\/mbfatimska.ovh\/wp-content\/uploads\/2025\/11\/Zdjecie-WhatsApp-2025-10-03-o-10.38.17_aee70599-1024x768.jpg 1024w, https:\/\/mbfatimska.ovh\/wp-content\/uploads\/2025\/11\/Zdjecie-WhatsApp-2025-10-03-o-10.38.17_aee70599-768x576.jpg 768w, https:\/\/mbfatimska.ovh\/wp-content\/uploads\/2025\/11\/Zdjecie-WhatsApp-2025-10-03-o-10.38.17_aee70599-1536x1152.jpg 1536w, https:\/\/mbfatimska.ovh\/wp-content\/uploads\/2025\/11\/Zdjecie-WhatsApp-2025-10-03-o-10.38.17_aee70599.jpg 2000w\" sizes=\"(max-width: 300px) 100vw, 300px\" \/><\/a>\n\t\t\t<\/div><\/figure><figure class='gallery-item'>\n\t\t\t<div class='gallery-icon landscape'>\n\t\t\t\t<a data-elementor-open-lightbox=\"yes\" data-elementor-lightbox-slideshow=\"e5b4f9c\" data-elementor-lightbox-title=\"Zdjecie-WhatsApp-2025-10-03-o-10.38.17_31fa8d89\" data-e-action-hash=\"#elementor-action%3Aaction%3Dlightbox%26settings%3DeyJpZCI6MzIwNTksInVybCI6Imh0dHBzOlwvXC9tYmZhdGltc2thLm92aFwvd3AtY29udGVudFwvdXBsb2Fkc1wvMjAyNVwvMTFcL1pkamVjaWUtV2hhdHNBcHAtMjAyNS0xMC0wMy1vLTEwLjM4LjE3XzMxZmE4ZDg5LmpwZyIsInNsaWRlc2hvdyI6ImU1YjRmOWMifQ%3D%3D\" href='https:\/\/mbfatimska.ovh\/wp-content\/uploads\/2025\/11\/Zdjecie-WhatsApp-2025-10-03-o-10.38.17_31fa8d89.jpg'><img decoding=\"async\" width=\"300\" height=\"225\" src=\"https:\/\/mbfatimska.ovh\/wp-content\/uploads\/2025\/11\/Zdjecie-WhatsApp-2025-10-03-o-10.38.17_31fa8d89-300x225.jpg\" class=\"attachment-medium size-medium\" alt=\"\" srcset=\"https:\/\/mbfatimska.ovh\/wp-content\/uploads\/2025\/11\/Zdjecie-WhatsApp-2025-10-03-o-10.38.17_31fa8d89-300x225.jpg 300w, https:\/\/mbfatimska.ovh\/wp-content\/uploads\/2025\/11\/Zdjecie-WhatsApp-2025-10-03-o-10.38.17_31fa8d89-1024x768.jpg 1024w, https:\/\/mbfatimska.ovh\/wp-content\/uploads\/2025\/11\/Zdjecie-WhatsApp-2025-10-03-o-10.38.17_31fa8d89-768x576.jpg 768w, https:\/\/mbfatimska.ovh\/wp-content\/uploads\/2025\/11\/Zdjecie-WhatsApp-2025-10-03-o-10.38.17_31fa8d89-1536x1152.jpg 1536w, https:\/\/mbfatimska.ovh\/wp-content\/uploads\/2025\/11\/Zdjecie-WhatsApp-2025-10-03-o-10.38.17_31fa8d89.jpg 2000w\" sizes=\"(max-width: 300px) 100vw, 300px\" \/><\/a>\n\t\t\t<\/div><\/figure><figure class='gallery-item'>\n\t\t\t<div class='gallery-icon landscape'>\n\t\t\t\t<a data-elementor-open-lightbox=\"yes\" data-elementor-lightbox-slideshow=\"e5b4f9c\" data-elementor-lightbox-title=\"Zdjecie-WhatsApp-2025-10-03-o-10.38.17_5c95f82d\" data-e-action-hash=\"#elementor-action%3Aaction%3Dlightbox%26settings%3DeyJpZCI6MzIwNjAsInVybCI6Imh0dHBzOlwvXC9tYmZhdGltc2thLm92aFwvd3AtY29udGVudFwvdXBsb2Fkc1wvMjAyNVwvMTFcL1pkamVjaWUtV2hhdHNBcHAtMjAyNS0xMC0wMy1vLTEwLjM4LjE3XzVjOTVmODJkLmpwZyIsInNsaWRlc2hvdyI6ImU1YjRmOWMifQ%3D%3D\" href='https:\/\/mbfatimska.ovh\/wp-content\/uploads\/2025\/11\/Zdjecie-WhatsApp-2025-10-03-o-10.38.17_5c95f82d.jpg'><img loading=\"lazy\" decoding=\"async\" width=\"300\" height=\"225\" src=\"https:\/\/mbfatimska.ovh\/wp-content\/uploads\/2025\/11\/Zdjecie-WhatsApp-2025-10-03-o-10.38.17_5c95f82d-300x225.jpg\" class=\"attachment-medium size-medium\" alt=\"\" srcset=\"https:\/\/mbfatimska.ovh\/wp-content\/uploads\/2025\/11\/Zdjecie-WhatsApp-2025-10-03-o-10.38.17_5c95f82d-300x225.jpg 300w, https:\/\/mbfatimska.ovh\/wp-content\/uploads\/2025\/11\/Zdjecie-WhatsApp-2025-10-03-o-10.38.17_5c95f82d-1024x768.jpg 1024w, https:\/\/mbfatimska.ovh\/wp-content\/uploads\/2025\/11\/Zdjecie-WhatsApp-2025-10-03-o-10.38.17_5c95f82d-768x576.jpg 768w, https:\/\/mbfatimska.ovh\/wp-content\/uploads\/2025\/11\/Zdjecie-WhatsApp-2025-10-03-o-10.38.17_5c95f82d-1536x1152.jpg 1536w, https:\/\/mbfatimska.ovh\/wp-content\/uploads\/2025\/11\/Zdjecie-WhatsApp-2025-10-03-o-10.38.17_5c95f82d.jpg 2000w\" sizes=\"(max-width: 300px) 100vw, 300px\" \/><\/a>\n\t\t\t<\/div><\/figure><figure class='gallery-item'>\n\t\t\t<div class='gallery-icon portrait'>\n\t\t\t\t<a data-elementor-open-lightbox=\"yes\" data-elementor-lightbox-slideshow=\"e5b4f9c\" data-elementor-lightbox-title=\"Zdjecie-WhatsApp-2025-10-03-o-10.38.16_0d7253bd\" data-e-action-hash=\"#elementor-action%3Aaction%3Dlightbox%26settings%3DeyJpZCI6MzIwNTcsInVybCI6Imh0dHBzOlwvXC9tYmZhdGltc2thLm92aFwvd3AtY29udGVudFwvdXBsb2Fkc1wvMjAyNVwvMTFcL1pkamVjaWUtV2hhdHNBcHAtMjAyNS0xMC0wMy1vLTEwLjM4LjE2XzBkNzI1M2JkLmpwZyIsInNsaWRlc2hvdyI6ImU1YjRmOWMifQ%3D%3D\" href='https:\/\/mbfatimska.ovh\/wp-content\/uploads\/2025\/11\/Zdjecie-WhatsApp-2025-10-03-o-10.38.16_0d7253bd.jpg'><img loading=\"lazy\" decoding=\"async\" width=\"225\" height=\"300\" src=\"https:\/\/mbfatimska.ovh\/wp-content\/uploads\/2025\/11\/Zdjecie-WhatsApp-2025-10-03-o-10.38.16_0d7253bd-225x300.jpg\" class=\"attachment-medium size-medium\" alt=\"\" srcset=\"https:\/\/mbfatimska.ovh\/wp-content\/uploads\/2025\/11\/Zdjecie-WhatsApp-2025-10-03-o-10.38.16_0d7253bd-225x300.jpg 225w, https:\/\/mbfatimska.ovh\/wp-content\/uploads\/2025\/11\/Zdjecie-WhatsApp-2025-10-03-o-10.38.16_0d7253bd-768x1024.jpg 768w, https:\/\/mbfatimska.ovh\/wp-content\/uploads\/2025\/11\/Zdjecie-WhatsApp-2025-10-03-o-10.38.16_0d7253bd-1152x1536.jpg 1152w, https:\/\/mbfatimska.ovh\/wp-content\/uploads\/2025\/11\/Zdjecie-WhatsApp-2025-10-03-o-10.38.16_0d7253bd.jpg 1500w\" sizes=\"(max-width: 225px) 100vw, 225px\" \/><\/a>\n\t\t\t<\/div><\/figure><figure class='gallery-item'>\n\t\t\t<div class='gallery-icon portrait'>\n\t\t\t\t<a data-elementor-open-lightbox=\"yes\" data-elementor-lightbox-slideshow=\"e5b4f9c\" data-elementor-lightbox-title=\"4.-Plakat-REO-scaled\" data-e-action-hash=\"#elementor-action%3Aaction%3Dlightbox%26settings%3DeyJpZCI6MzIwNTYsInVybCI6Imh0dHBzOlwvXC9tYmZhdGltc2thLm92aFwvd3AtY29udGVudFwvdXBsb2Fkc1wvMjAyNVwvMTFcLzQuLVBsYWthdC1SRU8tc2NhbGVkLTEuanBnIiwic2xpZGVzaG93IjoiZTViNGY5YyJ9\" href='https:\/\/mbfatimska.ovh\/wp-content\/uploads\/2025\/11\/4.-Plakat-REO-scaled-1.jpg'><img loading=\"lazy\" decoding=\"async\" width=\"212\" height=\"300\" src=\"https:\/\/mbfatimska.ovh\/wp-content\/uploads\/2025\/11\/4.-Plakat-REO-scaled-1-212x300.jpg\" class=\"attachment-medium size-medium\" alt=\"\" srcset=\"https:\/\/mbfatimska.ovh\/wp-content\/uploads\/2025\/11\/4.-Plakat-REO-scaled-1-212x300.jpg 212w, https:\/\/mbfatimska.ovh\/wp-content\/uploads\/2025\/11\/4.-Plakat-REO-scaled-1-724x1024.jpg 724w, https:\/\/mbfatimska.ovh\/wp-content\/uploads\/2025\/11\/4.-Plakat-REO-scaled-1-768x1086.jpg 768w, https:\/\/mbfatimska.ovh\/wp-content\/uploads\/2025\/11\/4.-Plakat-REO-scaled-1-1086x1536.jpg 1086w, https:\/\/mbfatimska.ovh\/wp-content\/uploads\/2025\/11\/4.-Plakat-REO-scaled-1-1448x2048.jpg 1448w, https:\/\/mbfatimska.ovh\/wp-content\/uploads\/2025\/11\/4.-Plakat-REO-scaled-1.jpg 1810w\" sizes=\"(max-width: 212px) 100vw, 212px\" \/><\/a>\n\t\t\t<\/div><\/figure>\n\t\t<\/div>\n\t\t<\/div>\n\t\t\t\t\t\t<\/div>\n\t\t\t\t<\/div>\n\t\t\t\t\t<\/div>\n\t\t\t\t<\/div>\n\t\t\t\t<\/div>\n\t\t","protected":false},"excerpt":{"rendered":"<p>W ostatni\u0105 \u015brod\u0119, w naszej parafii, rozpocz\u0119li\u015bmy Rekolekcje Ewangelizacyjne Odnowy w Duchu \u015awi\u0119tym, kt\u00f3re organizuje wsp\u00f3lnota Odnowy \u201eDzieci Maryi\u201d. Katechezy, podczas spotka\u0144, g\u0142osi ks. Maciej Mi\u0119tek, kanclerz naszej Kurii diecezjalnej. Has\u0142em s\u0105 s\u0142owa Pana Jezusa: Odwagi! Ja jestem, nie b\u00f3jcie si\u0119! Spotkania odbywaj\u0105 si\u0119 w ka\u017cd\u0105 \u015brod\u0119 po Mszy \u015bwi\u0119tej o godzinie 18.00 i nabo\u017ce\u0144stwie [&hellip;]<\/p>\n","protected":false},"author":7,"featured_media":30642,"comment_status":"closed","ping_status":"closed","sticky":false,"template":"","format":"standard","meta":{"footnotes":""},"categories":[2,6,13],"tags":[],"class_list":["post-30638","post","type-post","status-publish","format-standard","has-post-thumbnail","hentry","category-aktualnosci","category-galerie","category-odnowa-w-duchu-swietym"],"_links":{"self":[{"href":"https:\/\/mbfatimska.ovh\/index.php\/wp-json\/wp\/v2\/posts\/30638","targetHints":{"allow":["GET"]}}],"collection":[{"href":"https:\/\/mbfatimska.ovh\/index.php\/wp-json\/wp\/v2\/posts"}],"about":[{"href":"https:\/\/mbfatimska.ovh\/index.php\/wp-json\/wp\/v2\/types\/post"}],"author":[{"embeddable":true,"href":"https:\/\/mbfatimska.ovh\/index.php\/wp-json\/wp\/v2\/users\/7"}],"replies":[{"embeddable":true,"href":"https:\/\/mbfatimska.ovh\/index.php\/wp-json\/wp\/v2\/comments?post=30638"}],"version-history":[{"count":4,"href":"https:\/\/mbfatimska.ovh\/index.php\/wp-json\/wp\/v2\/posts\/30638\/revisions"}],"predecessor-version":[{"id":32064,"href":"https:\/\/mbfatimska.ovh\/index.php\/wp-json\/wp\/v2\/posts\/30638\/revisions\/32064"}],"wp:featuredmedia":[{"embeddable":true,"href":"https:\/\/mbfatimska.ovh\/index.php\/wp-json\/wp\/v2\/media\/30642"}],"wp:attachment":[{"href":"https:\/\/mbfatimska.ovh\/index.php\/wp-json\/wp\/v2\/media?parent=30638"}],"wp:term":[{"taxonomy":"category","embeddable":true,"href":"https:\/\/mbfatimska.ovh\/index.php\/wp-json\/wp\/v2\/categories?post=30638"},{"taxonomy":"post_tag","embeddable":true,"href":"https:\/\/mbfatimska.ovh\/index.php\/wp-json\/wp\/v2\/tags?post=30638"}],"curies":[{"name":"wp","href":"https:\/\/api.w.org\/{rel}","templated":true}]}}