{"id":30829,"date":"2025-10-11T17:54:55","date_gmt":"2025-10-11T17:54:55","guid":{"rendered":"https:\/\/mbfatimska.ovh\/?p=30829"},"modified":"2025-10-12T18:40:33","modified_gmt":"2025-10-12T18:40:33","slug":"xxviii-niedziela-zwykla-4","status":"publish","type":"post","link":"https:\/\/mbfatimska.ovh\/index.php\/2025\/10\/11\/xxviii-niedziela-zwykla-4\/","title":{"rendered":"XXVIII Niedziela Zwyk\u0142a"},"content":{"rendered":"<p>1.W dniu wczorajszym, w katedrze \u015bw. Floriana w Warszawie, dw\u00f3ch naszych ministrant\u00f3w, w uroczystej Mszy \u015bwi\u0119tej sprawowanej przez ks.bp. Romualda Kami\u0144skiego, zosta\u0142o promowanych na ceremoniarza i lektora. \u017byczymy im rozmi\u0142owania si\u0119 w Liturgii i wzbogacanie jej poprzez swoj\u0105 pos\u0142ug\u0119.<\/p>\n<p>2.Jeszcze dzisiaj odb\u0119d\u0105 si\u0119 nast\u0119puj\u0105ce spotkania:<\/p>\n<p>+ o 10.25 \u2013 katecheza dla dzieci klas III SP przed I Komuni\u0105 \u015bwi\u0119t\u0105<\/p>\n<p>+ o 15.00 \u2013 dla m\u0142odzie\u017cy przed sakramentem bierzmowania (grupa zesz\u0142oroczna)<\/p>\n<p>+ o 16.15 \u2013 dla m\u0142odzie\u017cy, kt\u00f3ra w tym roku rozpocz\u0119\u0142a swoje przygotowanie do bierzmowania<\/p>\n<p>+ o 19.00 \u2013 dla narzeczonych w ramach kursu przedma\u0142\u017ce\u0144skiego<\/p>\n<p>3.Jutro, 13 pa\u017adziernika, zapraszamy na ostatnie w tym roku, nabo\u017ce\u0144stwo fatimskie. O godzinie 18.00 zostanie odprawiona okoliczno\u015bciowa Msza \u015bwi\u0119ta, a nast\u0119pnie odb\u0119dzie si\u0119 procesja fatimska z figur\u0105 Matki Bo\u017cej Fatimskiej, w czasie kt\u00f3rej modli\u0107 si\u0119 b\u0119dziemy na r\u00f3\u017ca\u0144cu. Nasz\u0105 modlitw\u0105 b\u0119dziemy Bogu dzi\u0119kowa\u0107 za wielkiego naszego \u015bwi\u0119tego Jana Paw\u0142a II, kt\u00f3ry przybli\u017ca\u0142 nam tajemnice fatimskie. Na to ostatnie nabo\u017ce\u0144stwo zabierzmy ze sob\u0105 \u015bwiece \u2013 gromnice.<\/p>\n<p>4.Jutro, z racji nabo\u017ce\u0144stwa fatimskiego, kancelaria parafialna b\u0119dzie nieczynna.<\/p>\n<p>5.We wtorek, 14 pa\u017adziernika, obchodzi\u0107 b\u0119dziemy Dzie\u0144 Edukacji Narodowej \u2013 Dzie\u0144 Nauczyciela. Wszystkim nauczycielom sk\u0142adamy najserdeczniejsze \u017cyczenia, wielu sukces\u00f3w pedagogicznych i ludzkiej \u017cyczliwo\u015bci.<\/p>\n<p>6.R\u00f3wnie\u017c we wtorek, w godzinach 19-21, b\u0119dzie nieodp\u0142atnie przyjmowa\u0142 prawnik. Je\u015bli chcemy skorzysta\u0107 z porad prawnych zapraszamy do budynku Centrum Wsparcia Fizycznego.<\/p>\n<p>7.W \u015brod\u0119, 15 pa\u017adziernika, w Urz\u0119dzie Miasta Legionowo, b\u0119dzie mo\u017cna, w godzinach 9.00 \u2013 15.00, skorzysta\u0107 z darmowych porad i konsultacji poprawiaj\u0105cych stan zdrowia. B\u0119d\u0105 min., konsultacje z podologiem, psychodietetykiem, stomatologiem i wiele innych. Wi\u0119cej informacji na plakacie.<\/p>\n<p>8.W czwartek, 16 pa\u017adziernika, obchodzi\u0107 b\u0119dziemy kolejn\u0105, 47. Rocznic\u0119 wyboru Karola Wojty\u0142y na Stolic\u0119 Piotrow\u0105. Zapraszamy na Msze \u015bwi\u0119te o godzinie 17 i 18, oraz na r\u00f3\u017caniec, gdzie b\u0119dziemy Bogu dzi\u0119kowa\u0107 za dorobek \u015bw. Jana Paw\u0142a II.<\/p>\n<p>9.W przysz\u0142\u0105 niedziel\u0119 obchodzi\u0107 b\u0119dziemy Niedziel\u0119 Misyjn\u0105. Ofiary sk\u0142adane na tac\u0119 b\u0119d\u0105 przeznaczone na ten cel. Przed ko\u015bcio\u0142em, pod kopu\u0142\u0105, odb\u0119dzie si\u0119 kiermasz charytatywny prowadzony przez wolontariuszy Fundacji Przyjaciel Misji. Na kiermaszu b\u0119d\u0105 sprzedawane obrazy malowane przez polskich artyst\u00f3w, oraz artyku\u0142y misyjne i inne r\u0119kodzie\u0142a. Uzyskana kwota zostanie przeznaczona na budow\u0119 studni w Sudanie Po\u0142udniowym.<\/p>\n<p>10.R\u00f3wnie\u017c za tydzie\u0144, o godzinie 15.30, w Muzeum Historycznym na Piaskach, odb\u0119dzie si\u0119 prelekcja dra. Artura Bojarskiego pt. <em>Trzy dni w Wilnie \u2013 kilka s\u0142\u00f3w refleksji<\/em>.<\/p>\n<p>11.W przysz\u0142\u0105 niedziel\u0119, o godzinie 10.25, odb\u0119dzie si\u0119 katecheza dla dzieci klas IV SP przed Komuni\u0105 \u015bwi\u0119t\u0105 rocznicow\u0105.<\/p>\n<p>12.Dzisiaj obchodzimy kolejny Dzie\u0144 Papieski pod has\u0142em <em>\u015awi\u0119ty Jan Pawe\u0142 II \u2013 Prorok nadziei<\/em>. Przed ko\u015bcio\u0142em m\u0142odzie\u017c zbiera do puszek ofiary na stypendia dla utalentowanej, a biednej m\u0142odzie\u017cy ze wsi i miast. W ten spos\u00f3b, od lat, budujemy \u017cywy pomnik \u015bwi\u0119temu Janowi Paw\u0142owi II.<\/p>\n<p>13.Zbli\u017ca si\u0119 listopad, miesi\u0105c naszej szczeg\u00f3lnej modlitwy za zmar\u0142ych. Po Mszach \u015bwi\u0119tych, przed ko\u015bcio\u0142em, b\u0119d\u0105 rozdawane kartki na wypominki jednorazowe, oktawalne i roczne za naszych bliskich zmar\u0142ych. Otoczmy nasz\u0105 serdeczn\u0105 modlitw\u0105 tych, kt\u00f3rzy ju\u017c od nas odeszli.<\/p>\n<p>14.Kalendarz liturgiczny na ten tydzie\u0144: w poniedzia\u0142ek \u2013 wspomnienie \u015bw. Honorata Ko\u017ami\u0144skiego, prezbitera; we wtorek \u2013 wspomnienie \u015bw. Ma\u0142gorzaty Marii Alacoque, dziewicy; w \u015brod\u0119 \u2013 wspomnienie \u015bw. Teresy od Jezusa, dziewicy i doktora Ko\u015bcio\u0142a; w czwartek \u2013 wspomnienie \u015bw. Jadwigi \u015al\u0105skiej; w pi\u0105tek \u2013 wspomnienie \u015bw. Ignacego Antioche\u0144skiego, biskupa i m\u0119czennika; w sobot\u0119 \u2013 \u015bwi\u0119to \u015bw. \u0141ukasza, Ewangelisty.<\/p>\n","protected":false},"excerpt":{"rendered":"<p>1.W dniu wczorajszym, w katedrze \u015bw. Floriana w Warszawie, dw\u00f3ch naszych ministrant\u00f3w, w uroczystej Mszy \u015bwi\u0119tej sprawowanej przez ks.bp. Romualda Kami\u0144skiego, zosta\u0142o promowanych na ceremoniarza i lektora. \u017byczymy im rozmi\u0142owania si\u0119 w Liturgii i wzbogacanie jej poprzez swoj\u0105 pos\u0142ug\u0119. 2.Jeszcze dzisiaj odb\u0119d\u0105 si\u0119 nast\u0119puj\u0105ce spotkania: + o 10.25 \u2013 katecheza dla dzieci klas III SP [&hellip;]<\/p>\n","protected":false},"author":10,"featured_media":30657,"comment_status":"open","ping_status":"open","sticky":false,"template":"","format":"standard","meta":{"footnotes":""},"categories":[2,14],"tags":[],"class_list":["post-30829","post","type-post","status-publish","format-standard","has-post-thumbnail","hentry","category-aktualnosci","category-ogloszenia-parafialne"],"_links":{"self":[{"href":"https:\/\/mbfatimska.ovh\/index.php\/wp-json\/wp\/v2\/posts\/30829","targetHints":{"allow":["GET"]}}],"collection":[{"href":"https:\/\/mbfatimska.ovh\/index.php\/wp-json\/wp\/v2\/posts"}],"about":[{"href":"https:\/\/mbfatimska.ovh\/index.php\/wp-json\/wp\/v2\/types\/post"}],"author":[{"embeddable":true,"href":"https:\/\/mbfatimska.ovh\/index.php\/wp-json\/wp\/v2\/users\/10"}],"replies":[{"embeddable":true,"href":"https:\/\/mbfatimska.ovh\/index.php\/wp-json\/wp\/v2\/comments?post=30829"}],"version-history":[{"count":3,"href":"https:\/\/mbfatimska.ovh\/index.php\/wp-json\/wp\/v2\/posts\/30829\/revisions"}],"predecessor-version":[{"id":30832,"href":"https:\/\/mbfatimska.ovh\/index.php\/wp-json\/wp\/v2\/posts\/30829\/revisions\/30832"}],"wp:featuredmedia":[{"embeddable":true,"href":"https:\/\/mbfatimska.ovh\/index.php\/wp-json\/wp\/v2\/media\/30657"}],"wp:attachment":[{"href":"https:\/\/mbfatimska.ovh\/index.php\/wp-json\/wp\/v2\/media?parent=30829"}],"wp:term":[{"taxonomy":"category","embeddable":true,"href":"https:\/\/mbfatimska.ovh\/index.php\/wp-json\/wp\/v2\/categories?post=30829"},{"taxonomy":"post_tag","embeddable":true,"href":"https:\/\/mbfatimska.ovh\/index.php\/wp-json\/wp\/v2\/tags?post=30829"}],"curies":[{"name":"wp","href":"https:\/\/api.w.org\/{rel}","templated":true}]}}