{"id":30859,"date":"2025-10-18T12:24:46","date_gmt":"2025-10-18T12:24:46","guid":{"rendered":"https:\/\/mbfatimska.ovh\/?p=30859"},"modified":"2025-10-18T17:37:47","modified_gmt":"2025-10-18T17:37:47","slug":"xxix-niedziela-zwykla-4","status":"publish","type":"post","link":"https:\/\/mbfatimska.ovh\/index.php\/2025\/10\/18\/xxix-niedziela-zwykla-4\/","title":{"rendered":"XXIX Niedziela Zwyk\u0142a"},"content":{"rendered":"<p>1.Dzisiejsza niedziela, w ca\u0142ym Ko\u015bciele Powszechnym, jest niedziel\u0105 misyjn\u0105. Patrzymy na tych, kt\u00f3rzy jad\u0105 w dalekie strony by g\u0142osi\u0107 Jezusa Chrystusa. My r\u00f3wnie\u017c mo\u017cemy by\u0107 misjonarzami w \u015brodowisku, w kt\u00f3rym pracujemy i \u017cyjemy. Przed ko\u015bcio\u0142em, pod kopu\u0142\u0105, w zwi\u0105zku z dniem misyjnym, odbywa si\u0119 kiermasz charytatywny prowadzony przez wolontariuszy Fundacji Przyjaciel Misji. Na kiermaszu s\u0105 sprzedawane obrazy malowane przez polskich artyst\u00f3w, oraz artyku\u0142y misyjne i inne r\u0119kodzie\u0142a. Uzyskana kwota zostanie przeznaczona na budow\u0119 studni w Sudanie Po\u0142udniowym.<\/p>\n<p>2.Jeszcze dzisiaj, o godzinie 10.25, odb\u0119dzie si\u0119 katecheza dla dzieci klas IV SP przed Komuni\u0105 \u015bwi\u0119t\u0105 rocznicow\u0105.<\/p>\n<p>3.R\u00f3wnie\u017c dzisiaj zapraszamy na kolejne nabo\u017ce\u0144stwo do \u015bw. J\u00f3zefa, patrona ma\u0142\u017ce\u0144stw i rodzin, kt\u00f3re b\u0119dzie po\u0142\u0105czone z nabo\u017ce\u0144stwem r\u00f3\u017ca\u0144cowym o godzinie 17.15.<\/p>\n<p>4.W \u015brod\u0119, 22 pa\u017adziernika, zapraszamy na kolejne nabo\u017ce\u0144stwo do \u015bw. Rity. O godzinie 17.40 b\u0119dziemy przedstawia\u0107 intencje patronce spraw trudnych i beznadziejnych, a o godzinie 18.00, zostanie odprawiona Msza \u015bwi\u0119ta, podczas kt\u00f3rej b\u0119d\u0105 po\u015bwi\u0119cone r\u00f3\u017ce, kt\u00f3re b\u0119dzie mo\u017cna zakupi\u0107 przed nabo\u017ce\u0144stwem.<\/p>\n<p>5.W czwartek, w godzinach 18-19, w budynku Centrum Wsparcia Fizycznego, b\u0119dzie mo\u017cliwo\u015b\u0107 skorzystania z porad i konsultacji logopedy szkolnego.<\/p>\n<p>6.W sobot\u0119, o godzinie 11.00, grupa 47 m\u0142odych ludzi przyst\u0105pi do sakramentu bierzmowania. Sakramentu udzieli delegat ksi\u0119dza biskupa, ksi\u0105dz pra\u0142at Dariusz Szczepaniuk.<\/p>\n<p>7.W tym tygodniu m\u0142odzie\u017c, kt\u00f3ra w sobot\u0119 b\u0119dzie przyjmowa\u0142a sakrament bierzmowania, b\u0119dzie mia\u0142a swoje pr\u00f3by przed t\u0105 uroczysto\u015bci\u0105:<\/p>\n<p>+ w poniedzia\u0142ek \u2013 odprawa o godzinie 19.15 w ko\u015bciele<\/p>\n<p>+ w czwartek \u2013 w godzinach 17.30 \u2013 18.30 \u2013 sakrament pokuty i pojednania dla kandydat\u00f3w i \u015bwiadk\u00f3w<\/p>\n<p>+ w pi\u0105tek \u2013 o godzinie 19.15 \u2013 odprawa przed przyj\u0119ciem sakramentu w ko\u015bciele<\/p>\n<p>8.W przysz\u0142\u0105 niedziel\u0119 odb\u0119d\u0105 si\u0119 nast\u0119puj\u0105ce katechezy:<\/p>\n<p>+ o 10.25 \u2013 katecheza dla dzieci klas III SP przed I Komuni\u0105 \u015bwi\u0119t\u0105<\/p>\n<p>+ o 16.15 \u2013 dla m\u0142odzie\u017cy przed sakramentem bierzmowania<\/p>\n<p>9.R\u00f3wnie\u017c w przysz\u0142\u0105 niedziel\u0119, o godzinie 16.00, w kawiarence, odb\u0119dzie si\u0119 spotkanie Duszpasterskiej Rady Parafialnej i Ekonomicznej Rady Parafialnej. Obecno\u015b\u0107 obowi\u0105zkowa.<\/p>\n<p>10.W dniach od 23 do 28 listopada, prze\u017cywa\u0107 b\u0119dziemy Misje Parafialne z cudown\u0105 figur\u0105 \u015bw. Micha\u0142a Archanio\u0142a z Gargano. Misje poprowadz\u0105 ksi\u0119\u017ca michalici. Poprzednie misje odby\u0142y si\u0119 w 2013 roku. Obecne prze\u017cywa\u0107 b\u0119dziemy w roku jubileuszowym, oraz b\u0119d\u0105 nas przygotowywa\u0107 do 30. rocznicy powstania O\u015brodka Duszpasterskiego, a p\u00f3\u017aniej parafii, jak r\u00f3wnie\u017c do 10. rocznicy konsekracji naszej \u015bwi\u0105tyni. To wszystko przed nami w przysz\u0142ym roku. Prosimy tak sobie zarezerwowa\u0107 czas by wzi\u0105\u0107 udzia\u0142 w tym niecodziennym wydarzeniu, jakim s\u0105 misje, a kt\u00f3re odbywaj\u0105 si\u0119 raz na 10-15 lat. Z racji tego, \u017ce misje b\u0119d\u0105 przed I Niedziel\u0105 Adwentu, w tym roku nie b\u0119dzie rekolekcji adwentowych. W przysz\u0142\u0105 niedziel\u0119 b\u0119d\u0105 dost\u0119pne foldery z dok\u0142adnym programem misji.<\/p>\n<p>11.Zbli\u017ca si\u0119 listopad, miesi\u0105c szczeg\u00f3lnej pami\u0119ci o naszych bliskich zmar\u0142ych. Pami\u0119tajmy o nich polecaj\u0105c ich w modlitwie wypominkowej. Kartki na wypominki wy\u0142o\u017cone s\u0105 na stolikach za \u0142awkami.<\/p>\n<p>12.Kalendarz liturgiczny na ten tydzie\u0144: w poniedzia\u0142ek \u2013 wspomnienie \u015bw. Jana Kantego, prezbitera; w \u015brod\u0119 \u2013 wspomnienie \u015bw. Jana Paw\u0142a II, papie\u017ca.<\/p>\n","protected":false},"excerpt":{"rendered":"<p>1.Dzisiejsza niedziela, w ca\u0142ym Ko\u015bciele Powszechnym, jest niedziel\u0105 misyjn\u0105. Patrzymy na tych, kt\u00f3rzy jad\u0105 w dalekie strony by g\u0142osi\u0107 Jezusa Chrystusa. My r\u00f3wnie\u017c mo\u017cemy by\u0107 misjonarzami w \u015brodowisku, w kt\u00f3rym pracujemy i \u017cyjemy. Przed ko\u015bcio\u0142em, pod kopu\u0142\u0105, w zwi\u0105zku z dniem misyjnym, odbywa si\u0119 kiermasz charytatywny prowadzony przez wolontariuszy Fundacji Przyjaciel Misji. Na kiermaszu s\u0105 [&hellip;]<\/p>\n","protected":false},"author":10,"featured_media":30657,"comment_status":"open","ping_status":"open","sticky":false,"template":"","format":"standard","meta":{"footnotes":""},"categories":[2,14],"tags":[],"class_list":["post-30859","post","type-post","status-publish","format-standard","has-post-thumbnail","hentry","category-aktualnosci","category-ogloszenia-parafialne"],"_links":{"self":[{"href":"https:\/\/mbfatimska.ovh\/index.php\/wp-json\/wp\/v2\/posts\/30859","targetHints":{"allow":["GET"]}}],"collection":[{"href":"https:\/\/mbfatimska.ovh\/index.php\/wp-json\/wp\/v2\/posts"}],"about":[{"href":"https:\/\/mbfatimska.ovh\/index.php\/wp-json\/wp\/v2\/types\/post"}],"author":[{"embeddable":true,"href":"https:\/\/mbfatimska.ovh\/index.php\/wp-json\/wp\/v2\/users\/10"}],"replies":[{"embeddable":true,"href":"https:\/\/mbfatimska.ovh\/index.php\/wp-json\/wp\/v2\/comments?post=30859"}],"version-history":[{"count":3,"href":"https:\/\/mbfatimska.ovh\/index.php\/wp-json\/wp\/v2\/posts\/30859\/revisions"}],"predecessor-version":[{"id":30862,"href":"https:\/\/mbfatimska.ovh\/index.php\/wp-json\/wp\/v2\/posts\/30859\/revisions\/30862"}],"wp:featuredmedia":[{"embeddable":true,"href":"https:\/\/mbfatimska.ovh\/index.php\/wp-json\/wp\/v2\/media\/30657"}],"wp:attachment":[{"href":"https:\/\/mbfatimska.ovh\/index.php\/wp-json\/wp\/v2\/media?parent=30859"}],"wp:term":[{"taxonomy":"category","embeddable":true,"href":"https:\/\/mbfatimska.ovh\/index.php\/wp-json\/wp\/v2\/categories?post=30859"},{"taxonomy":"post_tag","embeddable":true,"href":"https:\/\/mbfatimska.ovh\/index.php\/wp-json\/wp\/v2\/tags?post=30859"}],"curies":[{"name":"wp","href":"https:\/\/api.w.org\/{rel}","templated":true}]}}