{"id":31327,"date":"2025-10-17T13:23:30","date_gmt":"2025-10-17T13:23:30","guid":{"rendered":"https:\/\/mbfatimska.ovh\/?p=31327"},"modified":"2025-10-20T13:29:35","modified_gmt":"2025-10-20T13:29:35","slug":"nagrody-dla-nauczycieli","status":"publish","type":"post","link":"https:\/\/mbfatimska.ovh\/index.php\/2025\/10\/17\/nagrody-dla-nauczycieli\/","title":{"rendered":"Nagrody dla nauczycieli"},"content":{"rendered":"\t\t<div data-elementor-type=\"wp-post\" data-elementor-id=\"31327\" class=\"elementor elementor-31327\" data-elementor-post-type=\"post\">\n\t\t\t\t<div class=\"elementor-element elementor-element-526a83a7 e-flex e-con-boxed e-con e-parent\" data-id=\"526a83a7\" data-element_type=\"container\" data-e-type=\"container\">\n\t\t\t\t\t<div class=\"e-con-inner\">\n\t\t\t\t<div class=\"elementor-element elementor-element-39de73f7 elementor-widget elementor-widget-text-editor\" data-id=\"39de73f7\" data-element_type=\"widget\" data-e-type=\"widget\" data-widget_type=\"text-editor.default\">\n\t\t\t\t<div class=\"elementor-widget-container\">\n\t\t\t\t\t\t\t\t\t<p align=\"left\"><span style=\"font-family: Times New Roman, serif;\"><span style=\"font-size: large;\">Tradycyjnie Legionowskie Stowarzyszenie Amicus w zwi\u0105zku z dniem Edukacji Narodowej nagrodzi\u0142o dwoje nauczycieli przyznaj\u0105c im nagrod\u0119 pieni\u0119\u017cn\u0105 w kwocie 800 z\u0142. Pragnieniem Stowarzyszenia jest nagrodzenie tych pedagog\u00f3w, kt\u00f3rzy opr\u00f3cz swojej codziennej pracy z dzie\u0107mi i m\u0142odzie\u017c\u0105 anga\u017cuj\u0105 si\u0119 w inne wydarzenia pracy z dzie\u0107mi i m\u0142odzie\u017c\u0105 anga\u017cuj\u0105 si\u0119 w inne wydarzenia edukacyjne i spo\u0142eczne dla dobra podopiecznych jak i lokalnej spo\u0142eczno\u015bci czy szko\u0142y. Od lat nagrody przyznawane s\u0105 nauczycielom ze Szko\u0142y Podstawowej w B\u0142\u0119dostowie- gmina Winnica, oraz Szko\u0142y Podstawowej nr 8 w Legionowie. Dobro nale\u017cy nagradza\u0107 i promowa\u0107. Nagrody zosta\u0142y wr\u0119czone przez Prezesa Zarz\u0105du Stowarzyszenia ks. pra\u0142. Tomasza Chcia\u0142owskiego. <\/span><\/span><\/p>\n<p align=\"left\"><\/p>\t\t\t\t\t\t\t\t<\/div>\n\t\t\t\t<\/div>\n\t\t\t\t\t<\/div>\n\t\t\t\t<\/div>\n\t\t<div class=\"elementor-element elementor-element-e9495e3 e-flex e-con-boxed e-con e-parent\" data-id=\"e9495e3\" data-element_type=\"container\" data-e-type=\"container\">\n\t\t\t\t\t<div class=\"e-con-inner\">\n\t\t\t\t<div class=\"elementor-element elementor-element-26eee67 elementor-widget elementor-widget-image-gallery\" data-id=\"26eee67\" data-element_type=\"widget\" data-e-type=\"widget\" data-widget_type=\"image-gallery.default\">\n\t\t\t\t<div class=\"elementor-widget-container\">\n\t\t\t\t\t\t\t<div class=\"elementor-image-gallery\">\n\t\t\t<div id='gallery-1' class='gallery galleryid-31327 gallery-columns-2 gallery-size-full'><figure class='gallery-item'>\n\t\t\t<div class='gallery-icon landscape'>\n\t\t\t\t<a data-elementor-open-lightbox=\"yes\" data-elementor-lightbox-slideshow=\"26eee67\" data-elementor-lightbox-title=\"SKM_C224e25102014050\" data-e-action-hash=\"#elementor-action%3Aaction%3Dlightbox%26settings%3DeyJpZCI6MzEzMzIsInVybCI6Imh0dHBzOlwvXC9tYmZhdGltc2thLm92aFwvd3AtY29udGVudFwvdXBsb2Fkc1wvMjAyNVwvMTBcL1NLTV9DMjI0ZTI1MTAyMDE0MDUwLTEuanBnIiwic2xpZGVzaG93IjoiMjZlZWU2NyJ9\" href='https:\/\/mbfatimska.ovh\/wp-content\/uploads\/2025\/10\/SKM_C224e25102014050-1.jpg'><img fetchpriority=\"high\" width=\"1059\" height=\"749\" src=\"https:\/\/mbfatimska.ovh\/wp-content\/uploads\/2025\/10\/SKM_C224e25102014050-1.jpg\" class=\"attachment-full size-full\" alt=\"\" decoding=\"async\" srcset=\"https:\/\/mbfatimska.ovh\/wp-content\/uploads\/2025\/10\/SKM_C224e25102014050-1.jpg 1059w, https:\/\/mbfatimska.ovh\/wp-content\/uploads\/2025\/10\/SKM_C224e25102014050-1-300x212.jpg 300w, https:\/\/mbfatimska.ovh\/wp-content\/uploads\/2025\/10\/SKM_C224e25102014050-1-1024x724.jpg 1024w, https:\/\/mbfatimska.ovh\/wp-content\/uploads\/2025\/10\/SKM_C224e25102014050-1-768x543.jpg 768w\" sizes=\"(max-width: 1059px) 100vw, 1059px\" \/><\/a>\n\t\t\t<\/div><\/figure><figure class='gallery-item'>\n\t\t\t<div class='gallery-icon landscape'>\n\t\t\t\t<a data-elementor-open-lightbox=\"yes\" data-elementor-lightbox-slideshow=\"26eee67\" data-elementor-lightbox-title=\"SKM_C224e25102014060\" data-e-action-hash=\"#elementor-action%3Aaction%3Dlightbox%26settings%3DeyJpZCI6MzEzMzMsInVybCI6Imh0dHBzOlwvXC9tYmZhdGltc2thLm92aFwvd3AtY29udGVudFwvdXBsb2Fkc1wvMjAyNVwvMTBcL1NLTV9DMjI0ZTI1MTAyMDE0MDYwLTEuanBnIiwic2xpZGVzaG93IjoiMjZlZWU2NyJ9\" href='https:\/\/mbfatimska.ovh\/wp-content\/uploads\/2025\/10\/SKM_C224e25102014060-1.jpg'><img width=\"1059\" height=\"749\" src=\"https:\/\/mbfatimska.ovh\/wp-content\/uploads\/2025\/10\/SKM_C224e25102014060-1.jpg\" class=\"attachment-full size-full\" alt=\"\" decoding=\"async\" srcset=\"https:\/\/mbfatimska.ovh\/wp-content\/uploads\/2025\/10\/SKM_C224e25102014060-1.jpg 1059w, https:\/\/mbfatimska.ovh\/wp-content\/uploads\/2025\/10\/SKM_C224e25102014060-1-300x212.jpg 300w, https:\/\/mbfatimska.ovh\/wp-content\/uploads\/2025\/10\/SKM_C224e25102014060-1-1024x724.jpg 1024w, https:\/\/mbfatimska.ovh\/wp-content\/uploads\/2025\/10\/SKM_C224e25102014060-1-768x543.jpg 768w\" sizes=\"(max-width: 1059px) 100vw, 1059px\" \/><\/a>\n\t\t\t<\/div><\/figure>\n\t\t<\/div>\n\t\t<\/div>\n\t\t\t\t\t\t<\/div>\n\t\t\t\t<\/div>\n\t\t\t\t\t<\/div>\n\t\t\t\t<\/div>\n\t\t<div class=\"elementor-element elementor-element-68c7650 e-flex e-con-boxed e-con e-parent\" data-id=\"68c7650\" data-element_type=\"container\" data-e-type=\"container\">\n\t\t\t\t\t<div class=\"e-con-inner\">\n\t\t\t\t\t<\/div>\n\t\t\t\t<\/div>\n\t\t\t\t<\/div>\n\t\t","protected":false},"excerpt":{"rendered":"<p>Tradycyjnie Legionowskie Stowarzyszenie Amicus w zwi\u0105zku z dniem Edukacji Narodowej nagrodzi\u0142o dwoje nauczycieli przyznaj\u0105c im nagrod\u0119 pieni\u0119\u017cn\u0105 w kwocie 800 z\u0142. Pragnieniem Stowarzyszenia jest nagrodzenie tych pedagog\u00f3w, kt\u00f3rzy opr\u00f3cz swojej codziennej pracy z dzie\u0107mi i m\u0142odzie\u017c\u0105 anga\u017cuj\u0105 si\u0119 w inne wydarzenia pracy z dzie\u0107mi i m\u0142odzie\u017c\u0105 anga\u017cuj\u0105 si\u0119 w inne wydarzenia edukacyjne i spo\u0142eczne dla [&hellip;]<\/p>\n","protected":false},"author":8,"featured_media":30657,"comment_status":"open","ping_status":"open","sticky":false,"template":"","format":"standard","meta":{"footnotes":""},"categories":[2,3,6],"tags":[],"class_list":["post-31327","post","type-post","status-publish","format-standard","has-post-thumbnail","hentry","category-aktualnosci","category-bez-kategorii","category-galerie"],"_links":{"self":[{"href":"https:\/\/mbfatimska.ovh\/index.php\/wp-json\/wp\/v2\/posts\/31327","targetHints":{"allow":["GET"]}}],"collection":[{"href":"https:\/\/mbfatimska.ovh\/index.php\/wp-json\/wp\/v2\/posts"}],"about":[{"href":"https:\/\/mbfatimska.ovh\/index.php\/wp-json\/wp\/v2\/types\/post"}],"author":[{"embeddable":true,"href":"https:\/\/mbfatimska.ovh\/index.php\/wp-json\/wp\/v2\/users\/8"}],"replies":[{"embeddable":true,"href":"https:\/\/mbfatimska.ovh\/index.php\/wp-json\/wp\/v2\/comments?post=31327"}],"version-history":[{"count":4,"href":"https:\/\/mbfatimska.ovh\/index.php\/wp-json\/wp\/v2\/posts\/31327\/revisions"}],"predecessor-version":[{"id":31336,"href":"https:\/\/mbfatimska.ovh\/index.php\/wp-json\/wp\/v2\/posts\/31327\/revisions\/31336"}],"wp:featuredmedia":[{"embeddable":true,"href":"https:\/\/mbfatimska.ovh\/index.php\/wp-json\/wp\/v2\/media\/30657"}],"wp:attachment":[{"href":"https:\/\/mbfatimska.ovh\/index.php\/wp-json\/wp\/v2\/media?parent=31327"}],"wp:term":[{"taxonomy":"category","embeddable":true,"href":"https:\/\/mbfatimska.ovh\/index.php\/wp-json\/wp\/v2\/categories?post=31327"},{"taxonomy":"post_tag","embeddable":true,"href":"https:\/\/mbfatimska.ovh\/index.php\/wp-json\/wp\/v2\/tags?post=31327"}],"curies":[{"name":"wp","href":"https:\/\/api.w.org\/{rel}","templated":true}]}}