{"id":31440,"date":"2025-10-25T12:31:42","date_gmt":"2025-10-25T12:31:42","guid":{"rendered":"https:\/\/mbfatimska.ovh\/?p=31440"},"modified":"2025-10-25T17:20:25","modified_gmt":"2025-10-25T17:20:25","slug":"xxx-niedziela-zwykla-3","status":"publish","type":"post","link":"https:\/\/mbfatimska.ovh\/index.php\/2025\/10\/25\/xxx-niedziela-zwykla-3\/","title":{"rendered":"XXX Niedziela Zwyk\u0142a"},"content":{"rendered":"<p>1.W dniu wczorajszym,\u00a0 grupa 44 os\u00f3b, przyst\u0105pi\u0142a do sakramentu bierzmowania. M\u0142odzie\u017cy dzi\u0119kujemy za pe\u0142n\u0105 powagi postaw\u0119 chrze\u015bcija\u0144sk\u0105 w czasie uroczysto\u015bci i \u017cyczymy odwa\u017cnego i pe\u0142nego gorliwo\u015bci \u015bwiadczenia o Panu Bogu.<\/p>\n<p>2.Jeszcze dzisiaj odb\u0119d\u0105 si\u0119 nast\u0119puj\u0105ce katechezy:<\/p>\n<p>+ O 10.25 \u2013 dla dzieci klas III SP przed I Komuni\u0105 \u015bwi\u0119t\u0105<\/p>\n<p>+ O 16.15 \u2013 dla m\u0142odzie\u017cy przed sakramentem bierzmowania<\/p>\n<p>3.R\u00f3wnie\u017c dzisiaj, o godzinie 16.00, w kawiarence, odb\u0119dzie si\u0119 spotkanie rad parafialnych \u2013 duszpasterskiej jak i ekonomicznej.<\/p>\n<p>4.We wtorek, w ramach nabo\u017ce\u0144stwa r\u00f3\u017ca\u0144cowego, z racji 28 dnia miesi\u0105ca, modli\u0107 si\u0119 b\u0119dziemy do b\u0142ogos\u0142awionego kardyna\u0142a Wyszy\u0144skiego, patrona naszego miasta.<\/p>\n<p>5.W pi\u0105tek, o godzinie 18.00, zostanie odprawiona Msza \u015bwi\u0119ta wypominkowa za naszych bliskich zmar\u0142ych. Nabo\u017ce\u0144stwo pa\u017adziernikowe tego dnia b\u0119dzie o godzinie 17.30.<\/p>\n<p>6.W sobot\u0119 obchodzi\u0107 b\u0119dziemy Uroczysto\u015b\u0107 Wszystkich \u015awi\u0119tych. Msze \u015bwi\u0119te w naszym ko\u015bciele o godzinie: 7.30, 9.00, 11.00, 12.30 \u2013 Msza cicha, \u017ca\u0142obna i o 18.00. Tego dnia Msza \u015bwi\u0119ta na cmentarzu odb\u0119dzie si\u0119 o 12.30.<\/p>\n<p>7.W Uroczysto\u015b\u0107 Wszystkich \u015awi\u0119tych, zapraszamy na nabo\u017ce\u0144stwo za zmar\u0142ych o godzinie 17.15. To nabo\u017ce\u0144stwo b\u0119dzie sprawowane r\u00f3wnie\u017c w niedziel\u0119, w Dzie\u0144 Zaduszny o tej samej godzinie.<\/p>\n<p>8.W sobot\u0119 i niedziel\u0119 wypominki oktawalne b\u0119d\u0105 wyczytywane o godzinie 17.45, a o godzinie 18.00, b\u0119dzie sprawowana Msza \u015bwi\u0119ta w intencji zmar\u0142ych polecanych w wypominkach.<\/p>\n<p>9.Od 1 do 8 listopada mo\u017cemy uzyska\u0107 odpust zupe\u0142ny i ofiarowa\u0107 go ka\u017cdego dnia w intencji jednej osoby zmar\u0142ej. Jakie nale\u017cy spe\u0142ni\u0107 warunki:<\/p>\n<p>&#8211; stan \u0142aski u\u015bwi\u0119caj\u0105cej<\/p>\n<p>&#8211; modlitwa za zmar\u0142ych<\/p>\n<p>&#8211; odm\u00f3wienie wyznania wiary<\/p>\n<p>&#8211; modlitwa w intencji Ojca \u015awi\u0119tego<\/p>\n<p>&#8211; brak przywi\u0105zania do grzechu<\/p>\n<p>&#8211; nawiedzenie cmentarza, ko\u015bcio\u0142a<\/p>\n<p>10.W tym tygodniu przypada:<\/p>\n<p>+ I sobota miesi\u0105ca \u2013 po Mszy \u015bwi\u0119tej o godzinie 18.00, wystawienie Naj\u015bwi\u0119tszego Sakramentu i nabo\u017ce\u0144stwo wynagradzaj\u0105ce Niepokalanemu Sercu Naj\u015bwi\u0119tszej Maryi Panny do godziny 20.15;<\/p>\n<p>+ I niedziela miesi\u0105ca \u2013 po Mszy \u015bwi\u0119tej o godzinie 12.30, wystawienie Naj\u015bwi\u0119tszego Sakramentu i mo\u017cliwo\u015b\u0107 adoracji do godziny 17.15.<\/p>\n<p>11.W dalszym ci\u0105gu pami\u0119tajmy o naszych bliskich zmar\u0142ych polecaj\u0105c ich modlitwie wypominkowej. Przyjmujemy dalej na wypominki jednorazowe, gdzie b\u0119dziemy omadla\u0107 naszych zmar\u0142ych na cmentarzu, oraz 1 i 2 listopada o godzinie 17.45, oktawalne \u2013 Msze \u015bwi\u0119te od 1 do 8 listopada o godzinie 18.00, roczne \u2013 Msza \u015bwi\u0119ta w ostatni pi\u0105tek miesi\u0105ca.<\/p>\n<p>12.W Legionowskim szpitalu, z my\u015bl\u0105 o paniach w wieku 45-74 lat, wykonywane s\u0105 bezp\u0142atne badania mammograficzne. Wi\u0119cej informacji na plakacie w gablocie, gdzie podany jest r\u00f3wnie\u017c numer telefonu, pod kt\u00f3rym dokonywane s\u0105 zapisy.<\/p>\n<p>13.W zwi\u0105zku z Uroczysto\u015bci\u0105 Wszystkich \u015awi\u0119tych i Dniem Zadusznym, Urz\u0105d Miasta Legionowo uruchomi bezp\u0142atn\u0105 lini\u0119 autobusow\u0105 dowo\u017c\u0105c\u0105 mieszka\u0144c\u00f3w na cmentarz parafialny. Ze wzgl\u0119du na utrudnienia w ruchu i brak mo\u017cliwo\u015bci parkowania w pobli\u017cu cmentarza, zach\u0119camy do skorzystania z tej formy dojazdu. Autobus b\u0119dzie kursowa\u0142 1 i 2 listopada, co 30 minut, w godzinach od 8.00 do 21.00. Trasa przejazdu obejmuje min. ulice: Al. Legion\u00f3w \u2013 Al. R\u00f3\u017c \u2013 Tunel \u2013 Krakowsk\u0105 \u2013 Sobieskiego \u2013 Pi\u0142sudskiego \u2013 Ko\u015bciuszki \u2013 Stacj\u0119 PKP, a nast\u0119pnie powr\u00f3t t\u0105 sam\u0105 drog\u0105.<\/p>\n<p>14.W ubieg\u0142\u0105 niedziel\u0119, w ca\u0142ej Polsce, odbywa\u0142o si\u0119 liczenie wiernych ucz\u0119szczaj\u0105cych na Msze \u015bwi\u0119te i przyjmuj\u0105cych Komuni\u0119 \u015bwi\u0119t\u0105. Nasza parafia liczy 5380 os\u00f3b. We Mszach \u015bwi\u0119tych uczestniczy\u0142y 1484 osoby (691 m\u0119\u017cczyzn i 783 kobiety), co stanowi 27,58%, a do Komunii \u015bwi\u0119tej przyst\u0105pi\u0142y 673 osoby (236 m\u0119\u017cczyzn i 437 kobiet).<\/p>\n<p>15.Przed ko\u015bcio\u0142em s\u0105 rozdawane foldery z programem Misji Parafialnych, kt\u00f3re odb\u0119d\u0105 si\u0119 w dniach 23-28 listopada 2025 roku z nawiedzeniem figury \u015bw. Micha\u0142a Archanio\u0142a z Gargano.<\/p>\n<p>16.Kalendarz liturgiczny na ten tydzie\u0144: we wtorek \u2013 \u015bwi\u0119to \u015bwi\u0119tych Aposto\u0142\u00f3w Szymona i Judy Tadeusza; w sobot\u0119 \u2013 uroczysto\u015b\u0107 Wszystkich \u015awi\u0119tych; w niedziel\u0119 Wspomnienie Wszystkich Wiernych Zmar\u0142ych.<\/p>\n","protected":false},"excerpt":{"rendered":"<p>1.W dniu wczorajszym,\u00a0 grupa 44 os\u00f3b, przyst\u0105pi\u0142a do sakramentu bierzmowania. M\u0142odzie\u017cy dzi\u0119kujemy za pe\u0142n\u0105 powagi postaw\u0119 chrze\u015bcija\u0144sk\u0105 w czasie uroczysto\u015bci i \u017cyczymy odwa\u017cnego i pe\u0142nego gorliwo\u015bci \u015bwiadczenia o Panu Bogu. 2.Jeszcze dzisiaj odb\u0119d\u0105 si\u0119 nast\u0119puj\u0105ce katechezy: + O 10.25 \u2013 dla dzieci klas III SP przed I Komuni\u0105 \u015bwi\u0119t\u0105 + O 16.15 \u2013 dla m\u0142odzie\u017cy [&hellip;]<\/p>\n","protected":false},"author":10,"featured_media":30657,"comment_status":"open","ping_status":"open","sticky":false,"template":"","format":"standard","meta":{"footnotes":""},"categories":[2,14],"tags":[],"class_list":["post-31440","post","type-post","status-publish","format-standard","has-post-thumbnail","hentry","category-aktualnosci","category-ogloszenia-parafialne"],"_links":{"self":[{"href":"https:\/\/mbfatimska.ovh\/index.php\/wp-json\/wp\/v2\/posts\/31440","targetHints":{"allow":["GET"]}}],"collection":[{"href":"https:\/\/mbfatimska.ovh\/index.php\/wp-json\/wp\/v2\/posts"}],"about":[{"href":"https:\/\/mbfatimska.ovh\/index.php\/wp-json\/wp\/v2\/types\/post"}],"author":[{"embeddable":true,"href":"https:\/\/mbfatimska.ovh\/index.php\/wp-json\/wp\/v2\/users\/10"}],"replies":[{"embeddable":true,"href":"https:\/\/mbfatimska.ovh\/index.php\/wp-json\/wp\/v2\/comments?post=31440"}],"version-history":[{"count":5,"href":"https:\/\/mbfatimska.ovh\/index.php\/wp-json\/wp\/v2\/posts\/31440\/revisions"}],"predecessor-version":[{"id":31446,"href":"https:\/\/mbfatimska.ovh\/index.php\/wp-json\/wp\/v2\/posts\/31440\/revisions\/31446"}],"wp:featuredmedia":[{"embeddable":true,"href":"https:\/\/mbfatimska.ovh\/index.php\/wp-json\/wp\/v2\/media\/30657"}],"wp:attachment":[{"href":"https:\/\/mbfatimska.ovh\/index.php\/wp-json\/wp\/v2\/media?parent=31440"}],"wp:term":[{"taxonomy":"category","embeddable":true,"href":"https:\/\/mbfatimska.ovh\/index.php\/wp-json\/wp\/v2\/categories?post=31440"},{"taxonomy":"post_tag","embeddable":true,"href":"https:\/\/mbfatimska.ovh\/index.php\/wp-json\/wp\/v2\/tags?post=31440"}],"curies":[{"name":"wp","href":"https:\/\/api.w.org\/{rel}","templated":true}]}}