{"id":31819,"date":"2025-11-01T18:17:48","date_gmt":"2025-11-01T18:17:48","guid":{"rendered":"https:\/\/mbfatimska.ovh\/?p=31819"},"modified":"2025-11-01T18:17:48","modified_gmt":"2025-11-01T18:17:48","slug":"wspomnienie-wszystkich-wiernych-zmarlych","status":"publish","type":"post","link":"https:\/\/mbfatimska.ovh\/index.php\/2025\/11\/01\/wspomnienie-wszystkich-wiernych-zmarlych\/","title":{"rendered":"Wspomnienie Wszystkich Wiernych Zmar\u0142ych"},"content":{"rendered":"<p>1.Dzisiaj, z racji I Niedzieli miesi\u0105ca, po Mszy \u015bwi\u0119tej o godzinie 12.30, wystawienie Naj\u015bwi\u0119tszego Sakramentu i mo\u017cliwo\u015b\u0107 adoracji do godziny 17.15.<\/p>\n<p>2.R\u00f3wnie\u017c dzisiaj, o godzinie 17.15, nabo\u017ce\u0144stwo za naszych bliskich zmar\u0142ych. W czasie nabo\u017ce\u0144stwa poleca\u0107 b\u0119dziemy Panu Bogu zmar\u0142ych w wypominkach jednorazowych.<\/p>\n<p>3.Do 8 listopada, podczas Mszy \u015bwi\u0119tej o godzinie 18.00, modli\u0107 si\u0119 b\u0119dziemy w intencji zmar\u0142ych polecanych w wypominkach oktawalnych, kt\u00f3rych imiona i nazwiska b\u0119d\u0105 wyczytywane 10 minut przed rozpocz\u0119ciem Mszy \u015bwi\u0119tej.<\/p>\n<p>4.W poniedzia\u0142ek, w godzinach 18-20, w budynku Centrum Wsparcia Fizycznego, mo\u017cemy skorzysta\u0107 z bezp\u0142atnych porad i konsultacji psychologa. Nie trzeba p\u0142aci\u0107 po 200z\u0142 i wi\u0119cej, skoro na miejscu przyjmuje ten sam psycholog, gdzie w innym miejscu trzeba by\u0142o s\u0142ono zap\u0142aci\u0107.<\/p>\n<p>5.R\u00f3wnie\u017c jutro, o godzinie 19.00, w ko\u015bciele, odb\u0119dzie si\u0119 spotkanie formacyjno-informacyjne dla rodzic\u00f3w dzieci komunijnych.<\/p>\n<p>6.W tym tygodniu przypada:<\/p>\n<p>+ I czwartek miesi\u0105ca \u2013 po Mszy \u015bwi\u0119tej o godzinie 18.00, wystawienie Naj\u015bwi\u0119tszego Sakramentu, modlitwa Koronk\u0105 do Bo\u017cego Mi\u0142osierdzia i mo\u017cliwo\u015b\u0107 adoracji do godziny 21.00;<\/p>\n<p>+ I pi\u0105tek miesi\u0105ca \u2013 spowied\u017a od 16.30 do 18.30.<\/p>\n<p>7.W pi\u0105tek, o godzinie 19.00, w kawiarence, odb\u0119dzie si\u0119 konferencja przedchrzcielna. Bior\u0105 w niej udzia\u0142 rodzice dziecka, kt\u00f3re b\u0119dzie chrzczone w naszej parafii, b\u0105d\u017a b\u0119dzie brana zgoda na chrzest do innej parafii, oraz kandydaci na rodzic\u00f3w chrzestnych zamieszka\u0142ych w naszej parafii.<\/p>\n<p>8.W przysz\u0142\u0105 niedziel\u0119, ze wzgl\u0119du na d\u0142ugi, listopadowy weekend zwi\u0105zany ze \u015awi\u0119tem Niepodleg\u0142o\u015bci, nie b\u0119dzie katechez dla dzieci klas III SP i m\u0142odzie\u017cy przed sakramentem bierzmowania.<\/p>\n<p>9.W \u015brod\u0119, o godzinie 16.30, w ko\u015bciele, odb\u0119dzie si\u0119 podsumowanie uczestnictwa dzieci w nabo\u017ce\u0144stwach r\u00f3\u017ca\u0144cowych. Na spotkanie nale\u017cy przynie\u015b\u0107 plansz\u0119 z naklejkami potwierdzaj\u0105cymi uczestnictwo. Przewidziane s\u0105 dyplomy i drobne upominki. Cieszymy si\u0119, \u017ce w czasie nabo\u017ce\u0144stw r\u00f3\u017ca\u0144cowych oko\u0142o 60 dzieci bra\u0142o aktywny udzia\u0142 w modlitwie r\u00f3\u017ca\u0144cowej.<\/p>\n<p>10.Dzi\u0119ki ofiarno\u015bci pielgrzym\u00f3w, kt\u00f3rzy udali si\u0119 w r\u00f3\u017cne miejsca sakralne w Polsce i poza granice, zosta\u0142y zakupione 4 ornaty (dwa bia\u0142e i dwa fioletowe), kt\u00f3re b\u0119d\u0105 s\u0142u\u017cy\u0142y do bardziej dostojnej oprawy Mszy \u015bwi\u0119tych.<\/p>\n<p>11.W minionych dniach zosta\u0142o wymienione ledowe o\u015bwietlenie kaplic r\u00f3\u017ca\u0144cowych. Dzi\u0119kujemy firmie Dorian za dostarczenie niezb\u0119dnego \u017ar\u00f3d\u0142a \u015bwiat\u0142a, a Panu Andrzejowi Bochaczowi, za profesjonalne wymienienie o\u015bwietlenia.<\/p>\n<p>12.Kalendarz liturgiczny na ten tydzie\u0144: we wtorek \u2013 wspomnienie \u015bwi\u0119tego Karola Boromeusza, biskupa.<\/p>\n","protected":false},"excerpt":{"rendered":"<p>1.Dzisiaj, z racji I Niedzieli miesi\u0105ca, po Mszy \u015bwi\u0119tej o godzinie 12.30, wystawienie Naj\u015bwi\u0119tszego Sakramentu i mo\u017cliwo\u015b\u0107 adoracji do godziny 17.15. 2.R\u00f3wnie\u017c dzisiaj, o godzinie 17.15, nabo\u017ce\u0144stwo za naszych bliskich zmar\u0142ych. W czasie nabo\u017ce\u0144stwa poleca\u0107 b\u0119dziemy Panu Bogu zmar\u0142ych w wypominkach jednorazowych. 3.Do 8 listopada, podczas Mszy \u015bwi\u0119tej o godzinie 18.00, modli\u0107 si\u0119 b\u0119dziemy w [&hellip;]<\/p>\n","protected":false},"author":10,"featured_media":30657,"comment_status":"open","ping_status":"open","sticky":false,"template":"","format":"standard","meta":{"footnotes":""},"categories":[2,14],"tags":[],"class_list":["post-31819","post","type-post","status-publish","format-standard","has-post-thumbnail","hentry","category-aktualnosci","category-ogloszenia-parafialne"],"_links":{"self":[{"href":"https:\/\/mbfatimska.ovh\/index.php\/wp-json\/wp\/v2\/posts\/31819","targetHints":{"allow":["GET"]}}],"collection":[{"href":"https:\/\/mbfatimska.ovh\/index.php\/wp-json\/wp\/v2\/posts"}],"about":[{"href":"https:\/\/mbfatimska.ovh\/index.php\/wp-json\/wp\/v2\/types\/post"}],"author":[{"embeddable":true,"href":"https:\/\/mbfatimska.ovh\/index.php\/wp-json\/wp\/v2\/users\/10"}],"replies":[{"embeddable":true,"href":"https:\/\/mbfatimska.ovh\/index.php\/wp-json\/wp\/v2\/comments?post=31819"}],"version-history":[{"count":2,"href":"https:\/\/mbfatimska.ovh\/index.php\/wp-json\/wp\/v2\/posts\/31819\/revisions"}],"predecessor-version":[{"id":40749,"href":"https:\/\/mbfatimska.ovh\/index.php\/wp-json\/wp\/v2\/posts\/31819\/revisions\/40749"}],"wp:featuredmedia":[{"embeddable":true,"href":"https:\/\/mbfatimska.ovh\/index.php\/wp-json\/wp\/v2\/media\/30657"}],"wp:attachment":[{"href":"https:\/\/mbfatimska.ovh\/index.php\/wp-json\/wp\/v2\/media?parent=31819"}],"wp:term":[{"taxonomy":"category","embeddable":true,"href":"https:\/\/mbfatimska.ovh\/index.php\/wp-json\/wp\/v2\/categories?post=31819"},{"taxonomy":"post_tag","embeddable":true,"href":"https:\/\/mbfatimska.ovh\/index.php\/wp-json\/wp\/v2\/tags?post=31819"}],"curies":[{"name":"wp","href":"https:\/\/api.w.org\/{rel}","templated":true}]}}