{"id":32029,"date":"2025-11-08T10:10:37","date_gmt":"2025-11-08T10:10:37","guid":{"rendered":"https:\/\/mbfatimska.ovh\/?p=32029"},"modified":"2025-11-08T18:36:29","modified_gmt":"2025-11-08T18:36:29","slug":"xxxii-niedziela-zwykla-4","status":"publish","type":"post","link":"https:\/\/mbfatimska.ovh\/index.php\/2025\/11\/08\/xxxii-niedziela-zwykla-4\/","title":{"rendered":"XXXII Niedziela Zwyk\u0142a &#8211; \u015awi\u0119to Rocznicy Po\u015bwi\u0119cenia Bazyliki Latera\u0144skiej"},"content":{"rendered":"<p>1.W zwi\u0105zku z d\u0142ugim weekendem, zwi\u0105zanym ze \u015awi\u0119tem Niepodleg\u0142o\u015bci, w dniu dzisiejszym nie b\u0119dzie katechez dla dzieci komunijnych i m\u0142odzie\u017cy bierzmowanej.<\/p>\n<p>2.We wtorek \u015awi\u0119to Niepodleg\u0142o\u015bci. B\u0119dziemy \u015bwi\u0119towa\u0107 107. rocznic\u0119 odzyskania wolno\u015bci po 123 latach niewoli. Zapraszamy na Msze \u015bwi\u0119te w naszym ko\u015bciele o godzinie 17.00 i 18.00.<\/p>\n<p>3.W zwi\u0105zku ze \u015awi\u0119tem Niepodleg\u0142o\u015bci Prezydent Miasta Legionowo zaprasza na og\u00f3lnolegionowskie obchody 107. Rocznicy odzyskania niepodleg\u0142o\u015bci. Uroczysto\u015bci rozpoczn\u0105 si\u0119 w poniedzia\u0142ek, 10 listopada, o godzinie 18.00 Msz\u0105 \u015bwi\u0119t\u0105 w intencji Ojczyzny w ko\u015bciele garnizonowym \u015bw. J\u00f3zefa Oblubie\u0144ca Naj\u015bwi\u0119tszej Maryi Panny. We wtorek, 11 listopada, o godzinie 12.00, wsp\u00f3lnie za\u015bpiewamy hymn i zata\u0144czymy poloneza wok\u00f3\u0142 ronda marsza\u0142ka J\u00f3zefa Pi\u0142sudskiego, a o godzinie 15.00, na Arenie Legionowo, wyst\u0105pi niezwyk\u0142y tercet tenor\u00f3w Tre Voci. Wst\u0119p wolny.<\/p>\n<p>4.W pi\u0105tek, o godzinie 18.30, w ko\u015bciele, odb\u0119dzie si\u0119 spotkanie dla rodzic\u00f3w dzieci rocznicowych.<\/p>\n<p>5.W przysz\u0142\u0105 niedziel\u0119 odb\u0119d\u0105 si\u0119 nast\u0119puj\u0105ce spotkania:<\/p>\n<p>+ O 10.25 \u2013 katecheza dla dzieci rocznicowych<\/p>\n<p>+ O 17.00 \u2013 dla m\u0142odzie\u017cy przed sakramentem bierzmowania.<\/p>\n<p>6.R\u00f3wnie\u017c w przysz\u0142\u0105 niedziel\u0119, w Muzeum Historycznym na Piaskach, o godzinie 15.30, odb\u0119dzie si\u0119 prelekcja dr. Adama Kaczy\u0144skiego pt. <em>Pierwsze Legionowo na Wo\u0142yniu \u2013 110 rocznica powstania przyfrontowej osady<\/em>. Wst\u0119p wolny.<\/p>\n<p>7.Przygotowujemy si\u0119 do naszych misji parafialnych, kt\u00f3re odb\u0119d\u0105 si\u0119 w dniach 23-28 listopada z nawiedzeniem Figury \u015bw. Micha\u0142a Archanio\u0142a z Gargano. By\u0142y ju\u017c rozdawane foldery z programem misji. Prosimy tak sobie zarezerwowa\u0107 czas by wzi\u0105\u0107 udzia\u0142 w tym niecodziennym wydarzeniu, kt\u00f3re w parafii zdarza si\u0119 raz na 10-12 lat. Foldery dalej s\u0105 dost\u0119pne na stolikach za \u0142awkami. Misje i nawiedzenie Figury \u015bw. Micha\u0142a Archanio\u0142a to wielka szansa do odnowy naszego \u017cycia religijnego.<\/p>\n<p>8.Jak ju\u017c s\u0142yszeli\u015bmy, dzisiejsza niedziela jest niedziel\u0105 solidarno\u015bci z Ko\u015bcio\u0142em Prze\u015bladowanym. Obchodzimy XVII ju\u017c dzie\u0144 solidarno\u015bci pod has\u0142em: <em>B\u0105d\u017amy g\u0142osem prze\u015bladowanych w Nigerii<\/em>. W Nigerii za wiar\u0119 p\u0142aci si\u0119 \u017cyciem. Chrze\u015bcijanie s\u0105 porywani i zabijani, a mimo to nie wyrzekaj\u0105 si\u0119 Chrystusa. Nie zostawiajmy ich samych.<\/p>\n<p>9.Kalendarz liturgiczny na ten tydzie\u0144: w poniedzia\u0142ek \u2013 wspomnienie \u015bw. Leona Wielkiego, papie\u017ca i doktora Ko\u015bcio\u0142a; we wtorek \u2013 wspomnienie \u015bw. Marcina z Tours, biskupa; w \u015brod\u0119 \u2013 wspomnienie \u015bw. Jozafata, biskupa i m\u0119czennika; w czwartek \u2013 wspomnienie \u015bwi\u0119tych Benedykta, Jana, Mateusza, Izaaka i Krystyna, pierwszych m\u0119czennik\u00f3w Polski.<\/p>\n","protected":false},"excerpt":{"rendered":"<p>1.W zwi\u0105zku z d\u0142ugim weekendem, zwi\u0105zanym ze \u015awi\u0119tem Niepodleg\u0142o\u015bci, w dniu dzisiejszym nie b\u0119dzie katechez dla dzieci komunijnych i m\u0142odzie\u017cy bierzmowanej. 2.We wtorek \u015awi\u0119to Niepodleg\u0142o\u015bci. B\u0119dziemy \u015bwi\u0119towa\u0107 107. rocznic\u0119 odzyskania wolno\u015bci po 123 latach niewoli. Zapraszamy na Msze \u015bwi\u0119te w naszym ko\u015bciele o godzinie 17.00 i 18.00. 3.W zwi\u0105zku ze \u015awi\u0119tem Niepodleg\u0142o\u015bci Prezydent Miasta Legionowo [&hellip;]<\/p>\n","protected":false},"author":10,"featured_media":30657,"comment_status":"open","ping_status":"open","sticky":false,"template":"","format":"standard","meta":{"footnotes":""},"categories":[2,14],"tags":[],"class_list":["post-32029","post","type-post","status-publish","format-standard","has-post-thumbnail","hentry","category-aktualnosci","category-ogloszenia-parafialne"],"_links":{"self":[{"href":"https:\/\/mbfatimska.ovh\/index.php\/wp-json\/wp\/v2\/posts\/32029","targetHints":{"allow":["GET"]}}],"collection":[{"href":"https:\/\/mbfatimska.ovh\/index.php\/wp-json\/wp\/v2\/posts"}],"about":[{"href":"https:\/\/mbfatimska.ovh\/index.php\/wp-json\/wp\/v2\/types\/post"}],"author":[{"embeddable":true,"href":"https:\/\/mbfatimska.ovh\/index.php\/wp-json\/wp\/v2\/users\/10"}],"replies":[{"embeddable":true,"href":"https:\/\/mbfatimska.ovh\/index.php\/wp-json\/wp\/v2\/comments?post=32029"}],"version-history":[{"count":3,"href":"https:\/\/mbfatimska.ovh\/index.php\/wp-json\/wp\/v2\/posts\/32029\/revisions"}],"predecessor-version":[{"id":32032,"href":"https:\/\/mbfatimska.ovh\/index.php\/wp-json\/wp\/v2\/posts\/32029\/revisions\/32032"}],"wp:featuredmedia":[{"embeddable":true,"href":"https:\/\/mbfatimska.ovh\/index.php\/wp-json\/wp\/v2\/media\/30657"}],"wp:attachment":[{"href":"https:\/\/mbfatimska.ovh\/index.php\/wp-json\/wp\/v2\/media?parent=32029"}],"wp:term":[{"taxonomy":"category","embeddable":true,"href":"https:\/\/mbfatimska.ovh\/index.php\/wp-json\/wp\/v2\/categories?post=32029"},{"taxonomy":"post_tag","embeddable":true,"href":"https:\/\/mbfatimska.ovh\/index.php\/wp-json\/wp\/v2\/tags?post=32029"}],"curies":[{"name":"wp","href":"https:\/\/api.w.org\/{rel}","templated":true}]}}