{"id":32043,"date":"2025-11-15T14:18:53","date_gmt":"2025-11-15T14:18:53","guid":{"rendered":"https:\/\/mbfatimska.ovh\/?p=32043"},"modified":"2025-11-15T15:44:58","modified_gmt":"2025-11-15T15:44:58","slug":"xxxiii-niedziela-zwykla-4","status":"publish","type":"post","link":"https:\/\/mbfatimska.ovh\/index.php\/2025\/11\/15\/xxxiii-niedziela-zwykla-4\/","title":{"rendered":"XXXIII Niedziela Zwyk\u0142a"},"content":{"rendered":"<p>1.W dniu dzisiejszym odb\u0119d\u0105 si\u0119 nast\u0119puj\u0105ce spotkania:<\/p>\n<p>+ O 10.25 &#8211; dla dzieci klas IV SP przed rocznic\u0105 Komunii \u015bwi\u0119tej<\/p>\n<p>+ O 17.00 &#8211; dla m\u0142odzie\u017cy przed sakramentem bierzmowania &#8211; salka pod zakrysti\u0105<\/p>\n<p>2.We wtorek, w godzinach 19-21, w budynku Centrum Wsparcia Fizycznego, mo\u017cna skorzysta\u0107 z darmowych konsultacji prawnika<\/p>\n<p>3.W \u015brod\u0119, po Mszy \u015bwi\u0119tej o godzinie 18.00, zapraszamy na nabo\u017ce\u0144stwo do \u015bw. J\u00f3zefa, patrona ma\u0142\u017ce\u0144stw i rodzin<\/p>\n<p>4.W czwartek, o godzinie 10.00, odb\u0119dzie si\u0119 obrz\u0119d po\u015bwi\u0119cenia nowego samochodu na potrzeby Warsztatu Terapii Zaj\u0119ciowej \u015bw. Rity, przystosowanego do przewozu os\u00f3b z niepe\u0142nosprawno\u015bciami<\/p>\n<p>5.R\u00f3wnie\u017c w czwartek, o godzinie 18.00, zostanie odprawiona Msza \u015bwi\u0119ta wypominkowa za naszych bliskich zmar\u0142ych\u00a0 polecanych w wypominkach rocznych. Msza taka jest sprawowana zawsze w ostatni pi\u0105tek miesi\u0105ca, ale z racji Misji Parafialnych jest prze\u0142o\u017cona na ten czwartek.<\/p>\n<p>6.Tak\u017ce w czwartek, na godzin\u0119 19.15, do ko\u015bcio\u0142a, zapraszamy m\u0142odzie\u017c, kt\u00f3ra w pa\u017adzierniku przyj\u0119\u0142a sakrament bierzmowania, na spotkanie podsumowuj\u0105ce trud przygotowania do tego sakramentu. W czasie spotkania m\u0142odzie\u017c odbierze indeksy.<\/p>\n<p>7.W sobot\u0119, 22 listopada, zapraszamy na kolejne nabo\u017ce\u0144stwo do \u015bw. Rity. O godzinie 18.00 zostanie odprawiona Msza \u015bwi\u0119ta z po\u015bwi\u0119ceniem r\u00f3\u017c, a po Eucharystii b\u0119dziemy zanosi\u0107 modlitwy do patronki spraw trudnych i beznadziejnych z wyczytywaniem intencji, kt\u00f3re z\u0142o\u017cymy przed Msz\u0105 \u015bwi\u0119t\u0105 pod o\u0142tarzem.<\/p>\n<p>8.Za tydzie\u0144 prze\u017cywa\u0107 b\u0119dziemy ostatni\u0105 niedziel\u0119 roku liturgicznego, kt\u00f3ra po\u015bwi\u0119cona jest Jezusowi Chrystusowi Kr\u00f3lowi Wszech\u015bwiata. Jest to r\u00f3wnie\u017c pierwszy dzie\u0144 naszych Misji Parafialnych z nawiedzeniem cudownej figury \u015bw. Micha\u0142a Archanio\u0142a z Gargano.<\/p>\n<p>9.W ramach przygotowania do Misji Parafialnych, w pi\u0105tek, rozpocz\u0119li\u015bmy odprawianie nowenny przed tym wydarzeniem. Nowenna b\u0119dzie odmawiana 10 minut przed rozpocz\u0119ciem Mszy \u015bwi\u0119tej o godzinie 18.00.<\/p>\n<p>10.W przysz\u0142\u0105 niedziel\u0119, o godzinie 10.25, odb\u0119dzie si\u0119 katecheza dla dzieci klas III SP w ramach przygotowania do I Komunii \u015bwi\u0119tej.<\/p>\n<p>11.W zwi\u0105zku z\u00a0 szybko post\u0119puj\u0105c\u0105 jesieni\u0105, zapraszamy na sobot\u0119, na godzin\u0119 8.15, do grabienia li\u015bci, kt\u00f3rych na naszym terenie jest coraz wi\u0119cej. Uporz\u0105dkujmy nasz teren na czas misji.<\/p>\n<p>12.Kalendarz liturgiczny na ten tydzie\u0144: w poniedzia\u0142ek &#8211; wspomnienie \u015bw. El\u017cbiety W\u0119gierskiej, zakonnicy; we wtorek &#8211; wspomnienie b\u0142. Karoliny K\u00f3zk\u00f3wny, dziewicy i m\u0119czennicy; w czwartek &#8211; wspomnienie \u015bw. Rafa\u0142a Kalinowskiego, prezbitera; w pi\u0105tek &#8211; wspomnienie Ofiarowania Naj\u015bwi\u0119tszej Maryi Panny; w sobot\u0119 &#8211; wspomnienie \u015bw. Cecylii, dziewicy i m\u0119czennicy.<\/p>\n","protected":false},"excerpt":{"rendered":"<p>1.W dniu dzisiejszym odb\u0119d\u0105 si\u0119 nast\u0119puj\u0105ce spotkania: + O 10.25 &#8211; dla dzieci klas IV SP przed rocznic\u0105 Komunii \u015bwi\u0119tej + O 17.00 &#8211; dla m\u0142odzie\u017cy przed sakramentem bierzmowania &#8211; salka pod zakrysti\u0105 2.We wtorek, w godzinach 19-21, w budynku Centrum Wsparcia Fizycznego, mo\u017cna skorzysta\u0107 z darmowych konsultacji prawnika 3.W \u015brod\u0119, po Mszy \u015bwi\u0119tej o [&hellip;]<\/p>\n","protected":false},"author":10,"featured_media":30657,"comment_status":"open","ping_status":"open","sticky":false,"template":"","format":"standard","meta":{"footnotes":""},"categories":[2,14],"tags":[],"class_list":["post-32043","post","type-post","status-publish","format-standard","has-post-thumbnail","hentry","category-aktualnosci","category-ogloszenia-parafialne"],"_links":{"self":[{"href":"https:\/\/mbfatimska.ovh\/index.php\/wp-json\/wp\/v2\/posts\/32043","targetHints":{"allow":["GET"]}}],"collection":[{"href":"https:\/\/mbfatimska.ovh\/index.php\/wp-json\/wp\/v2\/posts"}],"about":[{"href":"https:\/\/mbfatimska.ovh\/index.php\/wp-json\/wp\/v2\/types\/post"}],"author":[{"embeddable":true,"href":"https:\/\/mbfatimska.ovh\/index.php\/wp-json\/wp\/v2\/users\/10"}],"replies":[{"embeddable":true,"href":"https:\/\/mbfatimska.ovh\/index.php\/wp-json\/wp\/v2\/comments?post=32043"}],"version-history":[{"count":4,"href":"https:\/\/mbfatimska.ovh\/index.php\/wp-json\/wp\/v2\/posts\/32043\/revisions"}],"predecessor-version":[{"id":32047,"href":"https:\/\/mbfatimska.ovh\/index.php\/wp-json\/wp\/v2\/posts\/32043\/revisions\/32047"}],"wp:featuredmedia":[{"embeddable":true,"href":"https:\/\/mbfatimska.ovh\/index.php\/wp-json\/wp\/v2\/media\/30657"}],"wp:attachment":[{"href":"https:\/\/mbfatimska.ovh\/index.php\/wp-json\/wp\/v2\/media?parent=32043"}],"wp:term":[{"taxonomy":"category","embeddable":true,"href":"https:\/\/mbfatimska.ovh\/index.php\/wp-json\/wp\/v2\/categories?post=32043"},{"taxonomy":"post_tag","embeddable":true,"href":"https:\/\/mbfatimska.ovh\/index.php\/wp-json\/wp\/v2\/tags?post=32043"}],"curies":[{"name":"wp","href":"https:\/\/api.w.org\/{rel}","templated":true}]}}