{"id":32090,"date":"2025-11-22T15:01:56","date_gmt":"2025-11-22T15:01:56","guid":{"rendered":"https:\/\/mbfatimska.ovh\/?p=32090"},"modified":"2025-11-22T18:22:32","modified_gmt":"2025-11-22T18:22:32","slug":"xxxiv-niedziela-zwykla-jezusa-chrystusa-krola-wszechswiata","status":"publish","type":"post","link":"https:\/\/mbfatimska.ovh\/index.php\/2025\/11\/22\/xxxiv-niedziela-zwykla-jezusa-chrystusa-krola-wszechswiata\/","title":{"rendered":"XXXIV Niedziela Zwyk\u0142a &#8211; Jezusa Chrystusa, Kr\u00f3la Wszech\u015bwiata"},"content":{"rendered":"<p>1.W dniu dzisiejszym rozpoczynamy nasze Misje Parafialne. W historii parafii s\u0105 to drugie misje. Poprzednie odby\u0142y si\u0119 w 2013 roku. Obecne odbywaj\u0105 si\u0119 w szczeg\u00f3lnym czasie &#8211; Roku Jubileuszowym. Witamy ks. Krzysztofa Po\u015bwiat\u0119, michalit\u0119, kt\u00f3ry b\u0119dzie prowadzi\u0142 misje. W poniedzia\u0142ek na Mszy \u015bwi\u0119tej, o godzinie 9.00, b\u0119dzie udzielany sakrament namaszczenia chorych. Pom\u00f3\u017cmy naszym chorym dotrze\u0107 do ko\u015bcio\u0142a na t\u0105 szczeg\u00f3ln\u0105 Msz\u0119 \u015bwi\u0119t\u0105. We wtorek b\u0119dziemy wita\u0107 cudown\u0105 figur\u0119 \u015bw. Micha\u0142a Archanio\u0142a z Gargano. O godzinie 17.40, procesyjnie z chor\u0105gwiami, figur\u0105 Matki Bo\u017cej Fatimskiej i r\u00f3\u017ca\u0144cem, wyjdziemy do ulicy Stru\u017ca\u0144skiej, aby tam przywita\u0107 figur\u0119 i uroczy\u015bcie wnie\u015b\u0107 j\u0105 do ko\u015bcio\u0142a. Figura b\u0119dzie nam towarzyszy\u0107 do czwartku w\u0142\u0105cznie, gdzie Msz\u0105 \u015bwi\u0119t\u0105, o godzinie 18.00, po\u017cegnamy j\u0105. W czwartek b\u0119dzie dzie\u0144 pokutny &#8211; dzie\u0144 spowiedzi. Kap\u0142ani b\u0119d\u0105 s\u0142u\u017cy\u0107 nam swoj\u0105 pos\u0142ug\u0105 w konfesjona\u0142ach. W pi\u0105tek zako\u0144czymy nasze misje, tego dnia r\u00f3\u017caniec misyjny o godzinie 17.30 b\u0119dzie po\u0142\u0105czony z modlitw\u0105 do b\u0142. kard. Stefana Wyszy\u0144skiego, patrona naszego miasta. Zako\u0144czenie misji zwi\u0105zane jest z mo\u017cliwo\u015bci\u0105 uzyskania odpustu zupe\u0142nego. Programy misji by\u0142y ju\u017c przekazywane i rozdawane, cho\u0107 s\u0105 jeszcze wy\u0142o\u017cone na stolikach za \u0142awkami. Skorzystajmy z dobrodziejstwa tego \u015bwi\u0119tego czasu dla dobra naszego u\u015bwi\u0119cenia.<\/p>\n<p>2.Jeszcze dzisiaj, o godzinie 10.25, katecheza dla dzieci klas III SP przed I Komuni\u0105 \u015bwi\u0119t\u0105.<\/p>\n<p>3.W przysz\u0142\u0105 niedziel\u0119 rozpoczynamy Adwent. W tym czasie zapraszamy na Msze \u015bwi\u0119te Roratnie w poniedzia\u0142ki, \u015brody i pi\u0105tki o godzinie 6.45, a we wtorki, czwartki i soboty o godzinie 18.00.<\/p>\n<p>4.W sobot\u0119, po Mszy \u015bwi\u0119tej o godzinie 18.00, zostan\u0105 po\u015bwi\u0119cone op\u0142atki na st\u00f3\u0142 wigilijny. Osoby, kt\u00f3re co roku, jako delegaci parafii, roznosili op\u0142atki po domach, oraz ci, kt\u00f3rzy chcieliby w\u0142\u0105czy\u0107 si\u0119 w t\u0105 akcj\u0119, zapraszamy na Msz\u0119 \u015bwi\u0119t\u0105 w sobot\u0119 i odebranie op\u0142atk\u00f3w.<\/p>\n<p>5.W przysz\u0142\u0105 niedziel\u0119, pod kopu\u0142\u0105, odb\u0119dzie si\u0119 kiermasz \u015bwi\u0105tecznych przedmiot\u00f3w i ozd\u00f3b wykonanych w\u0142asnor\u0119cznie przez podopiecznych Warsztatu Terapii Zaj\u0119ciowej \u015bw, Rity. Warto na chwil\u0119 zatrzyma\u0107 si\u0119 i spojrze\u0107 na wytwory ci\u0119\u017ckiej tw\u00f3rczej pracy os\u00f3b z niepe\u0142nosprawno\u015bciami.<\/p>\n<p>6.W dniach 2 i 3 grudnia, we wtorek i w \u015brod\u0119, b\u0119d\u0105 zbierane na g\u00f3rnym parkingu, obok wiaty na rowery, elektro\u015bmieci &#8211; pralki, odkurzacze, komputery, monitory, drukarki, itp. O godzinie 15.00, w \u015brod\u0119, te rzeczy zostan\u0105 odebrane.<\/p>\n<p>7.W sobot\u0119, na Arenie Legionowo, odby\u0142 si\u0119 Diecezjalny Zlot M\u0142odzie\u017cy. R\u00f3wnie\u017c i z naszej parafii 60 m\u0142odych ludzi wzi\u0119\u0142o udzia\u0142 w tym wydarzeniu. Dzi\u0119kujemy im za godn\u0105 postaw\u0119 chrze\u015bcija\u0144sk\u0105.<\/p>\n<p>8.Dzi\u0119kujemy za sobotnie prace porz\u0105dkowe. Dodatkowo poza cosobotni\u0105 ekip\u0105 sprz\u0105taj\u0105c\u0105 przysz\u0142o jeszcze 6 os\u00f3b, w tym m\u0142oda, 14 letnia dziewczyna. Jeste\u015bmy wdzi\u0119czni za trud grabienia i zamiatania naszego terenu ko\u015bcielnego.<\/p>\n<p>9.Kalendarz liturgiczny na ten tydzie\u0144: w poniedzia\u0142ek &#8211; wspomnienie \u015bwi\u0119tych m\u0119czennik\u00f3w Andrzeja Dung-Lac, prezbitera i Towarzyszy.<\/p>\n","protected":false},"excerpt":{"rendered":"<p>1.W dniu dzisiejszym rozpoczynamy nasze Misje Parafialne. W historii parafii s\u0105 to drugie misje. Poprzednie odby\u0142y si\u0119 w 2013 roku. Obecne odbywaj\u0105 si\u0119 w szczeg\u00f3lnym czasie &#8211; Roku Jubileuszowym. Witamy ks. Krzysztofa Po\u015bwiat\u0119, michalit\u0119, kt\u00f3ry b\u0119dzie prowadzi\u0142 misje. W poniedzia\u0142ek na Mszy \u015bwi\u0119tej, o godzinie 9.00, b\u0119dzie udzielany sakrament namaszczenia chorych. Pom\u00f3\u017cmy naszym chorym dotrze\u0107 [&hellip;]<\/p>\n","protected":false},"author":10,"featured_media":30657,"comment_status":"open","ping_status":"open","sticky":false,"template":"","format":"standard","meta":{"footnotes":""},"categories":[2,14],"tags":[],"class_list":["post-32090","post","type-post","status-publish","format-standard","has-post-thumbnail","hentry","category-aktualnosci","category-ogloszenia-parafialne"],"_links":{"self":[{"href":"https:\/\/mbfatimska.ovh\/index.php\/wp-json\/wp\/v2\/posts\/32090","targetHints":{"allow":["GET"]}}],"collection":[{"href":"https:\/\/mbfatimska.ovh\/index.php\/wp-json\/wp\/v2\/posts"}],"about":[{"href":"https:\/\/mbfatimska.ovh\/index.php\/wp-json\/wp\/v2\/types\/post"}],"author":[{"embeddable":true,"href":"https:\/\/mbfatimska.ovh\/index.php\/wp-json\/wp\/v2\/users\/10"}],"replies":[{"embeddable":true,"href":"https:\/\/mbfatimska.ovh\/index.php\/wp-json\/wp\/v2\/comments?post=32090"}],"version-history":[{"count":2,"href":"https:\/\/mbfatimska.ovh\/index.php\/wp-json\/wp\/v2\/posts\/32090\/revisions"}],"predecessor-version":[{"id":32092,"href":"https:\/\/mbfatimska.ovh\/index.php\/wp-json\/wp\/v2\/posts\/32090\/revisions\/32092"}],"wp:featuredmedia":[{"embeddable":true,"href":"https:\/\/mbfatimska.ovh\/index.php\/wp-json\/wp\/v2\/media\/30657"}],"wp:attachment":[{"href":"https:\/\/mbfatimska.ovh\/index.php\/wp-json\/wp\/v2\/media?parent=32090"}],"wp:term":[{"taxonomy":"category","embeddable":true,"href":"https:\/\/mbfatimska.ovh\/index.php\/wp-json\/wp\/v2\/categories?post=32090"},{"taxonomy":"post_tag","embeddable":true,"href":"https:\/\/mbfatimska.ovh\/index.php\/wp-json\/wp\/v2\/tags?post=32090"}],"curies":[{"name":"wp","href":"https:\/\/api.w.org\/{rel}","templated":true}]}}