{"id":32421,"date":"2025-11-29T09:13:14","date_gmt":"2025-11-29T09:13:14","guid":{"rendered":"https:\/\/mbfatimska.ovh\/?p=32421"},"modified":"2025-11-29T17:53:01","modified_gmt":"2025-11-29T17:53:01","slug":"i-niedziela-adwentu-6","status":"publish","type":"post","link":"https:\/\/mbfatimska.ovh\/index.php\/2025\/11\/29\/i-niedziela-adwentu-6\/","title":{"rendered":"I Niedziela Adwentu"},"content":{"rendered":"<p>1.W pi\u0105tek zako\u0144czyli\u015bmy nasze Misje Parafialne. Dzi\u0119kujemy tym wszystkim, kt\u00f3rzy aktywnie uczestniczyli, nawet przez wszystkie dnie, w naukach i nabo\u017ce\u0144stwach. Dzi\u0119kujemy ksi\u0119dzu Krzysztofowi Po\u015bwiata, michalicie, za trud poprowadzenia misji.<\/p>\n<p>2.Rozpoczynamy czas Adwentu, kt\u00f3ry ma nas przygotowa\u0107 do \u015bwi\u0105t Bo\u017cego Narodzenia i na powt\u00f3rne przyj\u015bcie Chrystusa na ko\u0144cu czas\u00f3w. W tym okresie zapraszamy na Msze \u015bwi\u0119te Roratnie: w poniedzia\u0142ki, \u015brody i pi\u0105tki o godzinie 6.45, a we wtorki, czwartki i soboty o godzinie 18.00.<\/p>\n<p>3.W poniedzia\u0142ek, o godzinie 19.00, w ko\u015bciele, odb\u0119dzie si\u0119 spotkanie formacyjno-informacyjne dla rodzic\u00f3w dzieci komunijnych.<\/p>\n<p>4.R\u00f3wnie\u017c w poniedzia\u0142ek, w godzinach 18-20, mo\u017cemy skorzysta\u0107 z bezp\u0142atnych konsultacji i porad psychologa. Porady s\u0105 udzielane zar\u00f3wno starszym jak i m\u0142odszym &#8211; m\u0142odzie\u017cy i dzieciom.<\/p>\n<p>5.We wtorek i \u015brod\u0119, do godziny 15.00, na g\u00f3rnym parkingu, obok wiaty na rowery, b\u0119dzie mo\u017cna sk\u0142adowa\u0107 elektro\u015bmieci, nawet du\u017cych gabaryt\u00f3w. To dobry czas by przed \u015bwi\u0119tami uporz\u0105dkowa\u0107 swoje piwnice i gara\u017ce z tego, co zajmuje nam miejsce. Pami\u0119tajmy, \u017ce w \u015brod\u0119, o godzinie 15.00, wszystkie te rzeczy zostan\u0105 odebrane. Po tej godzinie nie b\u0119dzie mo\u017cna z\u0142o\u017cy\u0107 ju\u017c elektro\u015bmieci.<\/p>\n<p>6.W tym tygodniu przed nami:<\/p>\n<p>+ I czwartek miesi\u0105ca &#8211; po Mszy \u015bwi\u0119tej o godzinie 18.00, wystawienie Naj\u015bwi\u0119tszego Sakramentu i mo\u017cliwo\u015b\u0107 adoracji do godziny 21.00;<\/p>\n<p>+ I pi\u0105tek miesi\u0105ca &#8211; spowied\u017a rano, od godziny 6.45 do 7.15 i po po\u0142udniu od 16.30 do 18.30. Do spowiedzi zach\u0119camy zw\u0142aszcza dzieci rocznicowe i m\u0142odzie\u017c przygotowuj\u0105c\u0105 si\u0119 do sakramentu bierzmowania;<\/p>\n<p>+ I sobota miesi\u0105ca &#8211; po Mszy \u015bwi\u0119tej o godzinie 18.00, nabo\u017ce\u0144stwo wynagradzaj\u0105ce Niepokalanemu Sercu NMP, kt\u00f3re trwa\u0107 b\u0119dzie do godziny 20.15;<\/p>\n<p>+ I niedziela miesi\u0105ca &#8211; po Mszy \u015bwi\u0119tej o godzinie 12.30, wystawienie Naj\u015bwi\u0119tszego Sakramentu i mo\u017cliwo\u015b\u0107 adoracji do godziny 17.45.<\/p>\n<p>7.W pi\u0105tek, o godzinie 19.00, w kawiarence, kolejna katecheza przed sakramentem chrztu \u015bwi\u0119tego. Przypominamy, \u017ce bior\u0105 w niej udzia\u0142 rodzice dziecka, kt\u00f3re b\u0119dzie chrzczone w naszej aprafii, b\u0105d\u017a b\u0119dzie brana zgoda na chrzest do innej parafii, a tak\u017ce kandydaci na rodzic\u00f3w chrzestnych zamieszkali na terenie naszej parafii.<\/p>\n<p>8.W niedziel\u0119, o godzinie 17.00, w salce pod zakrysti\u0105, odb\u0119dzie si\u0119 spotkanie dla m\u0142odzie\u017cy bierzmowanej.<\/p>\n<p>9.W sobot\u0119, na Mszy \u015bwi\u0119tej, o godzinie 18.00, zosta\u0142y po\u015bwi\u0119cone op\u0142atki i przedstawiciele parafii b\u0119d\u0105 je roznosi\u0107 po naszych domach i mieszkaniach. Prosimy o \u017cyczliwe ich przyj\u0119cie. Ofiary za op\u0142atki b\u0119d\u0105 przeznaczone na utrzymanie ko\u015bcio\u0142a.<\/p>\n<p>10.W sobot\u0119, 6 grudnia, ksi\u0105dz Miko\u0142aj, b\u0119dzie obchodzi\u0142 dzie\u0144 swoich imienin. Ju\u017c dzisiaj, a szczeg\u00f3lnie 6 grudnia, pami\u0119tajmy o solenizancie. \u017byczenia i swoj\u0105 wdzi\u0119czno\u015b\u0107 b\u0119dziemy mogli wyrazi\u0107 w przysz\u0142\u0105 niedziel\u0119 na Mszach \u015bwi\u0119tych do czego serdecznie zach\u0119camy.<\/p>\n<p>11.Jeszcze dzisiaj, pod kopu\u0142\u0105, odbywa si\u0119 kiermasz ozd\u00f3b \u015bwi\u0105tecznych i innych przedmiot\u00f3w wykonanych przez podopiecznych Warsztatu Terapii Zaj\u0119ciowej \u015bw. Rity &#8211; osoby niepe\u0142nosprawne. Zach\u0119camy by na chwil\u0119 zatrzyma\u0107 si\u0119 i zobaczy\u0107 tw\u00f3rczo\u015b\u0107 naszych podopiecznych i mo\u017ce zakupi\u0107 par\u0119 rzeczy. R\u00f3wnie\u017c ten sam kiermasz b\u0119dzie si\u0119 odbywa\u0142 za tydzie\u0144, w niedziel\u0119, po Mszach \u015bwi\u0119tych do po\u0142udnia. Serdecznie zapraszamy w imieniu organizator\u00f3w.<\/p>\n<p>12.W pi\u0105tek i sobot\u0119, 12 i 13 grudnia b\u0119dzie organizowana zbi\u00f3rka \u017cywno\u015bci w Biedronce i Kauflandzie na Piaskach z my\u015bl\u0105 o ubo\u017cszej cz\u0119\u015bci mieszka\u0144c\u00f3w Legionowa. Poszukujemy wolontariuszy. Ju\u017c zg\u0142osi\u0142a si\u0119 tegoroczna m\u0142odzie\u017c bierzmowana jak i z poprzedniego roku a tak\u017ce m\u0142odzie\u017c oazowa. Kto jeszcze chcia\u0142by pom\u00f3c przy zbi\u00f3rce zapraszamy na spotkanie w przysz\u0142\u0105 niedziel\u0119 o godzinie 16.15 do salki pod zakrysti\u0105.<\/p>\n<p>13.Dziekujemy uczestnikom WTZ \u015bw. Rity wraz z instruktorami, zw\u0142aszcza Pani Jolancie G\u0105ska, za zrobienie dekoracji adwentowej do ko\u015bcio\u0142a.<\/p>\n<p>14.W przysz\u0142\u0105 niedziel\u0119 ofiary sk\u0142adane na tac\u0119 b\u0119d\u0105 przeznaczone na Dzie\u0142o Pomocy Materialnej Ko\u015bcio\u0142owi na Wschodzie.<\/p>\n<p>15.Kalendarz liturgiczny na ten tydzie\u0144: w \u015brod\u0119 &#8211; wspomnienie \u015bw. Franciszka Ksawerego, prezbitera.<\/p>\n","protected":false},"excerpt":{"rendered":"<p>1.W pi\u0105tek zako\u0144czyli\u015bmy nasze Misje Parafialne. Dzi\u0119kujemy tym wszystkim, kt\u00f3rzy aktywnie uczestniczyli, nawet przez wszystkie dnie, w naukach i nabo\u017ce\u0144stwach. Dzi\u0119kujemy ksi\u0119dzu Krzysztofowi Po\u015bwiata, michalicie, za trud poprowadzenia misji. 2.Rozpoczynamy czas Adwentu, kt\u00f3ry ma nas przygotowa\u0107 do \u015bwi\u0105t Bo\u017cego Narodzenia i na powt\u00f3rne przyj\u015bcie Chrystusa na ko\u0144cu czas\u00f3w. W tym okresie zapraszamy na Msze \u015bwi\u0119te [&hellip;]<\/p>\n","protected":false},"author":10,"featured_media":30657,"comment_status":"open","ping_status":"open","sticky":false,"template":"","format":"standard","meta":{"footnotes":""},"categories":[2,14],"tags":[],"class_list":["post-32421","post","type-post","status-publish","format-standard","has-post-thumbnail","hentry","category-aktualnosci","category-ogloszenia-parafialne"],"_links":{"self":[{"href":"https:\/\/mbfatimska.ovh\/index.php\/wp-json\/wp\/v2\/posts\/32421","targetHints":{"allow":["GET"]}}],"collection":[{"href":"https:\/\/mbfatimska.ovh\/index.php\/wp-json\/wp\/v2\/posts"}],"about":[{"href":"https:\/\/mbfatimska.ovh\/index.php\/wp-json\/wp\/v2\/types\/post"}],"author":[{"embeddable":true,"href":"https:\/\/mbfatimska.ovh\/index.php\/wp-json\/wp\/v2\/users\/10"}],"replies":[{"embeddable":true,"href":"https:\/\/mbfatimska.ovh\/index.php\/wp-json\/wp\/v2\/comments?post=32421"}],"version-history":[{"count":8,"href":"https:\/\/mbfatimska.ovh\/index.php\/wp-json\/wp\/v2\/posts\/32421\/revisions"}],"predecessor-version":[{"id":32429,"href":"https:\/\/mbfatimska.ovh\/index.php\/wp-json\/wp\/v2\/posts\/32421\/revisions\/32429"}],"wp:featuredmedia":[{"embeddable":true,"href":"https:\/\/mbfatimska.ovh\/index.php\/wp-json\/wp\/v2\/media\/30657"}],"wp:attachment":[{"href":"https:\/\/mbfatimska.ovh\/index.php\/wp-json\/wp\/v2\/media?parent=32421"}],"wp:term":[{"taxonomy":"category","embeddable":true,"href":"https:\/\/mbfatimska.ovh\/index.php\/wp-json\/wp\/v2\/categories?post=32421"},{"taxonomy":"post_tag","embeddable":true,"href":"https:\/\/mbfatimska.ovh\/index.php\/wp-json\/wp\/v2\/tags?post=32421"}],"curies":[{"name":"wp","href":"https:\/\/api.w.org\/{rel}","templated":true}]}}