{"id":32503,"date":"2025-12-06T12:58:38","date_gmt":"2025-12-06T12:58:38","guid":{"rendered":"https:\/\/mbfatimska.ovh\/?p=32503"},"modified":"2025-12-06T18:24:59","modified_gmt":"2025-12-06T18:24:59","slug":"ii-niedziela-adwentu-5","status":"publish","type":"post","link":"https:\/\/mbfatimska.ovh\/index.php\/2025\/12\/06\/ii-niedziela-adwentu-5\/","title":{"rendered":"II Niedziela Adwentu"},"content":{"rendered":"<p>1.W dniu dzisiejszym, przed ko\u015bcio\u0142em, osoby z niepe\u0142nosprawno\u015bciami zapraszaj\u0105 nas na kiermasz w\u0142asnor\u0119cznie wykonanych przedmiot\u00f3w i ozd\u00f3b \u015bwi\u0105tecznych, kt\u00f3re mog\u0105 by\u0107 wspania\u0142ym prezentem na nadchodz\u0105ce \u015bwi\u0119ta. Zapraszamy do zatrzymania si\u0119, popatrzenia i docenienia pracy os\u00f3b niepe\u0142nosprawnych z Warsztatu Terapii Zaj\u0119ciowej \u015bw. Rity prowadzonego przez Legionowskie Stowarzyszenie AMICUS.<\/p>\n<p>2.R\u00f3wnie\u017c dzisiaj odb\u0119d\u0105 si\u0119 nast\u0119puj\u0105ce spotkania:<\/p>\n<p>+ o 16.15 &#8211; dla ch\u0119tnych wzi\u0119cia udzia\u0142u, jako wolontariusze, w zbi\u00f3rce \u017cywno\u015bci 12 i 13 grudnia, w Biedronce i Kauflandzie z my\u015bl\u0105 o biedniejszej cz\u0119\u015bci mieszka\u0144c\u00f3w naszego miasta;<\/p>\n<p>+ o 17.00 &#8211; dla m\u0142odzie\u017cy bierzmowanej;<\/p>\n<p>+ o 19.00 &#8211; dla narzeczonych w ramach kursu przedma\u0142\u017ce\u0144skiego.<\/p>\n<p>3.Jutro, w Ko\u015bciele, obchodzi\u0107 b\u0119dziemy Uroczysto\u015b\u0107 Niepokalanego Pocz\u0119cia Naj\u015bwi\u0119tszej Maryi Panny. Zapraszamy na Msze \u015bwi\u0119te o godzinie 6.45 (Roraty), o 17.00 i 18.00. O godzinie 12.00 zostanie odprawiona okoliczno\u015bciowa Msza \u015bwi\u0119ta z racji Godziny \u015awi\u0119tej &#8211; Godziny \u0141ask, a nast\u0119pnie wystawienie Naj\u015bwi\u0119tszego Sakramentu i modlitwy do Matki Bo\u017cej.<\/p>\n<p>4.Jutro, z racji uroczysto\u015bci, kancelaria parafialna b\u0119dzie nieczynna.<\/p>\n<p>5.R\u00f3wnie\u017c jutro, o godzinie 19.00, w ko\u015bciele, spotkanie dla os\u00f3b, kt\u00f3re zapisa\u0142y si\u0119 na zbi\u00f3rk\u0119 \u017cywno\u015bci 12 i 13 grudnia. Osoby robi\u0105ce zakupy w tych dniach w Biedronce i Kauflandzie zach\u0119camy do zakupu kilku produkt\u00f3w o przed\u0142u\u017conym terminie przydatno\u015bci i przekazanie ich wolontariuszom.<\/p>\n<p>6.We wtorek, w godzinach 19-21, w budynku Centrum Wsparcia Fizycznego, nieodp\u0142atnie, b\u0119dzie przyjmowa\u0142 prawnik udzielaj\u0105c konsultacji i porad.<\/p>\n<p>7.W czwartek, w godzinach 17-18, r\u00f3wnie\u017c w budynku Centrum Wsparcia Fizycznego, b\u0119dzie mo\u017cna skorzysta\u0107 z darmowych porad i terapii logopedy szkolnego.<\/p>\n<p>8.W pi\u0105tki 12 i 19 grudnia, po Mszy \u015bwi\u0119tej wieczornej, do godziny 20.00, zapraszamy do skorzystania z sakramentu pokuty. Nie odk\u0142adajmy spowiedzi na ostatni\u0105 chwil\u0119. W ciszy i spokoju prze\u017cyjmy j\u0105 ju\u017c w te najbli\u017csze dni.<\/p>\n<p>9.W sobot\u0119, 13 grudnia, o godzinie 16.00, u Si\u00f3str Misjonarek w Legionowie, ul. Sowi\u0144skiego 17, odb\u0119dzie si\u0119 spotkanie z osobami, kt\u00f3re podj\u0119\u0142y si\u0119 trudu adopcji dziecka afryka\u0144skiego u s. Katarzyny z Kenii.<\/p>\n<p>10.W przysz\u0142\u0105 niedziel\u0119, o godzinie 10.25, odb\u0119dzie si\u0119 spotkanie-katecheza dla dzieci klas III SP w ramach przygotowania do I Komunii \u015bwi\u0119tej.<\/p>\n<p>11.R\u00f3wnie\u017c za tydzie\u0144, pod kopu\u0142\u0105, odb\u0119dzie si\u0119 kiermasz przedmiot\u00f3w i ozd\u00f3b \u015bwi\u0105tecznych wykonanych przez senior\u00f3w zrzeszonych w Klubie Seniora przy Legionowskim Stowarzyszeniu AMICUS. Serdecznie zapraszamy do zapoznania si\u0119 z artystyczn\u0105 prac\u0105 naszych senior\u00f3w.<\/p>\n<p>12.Za tydzie\u0144, w niedziel\u0119, na godzin\u0119 16.00, do salki pod zakrysti\u0105, zapraszamy osoby, kt\u00f3re we wrze\u015bniu odby\u0142y pielgrzymk\u0119 do Francji na spotkanie popielgrzymkowe. W czasie spotkania obejrzymy zdj\u0119cia, powspominamy i zapoznamy si\u0119 z planem pielgrzymkowym na przysz\u0142y rok.<\/p>\n<p>13.Przed ko\u015bcio\u0142em mo\u017cemy zakupi\u0107 op\u0142atki wigilijne, \u015bwiece i figurki Pana Jezusa na sianku.<\/p>\n<p>14.Og\u0142aszamy konkurs dla dzieci na Szopk\u0119 Bo\u017conarodzeniow\u0105. Ma to by\u0107 bry\u0142a przestrzenna, technika wykonania dowolna np. mo\u017ce to by\u0107 praca z zapa\u0142ek, kartonu, klock\u00f3w Lego, itp. Prace przynosimy do 22 grudnia, w\u0142\u0105cznie, do ko\u015bcio\u0142a. B\u0119d\u0105 warto\u015bciowe nagrody: smartfony, smartwatche i jeszcze inne cenne nagrody.<\/p>\n<p>15.Muzeum Historyczne na Piaskach, przy ulicy Sybirak\u00f3w 23, zaprasza na otwarcie nowej wystawy pod tytu\u0142em <em>Legionowo i okolice. Krajobraz po wojnie.<\/em> Wernisa\u017c odb\u0119dzie si\u0119 7 grudnia o godzinie 15.00.<\/p>\n<p>16.Wczoraj ksi\u0105dz Miko\u0142aj obchodzi\u0142 dzie\u0144 swoich imienin. Dzisiaj, na Mszach \u015bwi\u0119tych, wyra\u017camy ksi\u0119dzu Miko\u0142ajowi swoj\u0105 serdeczno\u015b\u0107 i wdzi\u0119czno\u015b\u0107. \u017byczymy wielu dar\u00f3w od Jezusa, Najwy\u017cszego Kap\u0142ana i opieki Matki Bo\u017cej. \u017byczymy zdrowia, si\u0142 i r\u00f3wnie\u017c Ducha \u015awi\u0119tego w pos\u0142udze kap\u0142a\u0144skiej.<\/p>\n<p>17.Kalendarz liturgiczny na ten tydzie\u0144: w poniedzia\u0142ek &#8211; Uroczysto\u015b\u0107 Niepokalanego Pocz\u0119cia Naj\u015bwi\u0119tszej Maryi Panny, w \u015brod\u0119 &#8211; wspomnienie Naj\u015bwi\u0119tszej Maryi Panny Loreta\u0144skiej, w sobot\u0119 &#8211; wspomnienie \u015bw. \u0141ucji, dziewicy i m\u0119czennicy.<\/p>\n<p>&nbsp;<\/p>\n","protected":false},"excerpt":{"rendered":"<p>1.W dniu dzisiejszym, przed ko\u015bcio\u0142em, osoby z niepe\u0142nosprawno\u015bciami zapraszaj\u0105 nas na kiermasz w\u0142asnor\u0119cznie wykonanych przedmiot\u00f3w i ozd\u00f3b \u015bwi\u0105tecznych, kt\u00f3re mog\u0105 by\u0107 wspania\u0142ym prezentem na nadchodz\u0105ce \u015bwi\u0119ta. Zapraszamy do zatrzymania si\u0119, popatrzenia i docenienia pracy os\u00f3b niepe\u0142nosprawnych z Warsztatu Terapii Zaj\u0119ciowej \u015bw. Rity prowadzonego przez Legionowskie Stowarzyszenie AMICUS. 2.R\u00f3wnie\u017c dzisiaj odb\u0119d\u0105 si\u0119 nast\u0119puj\u0105ce spotkania: + o [&hellip;]<\/p>\n","protected":false},"author":10,"featured_media":30657,"comment_status":"open","ping_status":"open","sticky":false,"template":"","format":"standard","meta":{"footnotes":""},"categories":[2,14],"tags":[],"class_list":["post-32503","post","type-post","status-publish","format-standard","has-post-thumbnail","hentry","category-aktualnosci","category-ogloszenia-parafialne"],"_links":{"self":[{"href":"https:\/\/mbfatimska.ovh\/index.php\/wp-json\/wp\/v2\/posts\/32503","targetHints":{"allow":["GET"]}}],"collection":[{"href":"https:\/\/mbfatimska.ovh\/index.php\/wp-json\/wp\/v2\/posts"}],"about":[{"href":"https:\/\/mbfatimska.ovh\/index.php\/wp-json\/wp\/v2\/types\/post"}],"author":[{"embeddable":true,"href":"https:\/\/mbfatimska.ovh\/index.php\/wp-json\/wp\/v2\/users\/10"}],"replies":[{"embeddable":true,"href":"https:\/\/mbfatimska.ovh\/index.php\/wp-json\/wp\/v2\/comments?post=32503"}],"version-history":[{"count":7,"href":"https:\/\/mbfatimska.ovh\/index.php\/wp-json\/wp\/v2\/posts\/32503\/revisions"}],"predecessor-version":[{"id":32544,"href":"https:\/\/mbfatimska.ovh\/index.php\/wp-json\/wp\/v2\/posts\/32503\/revisions\/32544"}],"wp:featuredmedia":[{"embeddable":true,"href":"https:\/\/mbfatimska.ovh\/index.php\/wp-json\/wp\/v2\/media\/30657"}],"wp:attachment":[{"href":"https:\/\/mbfatimska.ovh\/index.php\/wp-json\/wp\/v2\/media?parent=32503"}],"wp:term":[{"taxonomy":"category","embeddable":true,"href":"https:\/\/mbfatimska.ovh\/index.php\/wp-json\/wp\/v2\/categories?post=32503"},{"taxonomy":"post_tag","embeddable":true,"href":"https:\/\/mbfatimska.ovh\/index.php\/wp-json\/wp\/v2\/tags?post=32503"}],"curies":[{"name":"wp","href":"https:\/\/api.w.org\/{rel}","templated":true}]}}