{"id":32564,"date":"2025-12-10T19:19:28","date_gmt":"2025-12-10T19:19:28","guid":{"rendered":"https:\/\/mbfatimska.ovh\/?p=32564"},"modified":"2025-12-10T19:19:28","modified_gmt":"2025-12-10T19:19:28","slug":"wieczor-uwielbienia-z-maryja-zaproszenie-14-grudnia","status":"publish","type":"post","link":"https:\/\/mbfatimska.ovh\/index.php\/2025\/12\/10\/wieczor-uwielbienia-z-maryja-zaproszenie-14-grudnia\/","title":{"rendered":"Wiecz\u00f3r Uwielbienia z Maryj\u0105 &#8211; Zaproszenie &#8211; 14 grudnia"},"content":{"rendered":"<p>W najbli\u017csz\u0105 niedziel\u0119, 14.12.2025 r,. po Mszy \u015awi\u0119tej o godz. 18.00, odb\u0119dzie si\u0119 w naszej parafii Wiecz\u00f3r uwielbienia z Maryj\u0105. Serdecznie zapraszamy na to wyj\u0105tkowe wydarzenie, przygotowane przez parafialn\u0105 grup\u0119 Odnowy w Duchu \u015awi\u0119tym &#8222;Dzieci Maryi&#8221;. Niech to b\u0119dzie czas sp\u0119dzony na wsp\u00f3lnej modlitwie, adoracji i uwielbieniu w my\u015bl psalmu 146 &#8222;Chwal, duszo moja, Pana&#8221;. B\u0119dziemy wsp\u00f3lnie modlili si\u0119 adoruj\u0105c Naj\u015bwi\u0119tszy Sakrament, \u015bpiewaj\u0105c pie\u015bni i modl\u0105c si\u0119 S\u0142owem Bo\u017cym.<\/p>\n<p><img fetchpriority=\"high\" decoding=\"async\" class=\"alignnone size-medium wp-image-32565\" src=\"http:\/\/mbfatimska.ovh\/wp-content\/uploads\/2025\/12\/2015.12.14_Uwielbienie-216x300.jpg\" alt=\"\" width=\"216\" height=\"300\" srcset=\"https:\/\/mbfatimska.ovh\/wp-content\/uploads\/2025\/12\/2015.12.14_Uwielbienie-216x300.jpg 216w, https:\/\/mbfatimska.ovh\/wp-content\/uploads\/2025\/12\/2015.12.14_Uwielbienie-736x1024.jpg 736w, https:\/\/mbfatimska.ovh\/wp-content\/uploads\/2025\/12\/2015.12.14_Uwielbienie-768x1069.jpg 768w, https:\/\/mbfatimska.ovh\/wp-content\/uploads\/2025\/12\/2015.12.14_Uwielbienie-1104x1536.jpg 1104w, https:\/\/mbfatimska.ovh\/wp-content\/uploads\/2025\/12\/2015.12.14_Uwielbienie-1472x2048.jpg 1472w, https:\/\/mbfatimska.ovh\/wp-content\/uploads\/2025\/12\/2015.12.14_Uwielbienie-scaled.jpg 1839w\" sizes=\"(max-width: 216px) 100vw, 216px\" \/><\/p>\n","protected":false},"excerpt":{"rendered":"<p>W najbli\u017csz\u0105 niedziel\u0119, 14.12.2025 r,. po Mszy \u015awi\u0119tej o godz. 18.00, odb\u0119dzie si\u0119 w naszej parafii Wiecz\u00f3r uwielbienia z Maryj\u0105. Serdecznie zapraszamy na to wyj\u0105tkowe wydarzenie, przygotowane przez parafialn\u0105 grup\u0119 Odnowy w Duchu \u015awi\u0119tym &#8222;Dzieci Maryi&#8221;. Niech to b\u0119dzie czas sp\u0119dzony na wsp\u00f3lnej modlitwie, adoracji i uwielbieniu w my\u015bl psalmu 146 &#8222;Chwal, duszo moja, Pana&#8221;. [&hellip;]<\/p>\n","protected":false},"author":10,"featured_media":32565,"comment_status":"open","ping_status":"open","sticky":false,"template":"","format":"standard","meta":{"footnotes":""},"categories":[2,13],"tags":[],"class_list":["post-32564","post","type-post","status-publish","format-standard","has-post-thumbnail","hentry","category-aktualnosci","category-odnowa-w-duchu-swietym"],"_links":{"self":[{"href":"https:\/\/mbfatimska.ovh\/index.php\/wp-json\/wp\/v2\/posts\/32564","targetHints":{"allow":["GET"]}}],"collection":[{"href":"https:\/\/mbfatimska.ovh\/index.php\/wp-json\/wp\/v2\/posts"}],"about":[{"href":"https:\/\/mbfatimska.ovh\/index.php\/wp-json\/wp\/v2\/types\/post"}],"author":[{"embeddable":true,"href":"https:\/\/mbfatimska.ovh\/index.php\/wp-json\/wp\/v2\/users\/10"}],"replies":[{"embeddable":true,"href":"https:\/\/mbfatimska.ovh\/index.php\/wp-json\/wp\/v2\/comments?post=32564"}],"version-history":[{"count":1,"href":"https:\/\/mbfatimska.ovh\/index.php\/wp-json\/wp\/v2\/posts\/32564\/revisions"}],"predecessor-version":[{"id":32566,"href":"https:\/\/mbfatimska.ovh\/index.php\/wp-json\/wp\/v2\/posts\/32564\/revisions\/32566"}],"wp:featuredmedia":[{"embeddable":true,"href":"https:\/\/mbfatimska.ovh\/index.php\/wp-json\/wp\/v2\/media\/32565"}],"wp:attachment":[{"href":"https:\/\/mbfatimska.ovh\/index.php\/wp-json\/wp\/v2\/media?parent=32564"}],"wp:term":[{"taxonomy":"category","embeddable":true,"href":"https:\/\/mbfatimska.ovh\/index.php\/wp-json\/wp\/v2\/categories?post=32564"},{"taxonomy":"post_tag","embeddable":true,"href":"https:\/\/mbfatimska.ovh\/index.php\/wp-json\/wp\/v2\/tags?post=32564"}],"curies":[{"name":"wp","href":"https:\/\/api.w.org\/{rel}","templated":true}]}}