{"id":32567,"date":"2025-12-11T13:28:16","date_gmt":"2025-12-11T13:28:16","guid":{"rendered":"https:\/\/mbfatimska.ovh\/?p=32567"},"modified":"2025-12-11T13:28:16","modified_gmt":"2025-12-11T13:28:16","slug":"zaproszenie-na-wystawe-w-katedrze-warszawsko-praskiej","status":"publish","type":"post","link":"https:\/\/mbfatimska.ovh\/index.php\/2025\/12\/11\/zaproszenie-na-wystawe-w-katedrze-warszawsko-praskiej\/","title":{"rendered":"Zaproszenie na wystaw\u0119 w Katedrze Warszawsko-Praskiej"},"content":{"rendered":"<p>W podziemiach naszej katedry \u015bw. Floriana do 15 stycznia 2026 r. go\u015bci wystawa wsp\u00f3\u0142czesnych obraz\u00f3w Bo\u017cego Narodzenia, namalowanych przez uznanych polskich artyst\u00f3w w ramach og\u00f3lnopolskiego projektu \u201eNamalowa\u0107 katolicyzm od nowa\u201d. Serdecznie zapraszamy do jej odwiedzenia. Wystawa otwarta jest codziennie od godz. 12:00 do 19:00, a w niedziele od 10:00 do 20:00. Wst\u0119p wolny. Zapraszamy!<\/p>\n<p><a href=\"https:\/\/teologiapolityczna.pl\/relacja-zdjecia-wystawa-boze-narodzenie-otwarta\">[RELACJA + ZDJ\u0118CIA] Wystawa \u201eBo\u017ce Narodzenie\u201d otwarta!<\/a><\/p>\n<p>&nbsp;<\/p>\n","protected":false},"excerpt":{"rendered":"<p>W podziemiach naszej katedry \u015bw. Floriana do 15 stycznia 2026 r. go\u015bci wystawa wsp\u00f3\u0142czesnych obraz\u00f3w Bo\u017cego Narodzenia, namalowanych przez uznanych polskich artyst\u00f3w w ramach og\u00f3lnopolskiego projektu \u201eNamalowa\u0107 katolicyzm od nowa\u201d. Serdecznie zapraszamy do jej odwiedzenia. Wystawa otwarta jest codziennie od godz. 12:00 do 19:00, a w niedziele od 10:00 do 20:00. Wst\u0119p wolny. Zapraszamy! [RELACJA [&hellip;]<\/p>\n","protected":false},"author":10,"featured_media":32568,"comment_status":"open","ping_status":"open","sticky":false,"template":"","format":"standard","meta":{"footnotes":""},"categories":[2],"tags":[],"class_list":["post-32567","post","type-post","status-publish","format-standard","has-post-thumbnail","hentry","category-aktualnosci"],"_links":{"self":[{"href":"https:\/\/mbfatimska.ovh\/index.php\/wp-json\/wp\/v2\/posts\/32567","targetHints":{"allow":["GET"]}}],"collection":[{"href":"https:\/\/mbfatimska.ovh\/index.php\/wp-json\/wp\/v2\/posts"}],"about":[{"href":"https:\/\/mbfatimska.ovh\/index.php\/wp-json\/wp\/v2\/types\/post"}],"author":[{"embeddable":true,"href":"https:\/\/mbfatimska.ovh\/index.php\/wp-json\/wp\/v2\/users\/10"}],"replies":[{"embeddable":true,"href":"https:\/\/mbfatimska.ovh\/index.php\/wp-json\/wp\/v2\/comments?post=32567"}],"version-history":[{"count":1,"href":"https:\/\/mbfatimska.ovh\/index.php\/wp-json\/wp\/v2\/posts\/32567\/revisions"}],"predecessor-version":[{"id":32569,"href":"https:\/\/mbfatimska.ovh\/index.php\/wp-json\/wp\/v2\/posts\/32567\/revisions\/32569"}],"wp:featuredmedia":[{"embeddable":true,"href":"https:\/\/mbfatimska.ovh\/index.php\/wp-json\/wp\/v2\/media\/32568"}],"wp:attachment":[{"href":"https:\/\/mbfatimska.ovh\/index.php\/wp-json\/wp\/v2\/media?parent=32567"}],"wp:term":[{"taxonomy":"category","embeddable":true,"href":"https:\/\/mbfatimska.ovh\/index.php\/wp-json\/wp\/v2\/categories?post=32567"},{"taxonomy":"post_tag","embeddable":true,"href":"https:\/\/mbfatimska.ovh\/index.php\/wp-json\/wp\/v2\/tags?post=32567"}],"curies":[{"name":"wp","href":"https:\/\/api.w.org\/{rel}","templated":true}]}}