{"id":32684,"date":"2025-12-13T13:54:10","date_gmt":"2025-12-13T13:54:10","guid":{"rendered":"https:\/\/mbfatimska.ovh\/?p=32684"},"modified":"2025-12-13T18:08:29","modified_gmt":"2025-12-13T18:08:29","slug":"iii-niedziela-adwentu-6","status":"publish","type":"post","link":"https:\/\/mbfatimska.ovh\/index.php\/2025\/12\/13\/iii-niedziela-adwentu-6\/","title":{"rendered":"III Niedziela Adwentu"},"content":{"rendered":"<p>1.W dniu dzisiejszym, o godzinie 10.25, odb\u0119dzie si\u0119 katecheza dla klas III SP przed I Komuni\u0105 \u015bwi\u0119t\u0105, a o godzinie 15.00 &#8211; grupa I i 15.20 &#8211; grupa II &#8211; w kawiarence &#8211; b\u0119dzie pobierana miara na komunijne stroje liturgiczne.<\/p>\n<p>2.O godzinie 16.00, w salce pod zakrysti\u0105, odb\u0119dzie si\u0119 spotkanie dla os\u00f3b, kt\u00f3re we wrze\u015bniu uczestniczy\u0142y w pielgrzymce do Francji.<\/p>\n<p>3.R\u00f3wnie\u017c o 16.00, do salki pod zakrysti\u0105, zapraszamy osoby zainteresowane przysz\u0142oroczn\u0105, listopadow\u0105 pielgrzymk\u0105 na Gibraltar i do Maroka, oraz na Cypr.<\/p>\n<p>4.W dniu dzisiejszym, Klub Seniora, dzia\u0142aj\u0105cy przy Legionowskim Stowarzyszeniu AMICUS, zaprasza na kiermasz w\u0142asnor\u0119cznie wykonanych ozd\u00f3b \u015bwi\u0105tecznych i innych przedmiot\u00f3w. Wszystkie te rzeczy zosta\u0142y wykonane przez naszych legionowskich senior\u00f3w.<\/p>\n<p>5.W minion\u0105 \u015brod\u0119, w Ratuszu, odby\u0142o si\u0119 kolejne \u015bwi\u0105teczne spotkanie dla os\u00f3b z niepe\u0142nosprawno\u015bciami z wojew\u00f3dztwa mazowieckiego. By\u0142o 140 os\u00f3b niepe\u0142nosprawnych oraz ich rodzice i opiekunowie. By\u0142a cz\u0119\u015b\u0107 artystyczna w wykonaniu dzieci z ch\u00f3ru Przemiana i Fatima Canta, by\u0142 \u015bw. Miko\u0142aj i oczywi\u015bcie pocz\u0119stunek. Organizatorem ca\u0142o\u015bci by\u0142o Legionowskie Stowarzyszanie AMICUS.<\/p>\n<p>6.W minionym tygodniu na ty\u0142ach ko\u015bcio\u0142a, zosta\u0142a zamontowana rze\u017aba &#8211; Pieta (Matka Bo\u017ca trzymaj\u0105ca Chrystusa pod zdj\u0119ciu z krzy\u017ca) i fontanna, zosta\u0142y ubrane choinki na zewn\u0105trz, oraz zmieniona \u017car\u00f3wki wewn\u0105trz ko\u015bcio\u0142a, co nie by\u0142o \u0142atwe, bo niekt\u00f3re z nich znajduj\u0105 si\u0119 na wysoko\u015bci 11 metr\u00f3w.<\/p>\n<p>7.W pi\u0105tek i sobot\u0119, w Biedronce i Kauflandzie na osiedlu Piaski, odby\u0142a si\u0119 zbi\u00f3rka \u017cywno\u015bci z my\u015bl\u0105 o osobach potrzebuj\u0105cych. Dzi\u0119kujemy wolontariuszom &#8211; osobom z niepe\u0142nosprawno\u015bciami z Warsztatu Terapii Zaj\u0119ciowej \u015bw. Rity, m\u0142odzie\u017cy bierzmowanej z tego roku i ubieg\u0142ego, Oazie, przedstawicielach wsp\u00f3lnot parafialnych za trud zbierania \u017cywno\u015bci. Dzi\u0119kujemy kupuj\u0105cym, kt\u00f3rzy pragn\u0119li cz\u0105stk\u0119 swoich zakup\u00f3w przeznaczy\u0107 dla ludzi ubogich naszego miasta.<\/p>\n<p>8.W poniedzia\u0142ek, 22 grudnia, w godzinach 14.00 &#8211; 16.00, przy pomieszczeniach gara\u017cowo-magazynowych b\u0119dzie wydawana \u017cywno\u015b\u0107 dla os\u00f3b potrzebuj\u0105cych z naszego miasta i okolic.<\/p>\n<p>9.Na \u015brod\u0119, na godzin\u0119 8.00, zapraszamy pan\u00f3w do obsadzania choinek do ko\u015bcio\u0142a.<\/p>\n<p>10.W pi\u0105tek, po Mszy \u015bwi\u0119tej o godzinie 18.00, zapraszamy na kolejne nabo\u017ce\u0144stwo do \u015bw. J\u00f3zefa, Patrona Ma\u0142\u017ce\u0144stw i rodzin.<\/p>\n<p>11.Przypominamy, \u017ce w pi\u0105tek, w godzinach 18.30 &#8211; 20.00 &#8211; mo\u017cemy skorzysta\u0107 ze \u015bwi\u0105tecznego sakramentu pokuty.<\/p>\n<p>12.Przypominamy r\u00f3wnie\u017c o konkursie dla dzieci na szopk\u0119 bo\u017conarodzeniow\u0105. Ma to by\u0107 bry\u0142a przestrzenna &#8211; technika wykonania dowolna np. z kartonu, z paczek po zapa\u0142kach, klock\u00f3w Lego, itp. Prace przynosimy do 22 grudnia w\u0142\u0105cznie do ko\u015bcio\u0142a. B\u0119d\u0105 warto\u015bciowe nagrody: smartfony, smartwatche, g\u0142o\u015bniki i inne.<\/p>\n<p>13.Jeszcze dzisiaj, Odnowa w Duchu \u015awi\u0119tym &#8222;Dzieci Maryi&#8221;, zaprasza nas na Wiecz\u00f3r Uwielbienia z Maryj\u0105. Rozpoczniemy Eucharysti\u0105 o godzinie 18.00, a nast\u0119pnie b\u0119d\u0105 modlitwy Pismem \u015bwi\u0119tym, pie\u015bni, adoracja Naj\u015bwi\u0119tszego Sakramentu. Serdecznie zapraszamy.<\/p>\n<p>14.Nadal, przed ko\u015bcio\u0142em, mo\u017cemy zakupi\u0107 \u015bwiece Caritas na st\u00f3\u0142 wigilijny, op\u0142atki i figurki Dzieci\u0105tka Jezus na sianku i \u017c\u0142\u00f3bku.<\/p>\n<p>15.Za tydzie\u0144 Rycerze \u015bw. Jana Paw\u0142a II przed ko\u015bcio\u0142em b\u0119d\u0105 zbiera\u0107 ofiary na rzecz o\u015brodka dla ociemnia\u0142ych w Laskach prowadzonego przez siostry zakonne. Temu o\u015brodkowi grozi zamkni\u0119cie, gdy\u017c obecne pomieszczenia nie spe\u0142niaj\u0105 norm, a siostry nie maj\u0105 funduszy by dostosowa\u0107 obiekt do dzisiejszych standard\u00f3w. Pom\u00f3\u017cmy tym osobom, kt\u00f3re wymagaj\u0105 szczeg\u00f3lnej troski, zw\u0142aszcza dzieciom.<\/p>\n","protected":false},"excerpt":{"rendered":"<p>1.W dniu dzisiejszym, o godzinie 10.25, odb\u0119dzie si\u0119 katecheza dla klas III SP przed I Komuni\u0105 \u015bwi\u0119t\u0105, a o godzinie 15.00 &#8211; grupa I i 15.20 &#8211; grupa II &#8211; w kawiarence &#8211; b\u0119dzie pobierana miara na komunijne stroje liturgiczne. 2.O godzinie 16.00, w salce pod zakrysti\u0105, odb\u0119dzie si\u0119 spotkanie dla os\u00f3b, kt\u00f3re we wrze\u015bniu [&hellip;]<\/p>\n","protected":false},"author":10,"featured_media":30657,"comment_status":"open","ping_status":"open","sticky":false,"template":"","format":"standard","meta":{"footnotes":""},"categories":[2,14],"tags":[],"class_list":["post-32684","post","type-post","status-publish","format-standard","has-post-thumbnail","hentry","category-aktualnosci","category-ogloszenia-parafialne"],"_links":{"self":[{"href":"https:\/\/mbfatimska.ovh\/index.php\/wp-json\/wp\/v2\/posts\/32684","targetHints":{"allow":["GET"]}}],"collection":[{"href":"https:\/\/mbfatimska.ovh\/index.php\/wp-json\/wp\/v2\/posts"}],"about":[{"href":"https:\/\/mbfatimska.ovh\/index.php\/wp-json\/wp\/v2\/types\/post"}],"author":[{"embeddable":true,"href":"https:\/\/mbfatimska.ovh\/index.php\/wp-json\/wp\/v2\/users\/10"}],"replies":[{"embeddable":true,"href":"https:\/\/mbfatimska.ovh\/index.php\/wp-json\/wp\/v2\/comments?post=32684"}],"version-history":[{"count":7,"href":"https:\/\/mbfatimska.ovh\/index.php\/wp-json\/wp\/v2\/posts\/32684\/revisions"}],"predecessor-version":[{"id":32691,"href":"https:\/\/mbfatimska.ovh\/index.php\/wp-json\/wp\/v2\/posts\/32684\/revisions\/32691"}],"wp:featuredmedia":[{"embeddable":true,"href":"https:\/\/mbfatimska.ovh\/index.php\/wp-json\/wp\/v2\/media\/30657"}],"wp:attachment":[{"href":"https:\/\/mbfatimska.ovh\/index.php\/wp-json\/wp\/v2\/media?parent=32684"}],"wp:term":[{"taxonomy":"category","embeddable":true,"href":"https:\/\/mbfatimska.ovh\/index.php\/wp-json\/wp\/v2\/categories?post=32684"},{"taxonomy":"post_tag","embeddable":true,"href":"https:\/\/mbfatimska.ovh\/index.php\/wp-json\/wp\/v2\/tags?post=32684"}],"curies":[{"name":"wp","href":"https:\/\/api.w.org\/{rel}","templated":true}]}}