{"id":32775,"date":"2025-12-20T15:35:23","date_gmt":"2025-12-20T15:35:23","guid":{"rendered":"https:\/\/mbfatimska.ovh\/?p=32775"},"modified":"2025-12-21T18:09:26","modified_gmt":"2025-12-21T18:09:26","slug":"iv-niedziela-adwentu-6","status":"publish","type":"post","link":"https:\/\/mbfatimska.ovh\/index.php\/2025\/12\/20\/iv-niedziela-adwentu-6\/","title":{"rendered":"IV Niedziela Adwentu"},"content":{"rendered":"<p>1.Coraz bli\u017cej \u015awi\u0119ta Bo\u017cego Narodzenia. Zapraszamy na ostatnie roraty. W poniedzia\u0142ek na 6.45, we wtorek na 18.00 i w \u015brod\u0119 na 6.45.<\/p>\n<p>2.Jeszcze dzisiaj, przed ko\u015bcio\u0142em, Rycerze \u015bw. Jana Paw\u0142a II, zbieraj\u0105 ofiary na o\u015brodek dla ociemnia\u0142ych w Laskach prowadzony przez siostry zakonne.<\/p>\n<p>3.R\u00f3wnie\u017c dzisiaj, przed ko\u015bcio\u0142em, mo\u017cemy jeszcze zakupi\u0107 \u015bwiece na st\u00f3\u0142 wigilijny, op\u0142atki i figurki Dzieci\u0105tka Jezus w \u017c\u0142\u00f3bku.<\/p>\n<p>4.Przez ca\u0142y okres \u015bwi\u0105teczny a\u017c do 06 stycznia w zwi\u0105zku r\u00f3wnie\u017c z feriami dzieci i m\u0142odzie\u017cy, nie b\u0119dzie spotka\u0144 formacyjnych w ko\u015bciele.<\/p>\n<p>5.Na jutro, na godzin\u0119 8.00, zapraszamy pan\u00f3w i panie do dekoracji ko\u015bcio\u0142a na \u015bwi\u0119ta. Trzeba wnie\u015b\u0107 choinki i przyozdobi\u0107 je \u015bwiate\u0142kami i bombkami. Gdy przyjdzie wi\u0119cej os\u00f3b pracy b\u0119dzie na 2 godziny. Z g\u00f3ry dzi\u0119kujemy za przychylno\u015b\u0107 i zrozumienie.<\/p>\n<p>6.R\u00f3wnie\u017c jutro, w godzinach 10-12 pragniemy odwiedzi\u0107 z sakramentami osoby chore. Prosimy o zg\u0142aszanie adres\u00f3w do zakrystii.<\/p>\n<p>7.W dniu jutrzejszym, w godzinach 14-16, w pomieszczeniach magazynowo-gara\u017cowych b\u0119dzie wydawana \u017cywno\u015b\u0107 dla os\u00f3b potrzebuj\u0105cych.<\/p>\n<p>8.W tym tygodniu kancelaria b\u0119dzie czynna tylko w sobot\u0119 w godzinach 9-10. W poniedzia\u0142ek, wtorek i \u015brod\u0119 ze wzgl\u0119du na przygotowanie do \u015bwi\u0105t i sam\u0105 Wigili\u0119, kancelaria b\u0119dzie nieczynna.<\/p>\n<p>9.W poniedzia\u0142ek, 22 grudnia, zapraszamy na kolejne nabo\u017ce\u0144stwo do \u015bw. Rity. O godzinie 18.00 zostanie odprawiona Msza \u015bwi\u0119ta z po\u015bwi\u0119ceniem r\u00f3\u017c, a po Mszy \u015bwi\u0119tej modlitwy do patronki spraw trudnych i beznadziejnych. R\u00f3\u017ce b\u0119dzie mo\u017cna zakupi\u0107 przed Msz\u0105 \u015bwi\u0119t\u0105. Intencje r\u00f3wnie\u017c b\u0119dzie mo\u017cna z\u0142o\u017cy\u0107 pod o\u0142tarzem przed Msz\u0105 \u015bwi\u0119t\u0105.<\/p>\n<p>10.W \u015brod\u0119 Wigilia. Tego dnia Msza \u015bwi\u0119ta b\u0119dzie o godzinie 6.45 rano. Nie b\u0119dzie Mszy \u015bwi\u0119tych popo\u0142udniowych. Zach\u0119camy tego dnia do zachowania postnego charakteru.<\/p>\n<p>11.Pasterka b\u0119dzie odprawiona o godzinie 24.00, ze \u015brody na czwartek. Zostanie poprzedzona nabo\u017ce\u0144stwem czuwania, kt\u00f3re rozpocznie si\u0119 o godzinie 23.15, w trakcie kt\u00f3rego b\u0119dziemy modli\u0107 si\u0119 modlitw\u0105 r\u00f3\u017ca\u0144cow\u0105.<\/p>\n<p>12.W czwartek prze\u017cywa\u0107 b\u0119dziemy Bo\u017ce Narodzenie. Zapraszamy na Msze \u015bwi\u0119te o godzinie: 9.00, 11.00, 12.30 i 18.00. Tego dnia nie b\u0119dzie Mszy o godzinie 7.30.<\/p>\n<p>13.W pi\u0105tek Drugi Dzie\u0144 \u015awi\u0105t. B\u0119dziemy oddawa\u0107 cze\u015b\u0107 pierwszemu M\u0119czennikowi, \u015bw. Szczepanowi. Msze \u015bwi\u0119te b\u0119d\u0105 odprawiana tak jak w ka\u017cd\u0105 niedziel\u0119: 7.30, 9.00, 11.00, 12.30 i 18.00. Taca tego dnia przeznaczona jest na KUL.<\/p>\n<p>14.W przysz\u0142\u0105 niedziel\u0119 prze\u017cywa\u0107 b\u0119dziemy Uroczysto\u015b\u0107 \u015awi\u0119tej Rodziny, Jezusa, Maryi i J\u00f3zefa. Na Msz\u0119 \u015bwi\u0119t\u0105 o godzinie 12.30 zapraszamy ma\u0142\u017conk\u00f3w, kt\u00f3rzy pragn\u0105\u0107 b\u0119d\u0105 odnowi\u0107 swoje przyrzeczenia ma\u0142\u017ce\u0144skie i w tym roku prze\u017cywaj\u0105 swoje jubileusze. Serdecznie zapraszamy.<\/p>\n<p>15. W Uroczysto\u015b\u0107 Objawienia Pa\u0144skiego, 6 stycznia, zapraszamy dzieci na spotkanie podsumowuj\u0105ce uczestnictwo w roratach na godzin\u0119 10.40, oraz dzieci, kt\u00f3re wzi\u0119\u0142y udzia\u0142 w konkursie na Szopk\u0119 Bo\u017conarodzeniow\u0105, na godzin\u0119 12.00. B\u0119d\u0105 dyplomy, nagrody i wiele serdeczno\u015bci.<\/p>\n<p>16.Wizyt\u0119 duszpastersk\u0105, kol\u0119d\u0119, w naszej parafii rozpoczniemy po Nowym Roku. Zaczniemy od rejonu przy torach kolejowych i tak:<\/p>\n<p>+ 02 stycznia &#8211; pi\u0105tek:<\/p>\n<p>9.00 &#8211; ul. Polna, numery parzyste i oko\u0142o godziny 13.00 ul. 11 listopada &#8211; jeden ksi\u0105dz<\/p>\n<p>9.00 &#8211; ul. Polna, numery nieparzyste i oko\u0142o godziny 13.00 ul. \u017bwirki i Wigury &#8211; jeden ksi\u0105dz<\/p>\n<p>16.00 &#8211; ul. Plantowa<\/p>\n<p>+ 03 stycznia &#8211; sobota:<\/p>\n<p>9.00 &#8211; ul. S\u0142oneczna, numery parzyste i oko\u0142o godziny 13.00 ul. Zaciszna &#8211; jeden ksi\u0105dz<\/p>\n<p>9.00 &#8211; ul. S\u0142oneczna, numery nieparzyste i oko\u0142o 11.30 ul. Spacerowa i oko\u0142o 13.00 ul. Roi, domki &#8211; jeden ksi\u0105dz<\/p>\n<p>+ 05 stycznia &#8211; poniedzia\u0142ek:<\/p>\n<p>9.00 &#8211; ul. Obro\u0144c\u00f3w Lwowa i ul. Jasna &#8211; jeden ksi\u0105dz<\/p>\n<p>9.00 &#8211; ul. Zegrzy\u0144ska, domki i PIM &#8211; jeden ksi\u0105dz<\/p>\n<p>16.00 &#8211; ul. Wrzosowa, numery parzyste &#8211; jeden ksi\u0105dz<\/p>\n<p>16.00 &#8211; ul. Wrzosowa, numery nieparzyste &#8211; jeden ksi\u0105dz<\/p>\n<p>17. Kalendarz liturgiczny na ten tydzie\u0144: w czwartek &#8211; uroczysto\u015b\u0107 Narodzenia Pa\u0144skiego; w pi\u0105tek &#8211; \u015bwi\u0119to \u015bw. Szczepana, Pierwszego M\u0119czennika; w sobot\u0119 &#8211; \u015bwi\u0119to \u015bw. Jana, Aposto\u0142a i Ewangelisty.<\/p>\n","protected":false},"excerpt":{"rendered":"<p>1.Coraz bli\u017cej \u015awi\u0119ta Bo\u017cego Narodzenia. Zapraszamy na ostatnie roraty. W poniedzia\u0142ek na 6.45, we wtorek na 18.00 i w \u015brod\u0119 na 6.45. 2.Jeszcze dzisiaj, przed ko\u015bcio\u0142em, Rycerze \u015bw. Jana Paw\u0142a II, zbieraj\u0105 ofiary na o\u015brodek dla ociemnia\u0142ych w Laskach prowadzony przez siostry zakonne. 3.R\u00f3wnie\u017c dzisiaj, przed ko\u015bcio\u0142em, mo\u017cemy jeszcze zakupi\u0107 \u015bwiece na st\u00f3\u0142 wigilijny, op\u0142atki [&hellip;]<\/p>\n","protected":false},"author":10,"featured_media":30657,"comment_status":"open","ping_status":"open","sticky":false,"template":"","format":"standard","meta":{"footnotes":""},"categories":[2,14],"tags":[],"class_list":["post-32775","post","type-post","status-publish","format-standard","has-post-thumbnail","hentry","category-aktualnosci","category-ogloszenia-parafialne"],"_links":{"self":[{"href":"https:\/\/mbfatimska.ovh\/index.php\/wp-json\/wp\/v2\/posts\/32775","targetHints":{"allow":["GET"]}}],"collection":[{"href":"https:\/\/mbfatimska.ovh\/index.php\/wp-json\/wp\/v2\/posts"}],"about":[{"href":"https:\/\/mbfatimska.ovh\/index.php\/wp-json\/wp\/v2\/types\/post"}],"author":[{"embeddable":true,"href":"https:\/\/mbfatimska.ovh\/index.php\/wp-json\/wp\/v2\/users\/10"}],"replies":[{"embeddable":true,"href":"https:\/\/mbfatimska.ovh\/index.php\/wp-json\/wp\/v2\/comments?post=32775"}],"version-history":[{"count":13,"href":"https:\/\/mbfatimska.ovh\/index.php\/wp-json\/wp\/v2\/posts\/32775\/revisions"}],"predecessor-version":[{"id":32788,"href":"https:\/\/mbfatimska.ovh\/index.php\/wp-json\/wp\/v2\/posts\/32775\/revisions\/32788"}],"wp:featuredmedia":[{"embeddable":true,"href":"https:\/\/mbfatimska.ovh\/index.php\/wp-json\/wp\/v2\/media\/30657"}],"wp:attachment":[{"href":"https:\/\/mbfatimska.ovh\/index.php\/wp-json\/wp\/v2\/media?parent=32775"}],"wp:term":[{"taxonomy":"category","embeddable":true,"href":"https:\/\/mbfatimska.ovh\/index.php\/wp-json\/wp\/v2\/categories?post=32775"},{"taxonomy":"post_tag","embeddable":true,"href":"https:\/\/mbfatimska.ovh\/index.php\/wp-json\/wp\/v2\/tags?post=32775"}],"curies":[{"name":"wp","href":"https:\/\/api.w.org\/{rel}","templated":true}]}}