{"id":32835,"date":"2025-12-24T07:04:22","date_gmt":"2025-12-24T07:04:22","guid":{"rendered":"https:\/\/mbfatimska.ovh\/?p=32835"},"modified":"2025-12-24T07:04:22","modified_gmt":"2025-12-24T07:04:22","slug":"zyczenia-na-swieta-bozego-narodzenia","status":"publish","type":"post","link":"https:\/\/mbfatimska.ovh\/index.php\/2025\/12\/24\/zyczenia-na-swieta-bozego-narodzenia\/","title":{"rendered":"\u017byczenia na \u015awi\u0119ta Bo\u017cego Narodzenia"},"content":{"rendered":"<p>&nbsp;<\/p>\n<p style=\"text-align: center;\"><em>A S\u0142owo sta\u0142o si\u0119 cia\u0142em<\/em><\/p>\n<p style=\"text-align: center;\"><em>I zamieszka\u0142o w\u015br\u00f3d nas<\/em><\/p>\n<p style=\"text-align: center;\"><em>I ogl\u0105dali\u015bmy Jego chwa\u0142\u0119,<\/em><\/p>\n<p style=\"text-align: center;\"><em>Chwa\u0142\u0119, jak\u0105 Jednorodzony<\/em><\/p>\n<p style=\"text-align: center;\"><em>Otrzymuje od Ojca<\/em><\/p>\n<p style=\"text-align: center;\"><em>Pe\u0142en \u0142aski i prawdy<\/em><\/p>\n<p style=\"text-align: center;\">\u00a0 \u00a0 \u00a0 \u00a0 \u00a0 \u00a0 &#8211; J 1, 14<\/p>\n<p style=\"text-align: center;\"><b>Drodzy Parafianie, Przyjaciele i Go\u015bcie<\/b><\/p>\n<p style=\"text-align: center;\"><b>Wielka Tajemnica zaja\u015bnia\u0142a przed naszymi oczyma! Oto Pan, oto B\u00f3g przychodzi do nas<br \/>\njako bezbronna Dziecina. Uczymy si\u0119 od Niego mi\u0142o\u015bci, dobra i \u017cyczliwo\u015bci.<\/b><\/p>\n<p style=\"text-align: center;\"><b>\u017byczymy Wam, aby B\u00f3g narodzi\u0142 si\u0119<br \/>\nw Waszych sercach, aby m\u00f3g\u0142 obdarza\u0107 mi\u0142o\u015bci\u0105 spragnione serca. Niech Chrystus \u2013 Bo\u017ce Dzieci\u0119 \u2013 nieustannie Wam b\u0142ogos\u0142awi w trudach codzienno\u015bci. <\/b><\/p>\n<p style=\"text-align: center;\"><b>Wszystkiego co dobre i pi\u0119kne<br \/>\n\u017cyczy Wam <\/b><\/p>\n<p style=\"text-align: center;\"><b>ks. pra\u0142. Tomasz Chcia\u0142owski <\/b><\/p>\n<p style=\"text-align: center;\"><b>ks. Miko\u0142aj Lipski<\/b><\/p>\n<p style=\"text-align: center;\"><b>ks. Arkadiusz Grzeszczyk<\/b><\/p>\n<p>&nbsp;<\/p>\n","protected":false},"excerpt":{"rendered":"<p>&nbsp; A S\u0142owo sta\u0142o si\u0119 cia\u0142em I zamieszka\u0142o w\u015br\u00f3d nas I ogl\u0105dali\u015bmy Jego chwa\u0142\u0119, Chwa\u0142\u0119, jak\u0105 Jednorodzony Otrzymuje od Ojca Pe\u0142en \u0142aski i prawdy \u00a0 \u00a0 \u00a0 \u00a0 \u00a0 \u00a0 &#8211; J 1, 14 Drodzy Parafianie, Przyjaciele i Go\u015bcie Wielka Tajemnica zaja\u015bnia\u0142a przed naszymi oczyma! Oto Pan, oto B\u00f3g przychodzi do nas jako bezbronna Dziecina. [&hellip;]<\/p>\n","protected":false},"author":10,"featured_media":32836,"comment_status":"open","ping_status":"open","sticky":false,"template":"","format":"standard","meta":{"footnotes":""},"categories":[2],"tags":[],"class_list":["post-32835","post","type-post","status-publish","format-standard","has-post-thumbnail","hentry","category-aktualnosci"],"_links":{"self":[{"href":"https:\/\/mbfatimska.ovh\/index.php\/wp-json\/wp\/v2\/posts\/32835","targetHints":{"allow":["GET"]}}],"collection":[{"href":"https:\/\/mbfatimska.ovh\/index.php\/wp-json\/wp\/v2\/posts"}],"about":[{"href":"https:\/\/mbfatimska.ovh\/index.php\/wp-json\/wp\/v2\/types\/post"}],"author":[{"embeddable":true,"href":"https:\/\/mbfatimska.ovh\/index.php\/wp-json\/wp\/v2\/users\/10"}],"replies":[{"embeddable":true,"href":"https:\/\/mbfatimska.ovh\/index.php\/wp-json\/wp\/v2\/comments?post=32835"}],"version-history":[{"count":1,"href":"https:\/\/mbfatimska.ovh\/index.php\/wp-json\/wp\/v2\/posts\/32835\/revisions"}],"predecessor-version":[{"id":32837,"href":"https:\/\/mbfatimska.ovh\/index.php\/wp-json\/wp\/v2\/posts\/32835\/revisions\/32837"}],"wp:featuredmedia":[{"embeddable":true,"href":"https:\/\/mbfatimska.ovh\/index.php\/wp-json\/wp\/v2\/media\/32836"}],"wp:attachment":[{"href":"https:\/\/mbfatimska.ovh\/index.php\/wp-json\/wp\/v2\/media?parent=32835"}],"wp:term":[{"taxonomy":"category","embeddable":true,"href":"https:\/\/mbfatimska.ovh\/index.php\/wp-json\/wp\/v2\/categories?post=32835"},{"taxonomy":"post_tag","embeddable":true,"href":"https:\/\/mbfatimska.ovh\/index.php\/wp-json\/wp\/v2\/tags?post=32835"}],"curies":[{"name":"wp","href":"https:\/\/api.w.org\/{rel}","templated":true}]}}