{"id":33476,"date":"2026-01-17T17:54:38","date_gmt":"2026-01-17T17:54:38","guid":{"rendered":"https:\/\/mbfatimska.ovh\/?p=33476"},"modified":"2026-01-18T06:39:44","modified_gmt":"2026-01-18T06:39:44","slug":"ii-niedziela-zwykla-6","status":"publish","type":"post","link":"https:\/\/mbfatimska.ovh\/index.php\/2026\/01\/17\/ii-niedziela-zwykla-6\/","title":{"rendered":"II Niedziela Zwyk\u0142a"},"content":{"rendered":"<p>1.Dzisiejsz\u0105 niedziel\u0105 rozpocz\u0119li\u015bmy kolejny Tydzie\u0144 Modlitw o Jedno\u015b\u0107 Chrze\u015bcijan pod has\u0142em:\u00a0<em>Jedno Cia\u0142o. Jeden Duch. Jedna nadzieja.<\/em><\/p>\n<p>2.Jeszcze dzisiaj, na Mszy \u015bwi\u0119tej o godzinie 9.00, wyst\u0105pi ch\u00f3r senior\u00f3w ze Stanis\u0142awowa II &#8211; M\u0142odzie\u017c 50+. Nasi go\u015bcie zapewni\u0105 opraw\u0119 muzyczn\u0105 Mszy \u015bwi\u0119tej i bezpo\u015brednio po niej dadz\u0105 kr\u00f3tki koncert swojej tw\u00f3rczo\u015bci.<\/p>\n<p>3.Dzieci i m\u0142odzie\u017c rozpocz\u0119\u0142y ferie zimowe. W tym czasie, do niedzieli 01 lutego, nie b\u0119dzie spotka\u0144 formacyjnych-katechez dla uczni\u00f3w szko\u0142y podstawowej.<\/p>\n<p>4.W czasie ferii zimowych zapraszamy do naszej \u015bwietlicy parafialnej. Zapraszamy dzieci od poniedzia\u0142ku do pi\u0105tku, w godzinach 9.00 &#8211; 13.00 na zaj\u0119cia plastyczne, edukacyjne, sportowe. W tym czasie b\u0119d\u0105 wyjazdy do kina, park\u00f3w rozrywki i innych ciekawych miejsc. Pobyt w \u015bwietlicy jest darmowy. W czasie funkcjonowania \u015bwietlicy dzieci otrzymuj\u0105 gor\u0105cy posi\u0142ek. Serdecznie zapraszamy.<\/p>\n<p>5.W poniedzia\u0142ek, po Mszy \u015bwi\u0119tej o godzinie 18.00, zapraszamy na kolejne nabo\u017ce\u0144stwo do \u015bw. J\u00f3zefa, patrona ma\u0142\u017ce\u0144stw i rodzin.<\/p>\n<p>6.R\u00f3wnie\u017c w poniedzia\u0142ek, na godzin\u0119 18.45, do ko\u015bcio\u0142a, Rycerze \u015bw. Jana Paw\u0142a II, zapraszaj\u0105 pan\u00f3w na m\u0119ski r\u00f3\u017caniec. Ta praktyka m\u0119skich r\u00f3\u017ca\u0144ca b\u0119dzie praktykowana co miesi\u0105c zawsze 19-dnia ka\u017cdego miesi\u0105ca.<\/p>\n<p>7.We wtorek b\u0119dziemy obchodzili 8. rocznic\u0119 ingresu Pasterza naszej Diecezji ksi\u0119dza biskupa Romualda Kami\u0144skiego. Pami\u0119tajmy tego dnia w naszych modlitwach o naszym ordynariuszu.<\/p>\n<p>8.W tym tygodniu, 21 i 22 stycznia, obchodzimy Dzie\u0144 Babci i Dziadka. Ju\u017c dzisiaj sk\u0142adamy im najserdeczniejsze \u017cyczenia. \u017byczymy zdrowia, si\u0142, szacunku otoczenia i Bo\u017cego b\u0142ogos\u0142awie\u0144stwa.<\/p>\n<p>9.W \u015brod\u0119, w Ratuszu, w godzinach 9-15, w zwi\u0105zku z Dniem Babci i Dziadka, odbywa si\u0119 profilaktyka zdrowotna. Mo\u017cna b\u0119dzie zrobi\u0107 badania wzroku, ci\u015bnienia t\u0119tniczego, wyrobi\u0107 kart\u0119 EKUZ, analiz\u0119 sk\u0142adu cia\u0142a i wiele jeszcze innych po\u017cytecznych analiz. Wi\u0119cej informacji na tablicy og\u0142osze\u0144.<\/p>\n<p>10.W czwartek, 22 stycznia, zapraszamy na kolejne nabo\u017ce\u0144stwo do \u015bw. Rity. O godzinie 18.00 zostanie odprawiona Msza \u015bwi\u0119ta, w trakcie kt\u00f3rej zostan\u0105 po\u015bwi\u0119cone r\u00f3\u017ce, a nast\u0119pnie, po Mszy \u015bwi\u0119tej, b\u0119dziemy zanosi\u0107 nasze wsp\u00f3lne modlitwy do patronki spraw trudnych i beznadziejnych.<\/p>\n<p>11.R\u00f3wnie\u017c w czwartek, w godzinach 18-19, w budynku Centrum Wsparcia Fizycznego, nieodp\u0142atnie b\u0119dzie mo\u017cna skorzysta\u0107 z konsultacji i porad logopedy szkolnego.<\/p>\n<p>12.W nast\u0119pn\u0105 niedziel\u0119 b\u0119dziemy obchodzili VII Niedziel\u0119 S\u0142owa Bo\u017cego pod has\u0142em: <em>S\u0142owo Chrystusa niech mieszka w was.<\/em> Niech to b\u0119dzie dla nas zach\u0119ta by odkrywa\u0107 pi\u0119kno Pisma \u015bwi\u0119tego poprzez jego regularn\u0105 lektur\u0119.<\/p>\n<p>13.W tym tygodniu kontynuujemy wizyt\u0119 duszpastersk\u0105. Dzi\u0119kujemy mieszka\u0144com z tego tygodnia, kt\u00f3rych odwiedzili\u015bmy, za ich wielk\u0105 kultur\u0119, \u017cyczliwo\u015b\u0107 i otwarto\u015b\u0107. Dzi\u0119kujemy za wsp\u00f3ln\u0105 modlitw\u0119, a w tym tygodniu pragniemy odwiedzi\u0107, z Bo\u017cym b\u0142ogos\u0142awie\u0144stwem kolejne domy i mieszkania. Pe\u0142ny rozk\u0142ad, do ko\u0144ca kol\u0119dowania, podany jest w naszym parafialnym biuletynie, na stronie internetowej oraz wywieszony w gablocie.<\/p>\n<p>14.Kalendarz liturgiczny na ten tydzie\u0144: w poniedzia\u0142ek &#8211; wspomnienie \u015bw. J\u00f3zefa Sebastiana Pelczara, biskupa; w \u015brod\u0119 &#8211; wspomnienie \u015bw. Agnieszki, dziewicy i m\u0119czennicy; w sobot\u0119 &#8211; wspomnienie \u015bw. Franciszka Salezego, biskupa i doktora Ko\u015bcio\u0142a.<\/p>\n","protected":false},"excerpt":{"rendered":"<p>1.Dzisiejsz\u0105 niedziel\u0105 rozpocz\u0119li\u015bmy kolejny Tydzie\u0144 Modlitw o Jedno\u015b\u0107 Chrze\u015bcijan pod has\u0142em:\u00a0Jedno Cia\u0142o. Jeden Duch. Jedna nadzieja. 2.Jeszcze dzisiaj, na Mszy \u015bwi\u0119tej o godzinie 9.00, wyst\u0105pi ch\u00f3r senior\u00f3w ze Stanis\u0142awowa II &#8211; M\u0142odzie\u017c 50+. Nasi go\u015bcie zapewni\u0105 opraw\u0119 muzyczn\u0105 Mszy \u015bwi\u0119tej i bezpo\u015brednio po niej dadz\u0105 kr\u00f3tki koncert swojej tw\u00f3rczo\u015bci. 3.Dzieci i m\u0142odzie\u017c rozpocz\u0119\u0142y ferie zimowe. [&hellip;]<\/p>\n","protected":false},"author":10,"featured_media":30657,"comment_status":"open","ping_status":"open","sticky":false,"template":"","format":"standard","meta":{"footnotes":""},"categories":[2,14],"tags":[],"class_list":["post-33476","post","type-post","status-publish","format-standard","has-post-thumbnail","hentry","category-aktualnosci","category-ogloszenia-parafialne"],"_links":{"self":[{"href":"https:\/\/mbfatimska.ovh\/index.php\/wp-json\/wp\/v2\/posts\/33476","targetHints":{"allow":["GET"]}}],"collection":[{"href":"https:\/\/mbfatimska.ovh\/index.php\/wp-json\/wp\/v2\/posts"}],"about":[{"href":"https:\/\/mbfatimska.ovh\/index.php\/wp-json\/wp\/v2\/types\/post"}],"author":[{"embeddable":true,"href":"https:\/\/mbfatimska.ovh\/index.php\/wp-json\/wp\/v2\/users\/10"}],"replies":[{"embeddable":true,"href":"https:\/\/mbfatimska.ovh\/index.php\/wp-json\/wp\/v2\/comments?post=33476"}],"version-history":[{"count":5,"href":"https:\/\/mbfatimska.ovh\/index.php\/wp-json\/wp\/v2\/posts\/33476\/revisions"}],"predecessor-version":[{"id":33481,"href":"https:\/\/mbfatimska.ovh\/index.php\/wp-json\/wp\/v2\/posts\/33476\/revisions\/33481"}],"wp:featuredmedia":[{"embeddable":true,"href":"https:\/\/mbfatimska.ovh\/index.php\/wp-json\/wp\/v2\/media\/30657"}],"wp:attachment":[{"href":"https:\/\/mbfatimska.ovh\/index.php\/wp-json\/wp\/v2\/media?parent=33476"}],"wp:term":[{"taxonomy":"category","embeddable":true,"href":"https:\/\/mbfatimska.ovh\/index.php\/wp-json\/wp\/v2\/categories?post=33476"},{"taxonomy":"post_tag","embeddable":true,"href":"https:\/\/mbfatimska.ovh\/index.php\/wp-json\/wp\/v2\/tags?post=33476"}],"curies":[{"name":"wp","href":"https:\/\/api.w.org\/{rel}","templated":true}]}}