{"id":3754,"date":"2016-10-04T13:08:27","date_gmt":"2016-10-04T13:08:27","guid":{"rendered":"http:\/\/www.mbfatimska.pl\/?p=2588"},"modified":"2026-04-16T10:25:36","modified_gmt":"2026-04-16T10:25:36","slug":"wyjazd-kina-4-pazdziernika-2016-2-2","status":"publish","type":"post","link":"https:\/\/mbfatimska.ovh\/index.php\/2016\/10\/04\/wyjazd-kina-4-pazdziernika-2016-2-2\/","title":{"rendered":"Wyjazd do kina. 4 pa\u017adziernika 2016 &#8211; WTZ \u015bw. Rity"},"content":{"rendered":"\t\t<div data-elementor-type=\"wp-post\" data-elementor-id=\"3754\" class=\"elementor elementor-3754\" data-elementor-post-type=\"post\">\n\t\t\t\t<div class=\"elementor-element elementor-element-539bd2be e-flex e-con-boxed e-con e-parent\" data-id=\"539bd2be\" data-element_type=\"container\" data-e-type=\"container\">\n\t\t\t\t\t<div class=\"e-con-inner\">\n\t\t\t\t<div class=\"elementor-element elementor-element-3d5d9586 elementor-widget elementor-widget-text-editor\" data-id=\"3d5d9586\" data-element_type=\"widget\" data-e-type=\"widget\" data-widget_type=\"text-editor.default\">\n\t\t\t\t<div class=\"elementor-widget-container\">\n\t\t\t\t\t\t\t\t\t&nbsp;\r\n\r\n&nbsp;\t\t\t\t\t\t\t\t<\/div>\n\t\t\t\t<\/div>\n\t\t\t\t\t<\/div>\n\t\t\t\t<\/div>\n\t\t<div class=\"elementor-element elementor-element-0c87a01 e-flex e-con-boxed e-con e-parent\" data-id=\"0c87a01\" data-element_type=\"container\" data-e-type=\"container\">\n\t\t\t\t\t<div class=\"e-con-inner\">\n\t\t\t\t<div class=\"elementor-element elementor-element-5c4ef79 elementor-widget elementor-widget-text-editor\" data-id=\"5c4ef79\" data-element_type=\"widget\" data-e-type=\"widget\" data-widget_type=\"text-editor.default\">\n\t\t\t\t<div class=\"elementor-widget-container\">\n\t\t\t\t\t\t\t\t\t<p>4 pa\u017adziernika wybrali\u015bmy si\u0119 do jednego z multikin w Warszawie. O godzinie 9:40 spotkali\u015bmy si\u0119 na peronie legionowskiego dworca, o 9:48 ruszyli\u015bmy do Warszawy. Po niespe\u0142na p\u00f3\u0142godzinnej podr\u00f3\u017cy wysiedli\u015bmy na stacji Warszawa Gda\u0144ska, by po kilkuminutowym spacerku dotrze\u0107 do Arkadii. Obejrzeli\u015bmy film pod tytu\u0142em &#8222;Kr\u00f3lestwo&#8221;. Nie by\u0142 to film rysunkowy pomimo tego, \u017ce g\u0142\u00f3wne role gra\u0142y w nim zwierz\u0119ta. Akcja rozpoczyna si\u0119 oko\u0142o 80 tysi\u0119cy lat temu, gdy na Ziemi trwa\u0142a epoka lodowcowa. Tytu\u0142owym kr\u00f3lestwem jest las. Las, kt\u00f3ry powstaje na terenach kontynentu europejskiego po odej\u015bciu epoki lodowcowej. Pi\u0119kne, wysokie, zielone drzewa tworz\u0105 pot\u0119\u017cne bory i puszcze. Tam w\u0142a\u015bnie \u017cyje przeogromna r\u00f3\u017cnorodno\u015b\u0107 zwierz\u0105t, od tych najmniejszych jak owady, po te najwi\u0119ksze jak \u017cubry! Las jest kr\u00f3lestwem, w kt\u00f3rym rodz\u0105 si\u0119, \u017cyj\u0105 i umieraj\u0105 ca\u0142e pokolenia myszy, wiewi\u00f3rek, wilk\u00f3w, saren, \u0142osi itd, itd. Niestety ingerencja cz\u0142owieka wprowadza w ten sielski obrazek coraz wi\u0119kszy zam\u0119t! Obecne &#8222;Kr\u00f3lestwo&#8221; wcale nie przypomina tego pierwotnego! Zwierz\u0119ta maj\u0105 coraz mniej terenu, na kt\u00f3rym mog\u0142yby wie\u015b\u0107 spokojne \u017cycie! I o tym w\u0142a\u015bnie jest ten film! Nie niszczmy bezpowrotnie las\u00f3w! Pozw\u00f3lmy \u017cy\u0107 zwierz\u0119tom, ptakom, rybom a nawet owadom! Je\u015bli znikn\u0105 one, my zrobimy to nied\u0142ugo po nich! Z sali kinowej wyszli\u015bmy powa\u017cni i nieco zamy\u015bleni. Od dzisiaj zupe\u0142nie inaczej b\u0119dziemy patrze\u0107 na naszego psa czy kota. Wiemy ju\u017c, \u017ce nie mo\u017cna krzywdzi\u0107 \u017cadnych zwierzak\u00f3w, nawet tych najmniejszych. Chocia\u017c &#8230;&#8230; no! Dla komar\u00f3w chyba jednak zrobimy wyj\u0105tek \ud83d\ude42<\/p>\t\t\t\t\t\t\t\t<\/div>\n\t\t\t\t<\/div>\n\t\t\t\t\t<\/div>\n\t\t\t\t<\/div>\n\t\t\t\t<\/div>\n\t\t","protected":false},"excerpt":{"rendered":"<p>&nbsp; 4 pa\u017adziernika wybrali\u015bmy si\u0119 do jednego z multikin w Warszawie. O godzinie 9:40 spotkali\u015bmy si\u0119 na peronie legionowskiego dworca, o 9:48 ruszyli\u015bmy do Warszawy. Po niespe\u0142na p\u00f3\u0142godzinnej podr\u00f3\u017cy wysiedli\u015bmy na stacji Warszawa Gda\u0144ska, by po kilkuminutowym spacerku dotrze\u0107 do Arkadii. Obejrzeli\u015bmy film pod tytu\u0142em &#8222;Kr\u00f3lestwo&#8221;. Nie by\u0142 to film rysunkowy pomimo tego, \u017ce g\u0142\u00f3wne [&hellip;]<\/p>\n","protected":false},"author":1,"featured_media":2889,"comment_status":"closed","ping_status":"closed","sticky":false,"template":"","format":"standard","meta":{"footnotes":""},"categories":[2,6],"tags":[],"class_list":["post-3754","post","type-post","status-publish","format-standard","has-post-thumbnail","hentry","category-aktualnosci","category-galerie"],"_links":{"self":[{"href":"https:\/\/mbfatimska.ovh\/index.php\/wp-json\/wp\/v2\/posts\/3754","targetHints":{"allow":["GET"]}}],"collection":[{"href":"https:\/\/mbfatimska.ovh\/index.php\/wp-json\/wp\/v2\/posts"}],"about":[{"href":"https:\/\/mbfatimska.ovh\/index.php\/wp-json\/wp\/v2\/types\/post"}],"author":[{"embeddable":true,"href":"https:\/\/mbfatimska.ovh\/index.php\/wp-json\/wp\/v2\/users\/1"}],"replies":[{"embeddable":true,"href":"https:\/\/mbfatimska.ovh\/index.php\/wp-json\/wp\/v2\/comments?post=3754"}],"version-history":[{"count":5,"href":"https:\/\/mbfatimska.ovh\/index.php\/wp-json\/wp\/v2\/posts\/3754\/revisions"}],"predecessor-version":[{"id":42649,"href":"https:\/\/mbfatimska.ovh\/index.php\/wp-json\/wp\/v2\/posts\/3754\/revisions\/42649"}],"wp:featuredmedia":[{"embeddable":true,"href":"https:\/\/mbfatimska.ovh\/index.php\/wp-json\/wp\/v2\/media\/2889"}],"wp:attachment":[{"href":"https:\/\/mbfatimska.ovh\/index.php\/wp-json\/wp\/v2\/media?parent=3754"}],"wp:term":[{"taxonomy":"category","embeddable":true,"href":"https:\/\/mbfatimska.ovh\/index.php\/wp-json\/wp\/v2\/categories?post=3754"},{"taxonomy":"post_tag","embeddable":true,"href":"https:\/\/mbfatimska.ovh\/index.php\/wp-json\/wp\/v2\/tags?post=3754"}],"curies":[{"name":"wp","href":"https:\/\/api.w.org\/{rel}","templated":true}]}}