{"id":3787,"date":"2017-01-24T17:20:32","date_gmt":"2017-01-24T17:20:32","guid":{"rendered":"http:\/\/www.mbfatimska.pl\/?p=2822"},"modified":"2026-04-16T09:43:02","modified_gmt":"2026-04-16T09:43:02","slug":"koleda-wtz-2017-2-2","status":"publish","type":"post","link":"https:\/\/mbfatimska.ovh\/index.php\/2017\/01\/24\/koleda-wtz-2017-2-2\/","title":{"rendered":"Kol\u0119da w WTZ. 2017"},"content":{"rendered":"\t\t<div data-elementor-type=\"wp-post\" data-elementor-id=\"3787\" class=\"elementor elementor-3787\" data-elementor-post-type=\"post\">\n\t\t\t\t<div class=\"elementor-element elementor-element-cec88d7 e-flex e-con-boxed e-con e-parent\" data-id=\"cec88d7\" data-element_type=\"container\" data-e-type=\"container\">\n\t\t\t\t\t<div class=\"e-con-inner\">\n\t\t\t\t<div class=\"elementor-element elementor-element-46130a8 elementor-widget elementor-widget-text-editor\" data-id=\"46130a8\" data-element_type=\"widget\" data-e-type=\"widget\" data-widget_type=\"text-editor.default\">\n\t\t\t\t<div class=\"elementor-widget-container\">\n\t\t\t\t\t\t\t\t\t<p>Od 2 stycznia trwa w naszej parafii czas wizyt duszpasterskich czyli kol\u0119dy. Podopieczni oraz kadra Warsztatu Terapii Zaj\u0119ciowej mieli zaszczyt go\u015bci\u0107 ksi\u0119dza pra\u0142ata Tomasza Chcia\u0142owskiego w dniu dzisiejszym! Wszystko by\u0142o przygotowane! I st\u00f3\u0142 nakryty bia\u0142ym obrusem, i krzy\u017c oraz \u015bwiece w lichtarzach i oczywi\u015bcie woda \u015bwi\u0119cona a obok kropid\u0142o. Nasz proboszcz odwiedzi\u0142 nas po godzinie dziewi\u0105tej. Kr\u00f3tka modlitwa, po\u015bwi\u0119cenie pomieszczenia oraz wszystkich zgromadzonych, wsp\u00f3lnie od\u015bpiewana kol\u0119da. Poniewa\u017c ksi\u0105dz Tomasz mia\u0142 jeszcze chwil\u0119 czasu, da\u0142 si\u0119 wi\u0119c nam\u00f3wi\u0107 na fili\u017cank\u0119 kawy. Siedz\u0105c przy stole mieli\u015bmy okazj\u0119 porozmawia\u0107 z ksi\u0119dzem a zarazem Prezesem Zarz\u0105du Legionowskiego Stowarzyszenia Amicus. Te kilkana\u015bcie minut wsp\u00f3lnej rozmowy \u00a0b\u0142yskawicznie nam min\u0119\u0142o i niestety, my musieli\u015bmy wraca\u0107 do swoich zaj\u0119\u0107 a ksi\u0105dz Tomasz do swoich. Dzi\u0119kujemy za wizyt\u0119 duszpastersk\u0105 i zapraszamy za rok! Oczywi\u015bcie za rok z kol\u0119d\u0105! A tak zwyczajnie, to zapraszamy codziennie! <strong>Szcz\u0119\u015b\u0107 Bo\u017ce! \u00a0<\/strong><\/p>\t\t\t\t\t\t\t\t<\/div>\n\t\t\t\t<\/div>\n\t\t\t\t\t<\/div>\n\t\t\t\t<\/div>\n\t\t\t\t<\/div>\n\t\t","protected":false},"excerpt":{"rendered":"<p>Od 2 stycznia trwa w naszej parafii czas wizyt duszpasterskich czyli kol\u0119dy. Podopieczni oraz kadra Warsztatu Terapii Zaj\u0119ciowej mieli zaszczyt go\u015bci\u0107 ksi\u0119dza pra\u0142ata Tomasza Chcia\u0142owskiego w dniu dzisiejszym! Wszystko by\u0142o przygotowane! I st\u00f3\u0142 nakryty bia\u0142ym obrusem, i krzy\u017c oraz \u015bwiece w lichtarzach i oczywi\u015bcie woda \u015bwi\u0119cona a obok kropid\u0142o. Nasz proboszcz odwiedzi\u0142 nas po godzinie [&hellip;]<\/p>\n","protected":false},"author":1,"featured_media":3190,"comment_status":"closed","ping_status":"closed","sticky":false,"template":"","format":"standard","meta":{"footnotes":""},"categories":[2,6],"tags":[],"class_list":["post-3787","post","type-post","status-publish","format-standard","has-post-thumbnail","hentry","category-aktualnosci","category-galerie"],"_links":{"self":[{"href":"https:\/\/mbfatimska.ovh\/index.php\/wp-json\/wp\/v2\/posts\/3787","targetHints":{"allow":["GET"]}}],"collection":[{"href":"https:\/\/mbfatimska.ovh\/index.php\/wp-json\/wp\/v2\/posts"}],"about":[{"href":"https:\/\/mbfatimska.ovh\/index.php\/wp-json\/wp\/v2\/types\/post"}],"author":[{"embeddable":true,"href":"https:\/\/mbfatimska.ovh\/index.php\/wp-json\/wp\/v2\/users\/1"}],"replies":[{"embeddable":true,"href":"https:\/\/mbfatimska.ovh\/index.php\/wp-json\/wp\/v2\/comments?post=3787"}],"version-history":[{"count":4,"href":"https:\/\/mbfatimska.ovh\/index.php\/wp-json\/wp\/v2\/posts\/3787\/revisions"}],"predecessor-version":[{"id":42606,"href":"https:\/\/mbfatimska.ovh\/index.php\/wp-json\/wp\/v2\/posts\/3787\/revisions\/42606"}],"wp:featuredmedia":[{"embeddable":true,"href":"https:\/\/mbfatimska.ovh\/index.php\/wp-json\/wp\/v2\/media\/3190"}],"wp:attachment":[{"href":"https:\/\/mbfatimska.ovh\/index.php\/wp-json\/wp\/v2\/media?parent=3787"}],"wp:term":[{"taxonomy":"category","embeddable":true,"href":"https:\/\/mbfatimska.ovh\/index.php\/wp-json\/wp\/v2\/categories?post=3787"},{"taxonomy":"post_tag","embeddable":true,"href":"https:\/\/mbfatimska.ovh\/index.php\/wp-json\/wp\/v2\/tags?post=3787"}],"curies":[{"name":"wp","href":"https:\/\/api.w.org\/{rel}","templated":true}]}}