{"id":3793,"date":"2017-02-02T16:01:59","date_gmt":"2017-02-02T16:01:59","guid":{"rendered":"http:\/\/www.mbfatimska.pl\/?p=2881"},"modified":"2026-04-16T09:48:49","modified_gmt":"2026-04-16T09:48:49","slug":"kulig-sluzby-liturgicznej-2017-2","status":"publish","type":"post","link":"https:\/\/mbfatimska.ovh\/index.php\/2017\/02\/02\/kulig-sluzby-liturgicznej-2017-2\/","title":{"rendered":"Kulig S\u0142u\u017cby Liturgicznej 2017"},"content":{"rendered":"\t\t<div data-elementor-type=\"wp-post\" data-elementor-id=\"3793\" class=\"elementor elementor-3793\" data-elementor-post-type=\"post\">\n\t\t\t\t<div class=\"elementor-element elementor-element-7458d35 e-flex e-con-boxed e-con e-parent\" data-id=\"7458d35\" data-element_type=\"container\" data-e-type=\"container\">\n\t\t\t\t\t<div class=\"e-con-inner\">\n\t\t\t\t<div class=\"elementor-element elementor-element-0253bc0 elementor-widget elementor-widget-text-editor\" data-id=\"0253bc0\" data-element_type=\"widget\" data-e-type=\"widget\" data-widget_type=\"text-editor.default\">\n\t\t\t\t<div class=\"elementor-widget-container\">\n\t\t\t\t\t\t\t\t\t<p>Kulig S\u0142u\u017cby Liturgicznej 2017<\/p><p>Zgodnie z za\u0142o\u017ceniami w dniu 28.01.2017 r. w Stajni \u201eKlucz\u201d znajduj\u0105cej si\u0119 w miejscowo\u015bci Skrzeszew, odby\u0142 si\u0119 kulig naszej S\u0142u\u017cby Liturgicznej. To ju\u017c kolejne spotkanie zorganizowane w ramach integracji dzieci i ich rodzic\u00f3w oraz rodze\u0144stwa. Na miejsce stawi\u0142o si\u0119 85 os\u00f3b \u017c\u0105dnych dobrej zabawy przy aurze pi\u0119knej s\u0142onecznej pogodzie. To by\u0142 ostatni dzwonek, bo \u015bniegu le\u017c\u0105cego do tej pory poka\u017an\u0105 warstw\u0105 zacz\u0119\u0142o ubywa\u0107, ale zd\u0105\u017cyli\u015bmy. Bardzo ciep\u0142o przywita\u0142a nas gospodyni tego miejsca, om\u00f3wi\u0142a kilka spraw organizacyjnych i warunk\u00f3w bezpiecze\u0144stwa podczas przebywania na terenie gospodarstwa, po czym za chwil\u0119 oprowadzi\u0142a nas po g\u0142\u00f3wnej cz\u0119\u015bci stajni. Poznali\u015bmy tam takich mieszka\u0144c\u00f3w jak: kr\u00f3liki, owce, barana Mexa, lamy, koz\u0142a Elvisa, kangura Lennoxa. Nast\u0119pnie przyszed\u0142 czas na kulig, kt\u00f3rego trasa bieg\u0142a wzd\u0142u\u017c malowniczych las\u00f3w i \u0142\u0105k \u2013 to prawdziwe, \u015bnie\u017cne szale\u0144stwo. P\u0119d koni w\u015br\u00f3d u\u015bpionej przyrody, dobre towarzystwo i wspania\u0142e widoki wprowadzi\u0142y nas w wspania\u0142y nastr\u00f3j i prawdziwie zimowy klimat. Niew\u0105tpliw\u0105 atrakcj\u0105 by\u0142a przeja\u017cd\u017cka konn\u0105 dzieci jak i rodzic\u00f3w pod czujnym okiem pani Instruktor. Zaraz po kuligu zasiedli\u015bmy przy p\u0142on\u0105cym ognisku by rozgrza\u0107 si\u0119 herbat\u0105, ciep\u0142\u0105 zup\u0105 i upiec kie\u0142baski. Potem gry integracyjne, zabawa na \u015bwie\u017cym powietrzu, zjazd na sankach. U\u015bmiechni\u0119te twarze dzieci, m\u0142odzie\u017cy i doros\u0142ych by\u0142y jak zwykle najlepsz\u0105 nagrod\u0105 dla organizator\u00f3w. Wyjazd ufundowany by\u0142 z funduszu kawiarenkowego, gdzie rodzice przez ca\u0142y rok piek\u0105 pyszne ciasta, czego potem efektem s\u0105 rodzinne wyjazdy integracyjne. Wyra\u017camy wdzi\u0119czno\u015b\u0107 gospodarzom Stajni \u201eKlucz\u201d w Skrzeszewie za otwarte serce, za go\u015bcinno\u015b\u0107 i za u\u015bmiech, kt\u00f3rym nas obdarzono. B\u00f3g po praz kolejny nas zachwyci\u0142 i po raz kolejny obdarzy\u0142 swoj\u0105 \u0142ask\u0105. Zatroszczy\u0142 si\u0119 o to, by starczy\u0142o \u015bniegu, by mr\u00f3z zbyt dotkliwie nie szczypa\u0142 w twarze, a wiatr nie zrywa\u0142 czapek z g\u0142\u00f3w. Zatroszczy\u0142 si\u0119 o nasze bezpiecze\u0144stwo, podarowa\u0142 cudowny czas wspania\u0142ej zabawy i wypoczynku, czas rado\u015bci i zapieraj\u0105cego dech w piersiach zachwytu nad wspania\u0142ym dzie\u0142em stworzenia. Dzieci i m\u0142odzie\u017c zobaczy\u0142y jak \u015bwiat cz\u0142owieka i \u015bwiat przyrody s\u0105 ze sob\u0105 mocno zwi\u0105zane. Dzi\u0119kujemy ks. Tomaszowi Chcia\u0142owskiemu, ks. Piotrowi Doma\u0144skiemu oraz p. Anicie Rodak. Dzi\u0119kujemy wszystkim uczestnikom za wspania\u0142e towarzystwo i mi\u0142\u0105 zabaw\u0119. Jeste\u015bmy bardzo szcz\u0119\u015bliwi, \u017ce mo\u017cemy uczestniczy\u0107 w takiego typu przedsi\u0119wzi\u0119ciach. Do zobaczenia na wiosn\u0119.<\/p><p><em>M.\u0141.<\/em><\/p>\t\t\t\t\t\t\t\t<\/div>\n\t\t\t\t<\/div>\n\t\t\t\t\t<\/div>\n\t\t\t\t<\/div>\n\t\t\t\t<\/div>\n\t\t","protected":false},"excerpt":{"rendered":"<p>Kulig S\u0142u\u017cby Liturgicznej 2017 Zgodnie z za\u0142o\u017ceniami w dniu 28.01.2017 r. w Stajni \u201eKlucz\u201d znajduj\u0105cej si\u0119 w miejscowo\u015bci Skrzeszew, odby\u0142 si\u0119 kulig naszej S\u0142u\u017cby Liturgicznej. To ju\u017c kolejne spotkanie zorganizowane w ramach integracji dzieci i ich rodzic\u00f3w oraz rodze\u0144stwa. Na miejsce stawi\u0142o si\u0119 85 os\u00f3b \u017c\u0105dnych dobrej zabawy przy aurze pi\u0119knej s\u0142onecznej pogodzie. To by\u0142 [&hellip;]<\/p>\n","protected":false},"author":1,"featured_media":3260,"comment_status":"closed","ping_status":"closed","sticky":false,"template":"","format":"standard","meta":{"footnotes":""},"categories":[2,6],"tags":[],"class_list":["post-3793","post","type-post","status-publish","format-standard","has-post-thumbnail","hentry","category-aktualnosci","category-galerie"],"_links":{"self":[{"href":"https:\/\/mbfatimska.ovh\/index.php\/wp-json\/wp\/v2\/posts\/3793","targetHints":{"allow":["GET"]}}],"collection":[{"href":"https:\/\/mbfatimska.ovh\/index.php\/wp-json\/wp\/v2\/posts"}],"about":[{"href":"https:\/\/mbfatimska.ovh\/index.php\/wp-json\/wp\/v2\/types\/post"}],"author":[{"embeddable":true,"href":"https:\/\/mbfatimska.ovh\/index.php\/wp-json\/wp\/v2\/users\/1"}],"replies":[{"embeddable":true,"href":"https:\/\/mbfatimska.ovh\/index.php\/wp-json\/wp\/v2\/comments?post=3793"}],"version-history":[{"count":4,"href":"https:\/\/mbfatimska.ovh\/index.php\/wp-json\/wp\/v2\/posts\/3793\/revisions"}],"predecessor-version":[{"id":42611,"href":"https:\/\/mbfatimska.ovh\/index.php\/wp-json\/wp\/v2\/posts\/3793\/revisions\/42611"}],"wp:featuredmedia":[{"embeddable":true,"href":"https:\/\/mbfatimska.ovh\/index.php\/wp-json\/wp\/v2\/media\/3260"}],"wp:attachment":[{"href":"https:\/\/mbfatimska.ovh\/index.php\/wp-json\/wp\/v2\/media?parent=3793"}],"wp:term":[{"taxonomy":"category","embeddable":true,"href":"https:\/\/mbfatimska.ovh\/index.php\/wp-json\/wp\/v2\/categories?post=3793"},{"taxonomy":"post_tag","embeddable":true,"href":"https:\/\/mbfatimska.ovh\/index.php\/wp-json\/wp\/v2\/tags?post=3793"}],"curies":[{"name":"wp","href":"https:\/\/api.w.org\/{rel}","templated":true}]}}