{"id":3796,"date":"2017-02-04T12:08:20","date_gmt":"2017-02-04T12:08:20","guid":{"rendered":"http:\/\/www.mbfatimska.pl\/?p=2896"},"modified":"2017-02-04T12:08:20","modified_gmt":"2017-02-04T12:08:20","slug":"v-niedziela-zwykla-05-02-2017","status":"publish","type":"post","link":"https:\/\/mbfatimska.ovh\/index.php\/2017\/02\/04\/v-niedziela-zwykla-05-02-2017\/","title":{"rendered":"V Niedziela Zwyk\u0142a &#8211; 05.02.2017"},"content":{"rendered":"<ol>\n<li>W dniu dzisiejszym z racji I-szej Niedzieli miesi\u0105ca po Mszy \u015awi\u0119tej o godzinie 12.30 wystawienie Naj\u015bwi\u0119tszego Sakramentu i mo\u017cliwo\u015b\u0107 adoracji w ciszy i skupieniu do godziny 17.45. Po Mszy \u015awi\u0119tej o godzinie 12.30<\/li>\n<li>w salce pod zakrysti\u0105 zebranie dla K\u00f3\u0142 \u017bywego R\u00f3\u017ca\u0144ca.<\/li>\n<li>R\u00f3wnie\u017c dzisiaj po Mszy \u015awi\u0119tej o godzinie 18.00 w salce pod zakrysti\u0105 spotkanie Zakonu \u015bw. Jana Paw\u0142a II. Zapraszamy tych, kt\u00f3rzy si\u0119 ju\u017c zapisali, oraz tych kt\u00f3rzy mogliby w\u0142\u0105czy\u0107 si\u0119 w t\u0105 szczytn\u0105 ide\u0119.<\/li>\n<li>W przysz\u0142\u0105 niedziel\u0119 dzieci i m\u0142odzie\u017c rozpoczyna ferie zimowe. W czasie ferii nie b\u0119dzie katechez dla dzieci i m\u0142odzie\u017cy. Najbli\u017csza katecheza dla dzieci klas III SP przed I-sz\u0105 Komuni\u0105 \u015awi\u0119t\u0105 26 lutego o godz. 10.25, a dla rodzic\u00f3w tych\u017ce dzieci 27 lutego, tj. poniedzia\u0142ek o godz. 19.00.<\/li>\n<li>W sobot\u0119 11 lutego w liturgiczne wspomnienie Naj\u015bwi\u0119tszej Maryi Panny z Lourdes obchodzi\u0107 b\u0119dziemy kolejny \u015awiatowy Dzie\u0144 Chorych. Zapraszamy osoby chore, niedo\u0142\u0119\u017cne, w podesz\u0142ym wieku na Msze \u015awi\u0119te o godz. 9.00 i 18.00. Podczas tych Mszy \u015awi\u0119tych b\u0119dzie osobom chorym udzielony sakrament namaszczenia.<\/li>\n<li>Jeszcze dzisiaj w filii Muzeum Historycznego na os. Piaski o godz. 15.00 odb\u0119dzie si\u0119 prezentacja dr Artura Bojarskiego, pt. &#8222;Powiat legionowski na starych mapach&#8221;.<\/li>\n<li>S\u0105 jeszcze wolne miejsca na pielgrzymk\u0119 samolotow\u0105 do Rzymu w dniach 1-8 maja i do Jordanii z Ziemi\u0105 \u015awi\u0119t\u0105 w drugiej po\u0142owie pa\u017adziernika. Bli\u017csze informacje w zakrystii.<\/li>\n<\/ol>\n","protected":false},"excerpt":{"rendered":"<p>W dniu dzisiejszym z racji I-szej Niedzieli miesi\u0105ca po Mszy \u015awi\u0119tej o godzinie 12.30 wystawienie Naj\u015bwi\u0119tszego Sakramentu i mo\u017cliwo\u015b\u0107 adoracji w ciszy i skupieniu do godziny 17.45. Po Mszy \u015awi\u0119tej o godzinie 12.30 w salce pod zakrysti\u0105 zebranie dla K\u00f3\u0142 \u017bywego R\u00f3\u017ca\u0144ca. R\u00f3wnie\u017c dzisiaj po Mszy \u015awi\u0119tej o godzinie 18.00 w salce pod zakrysti\u0105 spotkanie [&hellip;]<\/p>\n","protected":false},"author":1,"featured_media":481,"comment_status":"closed","ping_status":"closed","sticky":false,"template":"","format":"standard","meta":{"footnotes":""},"categories":[2,14],"tags":[],"class_list":["post-3796","post","type-post","status-publish","format-standard","has-post-thumbnail","hentry","category-aktualnosci","category-ogloszenia-parafialne"],"_links":{"self":[{"href":"https:\/\/mbfatimska.ovh\/index.php\/wp-json\/wp\/v2\/posts\/3796","targetHints":{"allow":["GET"]}}],"collection":[{"href":"https:\/\/mbfatimska.ovh\/index.php\/wp-json\/wp\/v2\/posts"}],"about":[{"href":"https:\/\/mbfatimska.ovh\/index.php\/wp-json\/wp\/v2\/types\/post"}],"author":[{"embeddable":true,"href":"https:\/\/mbfatimska.ovh\/index.php\/wp-json\/wp\/v2\/users\/1"}],"replies":[{"embeddable":true,"href":"https:\/\/mbfatimska.ovh\/index.php\/wp-json\/wp\/v2\/comments?post=3796"}],"version-history":[{"count":0,"href":"https:\/\/mbfatimska.ovh\/index.php\/wp-json\/wp\/v2\/posts\/3796\/revisions"}],"wp:featuredmedia":[{"embeddable":true,"href":"https:\/\/mbfatimska.ovh\/index.php\/wp-json\/wp\/v2\/media\/481"}],"wp:attachment":[{"href":"https:\/\/mbfatimska.ovh\/index.php\/wp-json\/wp\/v2\/media?parent=3796"}],"wp:term":[{"taxonomy":"category","embeddable":true,"href":"https:\/\/mbfatimska.ovh\/index.php\/wp-json\/wp\/v2\/categories?post=3796"},{"taxonomy":"post_tag","embeddable":true,"href":"https:\/\/mbfatimska.ovh\/index.php\/wp-json\/wp\/v2\/tags?post=3796"}],"curies":[{"name":"wp","href":"https:\/\/api.w.org\/{rel}","templated":true}]}}