{"id":3851,"date":"2017-04-02T22:45:38","date_gmt":"2017-04-02T22:45:38","guid":{"rendered":"http:\/\/www.mbfatimska.pl\/?p=3317"},"modified":"2026-04-16T11:04:43","modified_gmt":"2026-04-16T11:04:43","slug":"ekstremalna-droga-krzyzowa-2","status":"publish","type":"post","link":"https:\/\/mbfatimska.ovh\/index.php\/2017\/04\/02\/ekstremalna-droga-krzyzowa-2\/","title":{"rendered":"Ekstremalna Droga Krzy\u017cowa w Legionowie"},"content":{"rendered":"\t\t<div data-elementor-type=\"wp-post\" data-elementor-id=\"3851\" class=\"elementor elementor-3851\" data-elementor-post-type=\"post\">\n\t\t\t\t<div class=\"elementor-element elementor-element-2d2705c e-flex e-con-boxed e-con e-parent\" data-id=\"2d2705c\" data-element_type=\"container\" data-e-type=\"container\">\n\t\t\t\t\t<div class=\"e-con-inner\">\n\t\t\t\t<div class=\"elementor-element elementor-element-1e4b394c elementor-widget elementor-widget-text-editor\" data-id=\"1e4b394c\" data-element_type=\"widget\" data-e-type=\"widget\" data-widget_type=\"text-editor.default\">\n\t\t\t\t<div class=\"elementor-widget-container\">\n\t\t\t\t\t\t\t\t\t&nbsp;\r\n<h2><\/h2>\t\t\t\t\t\t\t\t<\/div>\n\t\t\t\t<\/div>\n\t\t\t\t\t<\/div>\n\t\t\t\t<\/div>\n\t\t<div class=\"elementor-element elementor-element-c1a84b0 e-flex e-con-boxed e-con e-parent\" data-id=\"c1a84b0\" data-element_type=\"container\" data-e-type=\"container\">\n\t\t\t\t\t<div class=\"e-con-inner\">\n\t\t\t\t<div class=\"elementor-element elementor-element-a8cee70 elementor-widget elementor-widget-text-editor\" data-id=\"a8cee70\" data-element_type=\"widget\" data-e-type=\"widget\" data-widget_type=\"text-editor.default\">\n\t\t\t\t<div class=\"elementor-widget-container\">\n\t\t\t\t\t\t\t\t\t<p>W pi\u0105tek, 31 marca Msz\u0105 \u015awi\u0119t\u0105 o godz. 18.00 sprawowan\u0105 przez Ksi\u0119dza Proboszcza naszej Parafii, ks. pra\u0142ata Tomasza Chcia\u0142owskiego rozpocz\u0119li\u015bmy rozwa\u017canie M\u0119ki naszego Pana, Jezusa Chrystusa. Eucharystia by\u0142a sprawowana za naszych bliskich zmar\u0142ych, bowiem nabo\u017ce\u0144stwa pasyjne maj\u0105 nam ukaza\u0107, \u017ce my r\u00f3wnie\u017c do\u0142\u0105czymy do tych, kt\u00f3rzy poprzedzili nas w ziemskiej pielgrzymce.<\/p><p>Po uroczystej Mszy \u015awi\u0119tej zgromadzili\u015bmy si\u0119 pod krzy\u017cem misyjnym, gdzie mia\u0142o miejsce przygotowanie do wyruszenia w Drog\u0119 Krzy\u017cow\u0105. Pomimo i\u017c nasza, Bo\u017ca w\u0119dr\u00f3wka w wi\u0119kszo\u015bci odbywa\u0142a si\u0119 po zmroku nie bali\u015bmy si\u0119, bowiem przed wyj\u015bciem otrzymali\u015bmy specjalne b\u0142ogos\u0142awie\u0144stwo Ksi\u0119dza Proboszcza.<\/p><p>Trasa naszej Ekstremalnej Drogi Krzy\u017cowej wyznaczona by\u0142a le\u015bnymi, cz\u0119sto piaszczystymi drogami. Kolejne stacje kontemplowali\u015bmy w szczeg\u00f3lnych miejscach wyciszenia, jak lasy pod J\u00f3zefowem k\/Niepor\u0119tu czy Choszcz\u00f3wki, gdzie wakacje ch\u0119tnie sp\u0119dza\u0142 kard. Stefan Wyszy\u0144ski. B\u0119d\u0105c w wyciszonym lesie o godzinie 21.00 po\u0142\u0105czyli\u015bmy si\u0119 z Matk\u0105 Bo\u017c\u0105, kt\u00f3ra towarzyszy\u0142a Jezusowi do ostatnich chwil i wsp\u00f3lnie od\u015bpiewali\u015bmy Apel Jasnog\u00f3rski.<\/p><p>Ca\u0142a nasza Bo\u017ca w\u0119dr\u00f3wka odbywa\u0142a si\u0119 w ciszy. W czasie przej\u015b\u0107 z jednej do drugiej stacji nie \u015bpiewali\u015bmy, pragn\u0119li\u015bmy w skupieniu prze\u017cywa\u0107 kolejne tajemnice cierpienia Jezusa. Msza \u015awi\u0119ta wraz z Ekstremaln\u0105 Drog\u0105 Krzy\u017cow\u0105 trwa\u0142a pi\u0119\u0107 godzin, ale jak wszyscy zauwa\u017cyli by\u0142o warto, a razem modli\u0142o si\u0119 ponad 150 os\u00f3b.<\/p><p>Dzi\u0119kujemy Ksi\u0119dzu Proboszczowi za wyra\u017cenie aprobaty i wszelk\u0105 okazan\u0105 pomoc w organizacji tego nabo\u017ce\u0144stwa. Serdeczne B\u00f3g zap\u0142a\u0107 sk\u0142adamy tak\u017ce wszystkim wiernym, kt\u00f3rzy odwa\u017cyli si\u0119 wyruszy\u0107 z Jezusem w \u015awi\u0119t\u0105 Drog\u0119, panom ze Stra\u017cy Miejskiej za pomoc w bezpiecznym przechodzeniu po ulicach Legionowa, a tak\u017ce panom ze s\u0142u\u017cb porz\u0105dkowych za pomoc w koordynacji ca\u0142ego przedsi\u0119wzi\u0119cia.<\/p>\t\t\t\t\t\t\t\t<\/div>\n\t\t\t\t<\/div>\n\t\t\t\t\t<\/div>\n\t\t\t\t<\/div>\n\t\t\t\t<\/div>\n\t\t","protected":false},"excerpt":{"rendered":"<p>&nbsp; W pi\u0105tek, 31 marca Msz\u0105 \u015awi\u0119t\u0105 o godz. 18.00 sprawowan\u0105 przez Ksi\u0119dza Proboszcza naszej Parafii, ks. pra\u0142ata Tomasza Chcia\u0142owskiego rozpocz\u0119li\u015bmy rozwa\u017canie M\u0119ki naszego Pana, Jezusa Chrystusa. Eucharystia by\u0142a sprawowana za naszych bliskich zmar\u0142ych, bowiem nabo\u017ce\u0144stwa pasyjne maj\u0105 nam ukaza\u0107, \u017ce my r\u00f3wnie\u017c do\u0142\u0105czymy do tych, kt\u00f3rzy poprzedzili nas w ziemskiej pielgrzymce. Po uroczystej Mszy [&hellip;]<\/p>\n","protected":false},"author":1,"featured_media":3606,"comment_status":"closed","ping_status":"closed","sticky":false,"template":"","format":"standard","meta":{"footnotes":""},"categories":[2,6],"tags":[],"class_list":["post-3851","post","type-post","status-publish","format-standard","has-post-thumbnail","hentry","category-aktualnosci","category-galerie"],"_links":{"self":[{"href":"https:\/\/mbfatimska.ovh\/index.php\/wp-json\/wp\/v2\/posts\/3851","targetHints":{"allow":["GET"]}}],"collection":[{"href":"https:\/\/mbfatimska.ovh\/index.php\/wp-json\/wp\/v2\/posts"}],"about":[{"href":"https:\/\/mbfatimska.ovh\/index.php\/wp-json\/wp\/v2\/types\/post"}],"author":[{"embeddable":true,"href":"https:\/\/mbfatimska.ovh\/index.php\/wp-json\/wp\/v2\/users\/1"}],"replies":[{"embeddable":true,"href":"https:\/\/mbfatimska.ovh\/index.php\/wp-json\/wp\/v2\/comments?post=3851"}],"version-history":[{"count":4,"href":"https:\/\/mbfatimska.ovh\/index.php\/wp-json\/wp\/v2\/posts\/3851\/revisions"}],"predecessor-version":[{"id":42778,"href":"https:\/\/mbfatimska.ovh\/index.php\/wp-json\/wp\/v2\/posts\/3851\/revisions\/42778"}],"wp:featuredmedia":[{"embeddable":true,"href":"https:\/\/mbfatimska.ovh\/index.php\/wp-json\/wp\/v2\/media\/3606"}],"wp:attachment":[{"href":"https:\/\/mbfatimska.ovh\/index.php\/wp-json\/wp\/v2\/media?parent=3851"}],"wp:term":[{"taxonomy":"category","embeddable":true,"href":"https:\/\/mbfatimska.ovh\/index.php\/wp-json\/wp\/v2\/categories?post=3851"},{"taxonomy":"post_tag","embeddable":true,"href":"https:\/\/mbfatimska.ovh\/index.php\/wp-json\/wp\/v2\/tags?post=3851"}],"curies":[{"name":"wp","href":"https:\/\/api.w.org\/{rel}","templated":true}]}}