{"id":40264,"date":"2026-02-28T09:52:14","date_gmt":"2026-02-28T09:52:14","guid":{"rendered":"https:\/\/mbfatimska.ovh\/?p=40264"},"modified":"2026-03-01T09:13:41","modified_gmt":"2026-03-01T09:13:41","slug":"ii-niedziela-wielkiego-postu-6","status":"publish","type":"post","link":"https:\/\/mbfatimska.ovh\/index.php\/2026\/02\/28\/ii-niedziela-wielkiego-postu-6\/","title":{"rendered":"II Niedziela Wielkiego Postu"},"content":{"rendered":"<p>1.Dzisiaj, z racji I Niedzieli miesi\u0105ca, po Mszy \u015bwi\u0119tej o godzinie 12.30, wystawienie Naj\u015bwi\u0119tszego Sakramentu i mo\u017cliwo\u015b\u0107 adoracji do godziny 17.15.<\/p>\n<p>2.R\u00f3wnie\u017c dzisiaj, o godzinie 16.15, spotkanie dla m\u0142odzie\u017cy przed sakramentem bierzmowania.<\/p>\n<p>3.W poniedzia\u0142ek, o godzinie 19.00, spotkanie formacyjno-informacyjne dla rodzic\u00f3w dzieci komunijnych.<\/p>\n<p>4.R\u00f3wnie\u017c jutro, w godzinach 18-20, mo\u017cemy skorzysta\u0107 z darmowych porad i konsultacji psychologa. Porady odbywaj\u0105 si\u0119 w budynku Centrum Wsparcia Fizycznego.<\/p>\n<p>5.W tym tygodniu przypada:<\/p>\n<p>+ I czwartek miesi\u0105ca \u2013 po Mszy \u015bwi\u0119tej o godzinie 18.00, wystawienie Naj\u015bwi\u0119tszego Sakramentu, modlitwa Koronk\u0105 do Bo\u017cego Mi\u0142osierdzia i mo\u017cliwo\u015b\u0107 adoracji do godziny 21.00;<\/p>\n<p>+ I pi\u0105tek miesi\u0105ca \u2013 mo\u017cliwo\u015b\u0107 skorzystania z sakramentu pokuty w godzinach 16.30 \u2013 18.30;<\/p>\n<p>+ I sobota miesi\u0105ca \u2013 po Mszy \u015bwi\u0119tej o godzinie 18.00 nabo\u017ce\u0144stwo wynagradzaj\u0105ce Niepokalanemu Sercu Naj\u015bwi\u0119tszej Maryi Panny z mo\u017cliwo\u015bci\u0105 adoracji Naj\u015bwi\u0119tszego Sakramentu do godziny 20.15.<\/p>\n<p>6.W pi\u0105tek, o godzinie 19.00, w kawiarence, konferencja przedchrzcielna. Bior\u0105 w niej udzia\u0142 rodzice dziecka, kt\u00f3re b\u0119dzie chrzczone w naszej parafii, b\u0105d\u017a b\u0119dzie brana zgoda na chrzest do innej parafii, oraz kandydaci na rodzic\u00f3w chrzestnych mieszkaj\u0105cy na terenie naszej parafii.<\/p>\n<p>7.W najbli\u017csz\u0105 sobot\u0119, na Mszy \u015bwi\u0119tej o godzinie 18.00, b\u0119dziemy modlili si\u0119 za Ksi\u0119dza Proboszcza z racji urodzin i imienin, a okazja do z\u0142o\u017cenia \u017cycze\u0144 b\u0119dzie w niedziel\u0119, gdzie b\u0119dziemy chcieli podzi\u0119kowa\u0107 Panu Bogu za pos\u0142ug\u0119 Jubilata i Solenizanta.<\/p>\n<p>8.R\u00f3wnie\u017c za tydzie\u0144, o godzinie 10.25, katecheza dla dzieci klas III SP przed uroczysto\u015bci\u0105 I Komunii \u015bwi\u0119tej.<\/p>\n<p>9.W przysz\u0142y poniedzia\u0142ek, 09 marca, zapraszamy na spotkanie formacyjno-informacyjne dla rodzic\u00f3w dzieci rocznicowych. Spotkanie odb\u0119dzie si\u0119 w salce pod zakrysti\u0105.<\/p>\n<p>10.Salezja\u0144ska Szko\u0142a Podstawowa w Legionowie rozpocz\u0119\u0142a rekrutacj\u0119 do klasy I i klas starszych na kolejny rok szkolny. W najbli\u017csz\u0105 sobot\u0119, 7 marca, szko\u0142a zaprasza na drzwi otwarte szko\u0142y w godzinach 9-14. Wi\u0119cej informacji znajduje si\u0119 na plakacie w gablocie.<\/p>\n<p>11.Jeszcze dzisiaj, w Muzeum Historycznym na Piaskach, o godzinie 15.00, odb\u0119dzie si\u0119 prelekcja Pana Roberta Nowi\u0144skiego pod tytu\u0142em: <em>Marian Krawieczy\u0144ski i Legionowskie Organizacje Antykomunistyczne &#8222;Przysz\u0142o\u015b\u0107 Polski&#8221;<\/em>.<\/p>\n<p>12.Wsp\u00f3lnota Odnowy w Duchu \u015awi\u0119tym \u201eDzieci Maryi\u201d zaprasza do podj\u0119cia modlitwy za kap\u0142an\u00f3w pos\u0142uguj\u0105cych w naszej parafii w ramach Apostolatu \u201eMARGARETKA\u201d, tym razem na okres dw\u00f3ch lat. Karty zg\u0142oszeniowe wraz z informacj\u0105 czym jest i jak funkcjonuje \u201eMARGARETKA\u201d znajduj\u0105 si\u0119 na stoliku za \u0142awkami. Wype\u0142nion\u0105 kart\u0119 mo\u017cna przekaza\u0107 osobi\u015bcie cz\u0142onkowi wsp\u00f3lnoty lub przes\u0142a\u0107 jej zdj\u0119cie na wskazany numer kontaktowy. MARGARETKI dzia\u0142aj\u0105 w naszej parafii ju\u017c sz\u00f3sty rok i gromadz\u0105 coraz wi\u0119cej wiernych. Dzi\u0119kujemy za dotychczasow\u0105 modlitw\u0119 i zapraszamy do w\u0142\u0105czenia si\u0119 nowe osoby.<\/p>\n<p>13.Od 20 lutego, w polskich kinach, r\u00f3wnie\u017c w Legionowie, wy\u015bwietlany jest film pod tytu\u0142em <em>Naj\u015bwi\u0119tsze Serce<\/em>. Jest to najlepszy film na Wielki Post. Zach\u0119camy do obejrzenia tej wyj\u0105tkowej produkcji. Wi\u0119cej informacji na tablicy og\u0142osze\u0144.<\/p>\n<p>14.Og\u0142aszamy konkurs skierowany do dzieci8 o tematyce wielkopostnej i wielkanocnej: I. Na najwi\u0119ksz\u0105 i naj\u0142adniejsz\u0105 palm\u0119 na Niedziel\u0119 Palmow\u0105; II. Na pisank\u0119 wielkanocn\u0105. Prace przynosimy do Niedzieli Palmowej.<\/p>\n<p>15.Zbli\u017ca si\u0119 czas naszych rozlicze\u0144 podatkowych. Mo\u017cemy przekaza\u0107 1,5% z naszych podatk\u00f3w na rzecz Organizacje Po\u017cytku Publicznego. Tak\u0105 organizacj\u0105 jest nasze Legionowskie Stowarzyszenie AMICUS, kt\u00f3re na co dzie\u0144 zajmuje si\u0119 osobami niepe\u0142nosprawnymi prowadz\u0105c dla 50 os\u00f3b Warsztaty Terapii Zaj\u0119ciowej, osobami starszymi prowadz\u0105c Klub Seniora, dzie\u0107mi poprzez organizowanie im czasu wolnego w wakacje poprzez prowadzenie \u015bwietlic, a tak\u017ce poprzez organizowanie wyjazd\u00f3w. Stowarzyszenie pomaga chorym i cierpi\u0105cym prowadz\u0105c wypo\u017cyczalni\u0119 sprz\u0119tu rehabilitacyjnego, czy gabinety fizykoterapii, porad prawnych, psychologicznych, czy logopedycznych. Stosowny numer KRS podany jest w biuletynie parafialnym, na stronie parafii czy ulotkach na stolikach za \u0142awkami.<\/p>\n<p>16.Kalendarz liturgiczny na ten tydzie\u0144: w \u015brod\u0119 &#8211; \u015bwi\u0119to \u015bwi\u0119tego Kazimierza, Kr\u00f3lewicza.<\/p>\n","protected":false},"excerpt":{"rendered":"<p>1.Dzisiaj, z racji I Niedzieli miesi\u0105ca, po Mszy \u015bwi\u0119tej o godzinie 12.30, wystawienie Naj\u015bwi\u0119tszego Sakramentu i mo\u017cliwo\u015b\u0107 adoracji do godziny 17.15. 2.R\u00f3wnie\u017c dzisiaj, o godzinie 16.15, spotkanie dla m\u0142odzie\u017cy przed sakramentem bierzmowania. 3.W poniedzia\u0142ek, o godzinie 19.00, spotkanie formacyjno-informacyjne dla rodzic\u00f3w dzieci komunijnych. 4.R\u00f3wnie\u017c jutro, w godzinach 18-20, mo\u017cemy skorzysta\u0107 z darmowych porad i konsultacji [&hellip;]<\/p>\n","protected":false},"author":10,"featured_media":30657,"comment_status":"open","ping_status":"open","sticky":false,"template":"","format":"standard","meta":{"footnotes":""},"categories":[2,14],"tags":[],"class_list":["post-40264","post","type-post","status-publish","format-standard","has-post-thumbnail","hentry","category-aktualnosci","category-ogloszenia-parafialne"],"_links":{"self":[{"href":"https:\/\/mbfatimska.ovh\/index.php\/wp-json\/wp\/v2\/posts\/40264","targetHints":{"allow":["GET"]}}],"collection":[{"href":"https:\/\/mbfatimska.ovh\/index.php\/wp-json\/wp\/v2\/posts"}],"about":[{"href":"https:\/\/mbfatimska.ovh\/index.php\/wp-json\/wp\/v2\/types\/post"}],"author":[{"embeddable":true,"href":"https:\/\/mbfatimska.ovh\/index.php\/wp-json\/wp\/v2\/users\/10"}],"replies":[{"embeddable":true,"href":"https:\/\/mbfatimska.ovh\/index.php\/wp-json\/wp\/v2\/comments?post=40264"}],"version-history":[{"count":9,"href":"https:\/\/mbfatimska.ovh\/index.php\/wp-json\/wp\/v2\/posts\/40264\/revisions"}],"predecessor-version":[{"id":40274,"href":"https:\/\/mbfatimska.ovh\/index.php\/wp-json\/wp\/v2\/posts\/40264\/revisions\/40274"}],"wp:featuredmedia":[{"embeddable":true,"href":"https:\/\/mbfatimska.ovh\/index.php\/wp-json\/wp\/v2\/media\/30657"}],"wp:attachment":[{"href":"https:\/\/mbfatimska.ovh\/index.php\/wp-json\/wp\/v2\/media?parent=40264"}],"wp:term":[{"taxonomy":"category","embeddable":true,"href":"https:\/\/mbfatimska.ovh\/index.php\/wp-json\/wp\/v2\/categories?post=40264"},{"taxonomy":"post_tag","embeddable":true,"href":"https:\/\/mbfatimska.ovh\/index.php\/wp-json\/wp\/v2\/tags?post=40264"}],"curies":[{"name":"wp","href":"https:\/\/api.w.org\/{rel}","templated":true}]}}