{"id":40359,"date":"2026-03-14T12:17:35","date_gmt":"2026-03-14T12:17:35","guid":{"rendered":"https:\/\/mbfatimska.ovh\/?p=40359"},"modified":"2026-03-15T06:14:33","modified_gmt":"2026-03-15T06:14:33","slug":"iv-niedziela-wielkiego-postu-7","status":"publish","type":"post","link":"https:\/\/mbfatimska.ovh\/index.php\/2026\/03\/14\/iv-niedziela-wielkiego-postu-7\/","title":{"rendered":"IV Niedziela Wielkiego Postu"},"content":{"rendered":"<p>1.W dniu dzisiejszym, o godzinie 10.25, odb\u0119dzie si\u0119 katecheza dla dzieci z klas IV SP przed rocznic\u0105 Komunii \u015bwi\u0119tej.<\/p>\n<p>2.R\u00f3wnie\u017c dzisiaj, o godzinie 15.00, w Muzeum Historycznym na Piaskach, odb\u0119dzie si\u0119 prelekcja dr. Artura Bojarskiego pod tytu\u0142em:\u00a0<em>Budapeszt. Powr\u00f3t do C.K. Monarchii<\/em>. Wst\u0119p wolny.<\/p>\n<p>3.W ubieg\u0142ym, tygodniu Seniorzy, osoby z niepe\u0142nosprawno\u015bciami i m\u0142odzie\u017c, uczestniczy\u0142a w projekcji filmu <em>Naj\u015bwi\u0119tsze Serce<\/em> w legionowskim kinie Helios. W tym wydarzeniu wzi\u0119\u0142o udzia\u0142 140 os\u00f3b.<\/p>\n<p>4.W czwartek, 19 marca, obchodzi\u0107 b\u0119dziemy uroczysto\u015b\u0107 \u015bwi\u0119tego J\u00f3zefa, Oblubie\u0144ca Naj\u015bwi\u0119tszej Maryi Panny. Zapraszamy na Msze \u015bwi\u0119te o godzinie 17.00 i 18.00. Po Mszy \u015bwi\u0119tej o godzinie 18.00, odb\u0119dzie si\u0119 nabo\u017ce\u0144stwo do patrona ma\u0142\u017ce\u0144stw i rodzin, a na godzin\u0119 18.45, Rycerze \u015bwi\u0119tego Jana Paw\u0142a II, pragn\u0105 zaprosi\u0107 pan\u00f3w do ko\u015bcio\u0142a na wsp\u00f3lny, m\u0119ski r\u00f3\u017caniec .<\/p>\n<p>5.W pi\u0105tek, o godzinie 20.00, odb\u0119dzie si\u0119 kolejna Ekstremalna Droga Krzy\u017cowa. Trasa b\u0119dzie liczy\u0142a oko\u0142o 20 kilometr\u00f3w. Wyruszymy spod krzy\u017ca misyjnego w kierunku P\u0142ud. Zach\u0119camy wszystkich, kt\u00f3rzy czuj\u0105 si\u0119 na si\u0142ach, do udzia\u0142u w tym wyj\u0105tkowym wydarzeniu. Osoby poni\u017cej 18 roku \u017cycia musz\u0105 by\u0107 pod opiek\u0105 rodzica, b\u0105d\u017a innego opiekuna wskazanego przed rodzic\u00f3w, kt\u00f3rzy wcze\u015bniej wype\u0142ni\u0105 stosown\u0105 zgod\u0119.<\/p>\n<p>6.W przysz\u0142\u0105 niedziel\u0119, osoby z niepe\u0142nosprawno\u015bciami z Warsztatu Terapii Zaj\u0119ciowej \u015bwi\u0119tej Rity, pod ko\u015bcio\u0142em, po Mszach \u015bwi\u0119tych do po\u0142udnia, zapraszaj\u0105 nas na kiermasz w\u0142asnor\u0119cznie wykonanych ozd\u00f3b \u015bwi\u0105tecznych, stroik\u00f3w i innych przedmiot\u00f3w \u015bwiadcz\u0105cych o zdolno\u015bciach i pracowito\u015bci podopiecznych.<\/p>\n<p>7.R\u00f3wnie\u017c w przysz\u0142\u0105 niedziel\u0119, taca przeznaczona b\u0119dzie na zakup artyku\u0142\u00f3w spo\u017cywczych na paczki \u017cywno\u015bciowe dla biedniejszej cz\u0119\u015bci naszych parafian i mieszka\u0144c\u00f3w Legionowa. Przed Bo\u017cym Narodzeniem \u017cywno\u015b\u0107 zbierali\u015bmy w marketach, a na Wielkanoc zostanie ona zakupiona z ofiar. Ju\u017c dzisiaj dzi\u0119kujemy za wsparcie. Paczki \u017cywno\u015bciowe b\u0119d\u0105 wydawane po Niedzieli Palmowej.<\/p>\n<p>8.Tak\u017ce w nast\u0119pn\u0105 niedziel\u0119, o godzinie 10.25 odb\u0119dzie si\u0119 kolejna katecheza dla dzieci klas III SP przed uroczysto\u015bci\u0105 I Komunii \u015bwi\u0119tej.<\/p>\n<p>9.Za tydzie\u0144, z racji 22 dnia miesi\u0105ca, zapraszamy na kolejne nabo\u017ce\u0144stwo do \u015bwi\u0119tej Rity, kt\u00f3re b\u0119dzie po\u0142\u0105czone z nabo\u017ce\u0144stwem Gorzkich \u017bali. Zapraszamy na godzin\u0119 17.15, a o godzinie 18.00, podczas Mszy \u015bwi\u0119tej, zostan\u0105 po\u015bwi\u0119cone r\u00f3\u017ce, kt\u00f3re b\u0119dzie mo\u017cna zakupi\u0107 przed nabo\u017ce\u0144stwem.<\/p>\n<p>10.W niedziel\u0119, 22 marca, o godzinie 16.15, w kawiarence, odb\u0119dzie si\u0119 spotkanie Rady Parafialnej, zar\u00f3wno duszpasterskiej jak i ekonomicznej.<\/p>\n<p>11.W przysz\u0142\u0105 niedziel\u0119, w Radiu Warszawa 106,2 FM, o godzinie 20.00, zostanie wyemitowana audycja o naszej parafii. Wcze\u015bniej, przez ca\u0142y tydzie\u0144, od 16 do 22 marca, o godzinie 14.20 i 20.45, b\u0119d\u0105 zwiastuny audycji. R\u00f3wnie\u017c, ju\u017c od jutra do soboty, o godzinie 21.30, przedstawiciele grup parafialnych b\u0119d\u0105 prowadzili w radiu modlitw\u0119 r\u00f3\u017ca\u0144cow\u0105. Serdecznie zapraszamy do s\u0142uchania.<\/p>\n<p>12.Jutro, na Mszy \u015bwi\u0119tej o godzinie 18.00, osoby kt\u00f3re zg\u0142osi\u0142y si\u0119 do dzie\u0142a Margaretka &#8211; modlitwy za kap\u0142an\u00f3w, z\u0142o\u017c\u0105 swoje \u015blubowanie. Kto chcia\u0142by do\u0142\u0105czy\u0107 do tego dzie\u0142a, mo\u017ce to uczyni\u0107 jeszcze dzisiaj pobieraj\u0105c i wype\u0142niaj\u0105c kart\u0119 zg\u0142oszeniow\u0105, kt\u00f3ra jest wy\u0142o\u017cona na stolikach za \u0142awkami.<\/p>\n<p>13.Przypominamy o konkursie skierowany do dzieci o tematyce wielkopostnej i wielkanocnej: I. Na najwi\u0119ksz\u0105 i naj\u0142adniejsz\u0105 palm\u0119 na Niedziel\u0119 Palmow\u0105; II. Na pisank\u0119 wielkanocn\u0105. Prace przynosimy do Niedzieli Palmowej.<\/p>\n<p>14.Zbli\u017ca si\u0119 czas naszych rozlicze\u0144 podatkowych. Mo\u017cemy przekaza\u0107 1,5% z naszych podatk\u00f3w na rzecz Organizacje Po\u017cytku Publicznego. Tak\u0105 organizacj\u0105 jest nasze Legionowskie Stowarzyszenie AMICUS, kt\u00f3re na co dzie\u0144 zajmuje si\u0119 osobami niepe\u0142nosprawnymi prowadz\u0105c dla 50 os\u00f3b Warsztaty Terapii Zaj\u0119ciowej, osobami starszymi prowadz\u0105c Klub Seniora, dzie\u0107mi poprzez organizowanie im czasu wolnego w wakacje poprzez prowadzenie \u015bwietlic, a tak\u017ce poprzez organizowanie wyjazd\u00f3w. Stowarzyszenie pomaga chorym i cierpi\u0105cym prowadz\u0105c wypo\u017cyczalni\u0119 sprz\u0119tu rehabilitacyjnego, czy gabinety fizykoterapii, porad prawnych, psychologicznych, czy logopedycznych. Stosowny numer KRS podany jest w biuletynie parafialnym, na stronie parafii czy ulotkach na stolikach za \u0142awkami.<\/p>\n<p>&nbsp;<\/p>\n","protected":false},"excerpt":{"rendered":"<p>1.W dniu dzisiejszym, o godzinie 10.25, odb\u0119dzie si\u0119 katecheza dla dzieci z klas IV SP przed rocznic\u0105 Komunii \u015bwi\u0119tej. 2.R\u00f3wnie\u017c dzisiaj, o godzinie 15.00, w Muzeum Historycznym na Piaskach, odb\u0119dzie si\u0119 prelekcja dr. Artura Bojarskiego pod tytu\u0142em:\u00a0Budapeszt. Powr\u00f3t do C.K. Monarchii. Wst\u0119p wolny. 3.W ubieg\u0142ym, tygodniu Seniorzy, osoby z niepe\u0142nosprawno\u015bciami i m\u0142odzie\u017c, uczestniczy\u0142a w projekcji [&hellip;]<\/p>\n","protected":false},"author":10,"featured_media":30657,"comment_status":"open","ping_status":"open","sticky":false,"template":"","format":"standard","meta":{"footnotes":""},"categories":[2,14],"tags":[],"class_list":["post-40359","post","type-post","status-publish","format-standard","has-post-thumbnail","hentry","category-aktualnosci","category-ogloszenia-parafialne"],"_links":{"self":[{"href":"https:\/\/mbfatimska.ovh\/index.php\/wp-json\/wp\/v2\/posts\/40359","targetHints":{"allow":["GET"]}}],"collection":[{"href":"https:\/\/mbfatimska.ovh\/index.php\/wp-json\/wp\/v2\/posts"}],"about":[{"href":"https:\/\/mbfatimska.ovh\/index.php\/wp-json\/wp\/v2\/types\/post"}],"author":[{"embeddable":true,"href":"https:\/\/mbfatimska.ovh\/index.php\/wp-json\/wp\/v2\/users\/10"}],"replies":[{"embeddable":true,"href":"https:\/\/mbfatimska.ovh\/index.php\/wp-json\/wp\/v2\/comments?post=40359"}],"version-history":[{"count":8,"href":"https:\/\/mbfatimska.ovh\/index.php\/wp-json\/wp\/v2\/posts\/40359\/revisions"}],"predecessor-version":[{"id":40381,"href":"https:\/\/mbfatimska.ovh\/index.php\/wp-json\/wp\/v2\/posts\/40359\/revisions\/40381"}],"wp:featuredmedia":[{"embeddable":true,"href":"https:\/\/mbfatimska.ovh\/index.php\/wp-json\/wp\/v2\/media\/30657"}],"wp:attachment":[{"href":"https:\/\/mbfatimska.ovh\/index.php\/wp-json\/wp\/v2\/media?parent=40359"}],"wp:term":[{"taxonomy":"category","embeddable":true,"href":"https:\/\/mbfatimska.ovh\/index.php\/wp-json\/wp\/v2\/categories?post=40359"},{"taxonomy":"post_tag","embeddable":true,"href":"https:\/\/mbfatimska.ovh\/index.php\/wp-json\/wp\/v2\/tags?post=40359"}],"curies":[{"name":"wp","href":"https:\/\/api.w.org\/{rel}","templated":true}]}}