{"id":40965,"date":"2026-04-04T12:44:08","date_gmt":"2026-04-04T12:44:08","guid":{"rendered":"https:\/\/mbfatimska.ovh\/?p=40965"},"modified":"2026-04-04T19:13:44","modified_gmt":"2026-04-04T19:13:44","slug":"zyczenia-wielkanocne-2","status":"publish","type":"post","link":"https:\/\/mbfatimska.ovh\/index.php\/2026\/04\/04\/zyczenia-wielkanocne-2\/","title":{"rendered":"\u017byczenia Wielkanocne"},"content":{"rendered":"<blockquote><p><em>O, zaiste b\u0142ogos\u0142awiona noc, w kt\u00f3rej si\u0119 \u0142\u0105czy niebo z ziemi\u0105, sprawy boskie ze sprawami ludzkimi. Prosimy Ci\u0119, przeto, Panie, niech ta \u015bwieca po\u015bwi\u0119cona na chwa\u0142\u0119 Twojego imienia nieustannie p\u0142onie, aby rozproszy\u0107 mrok tej nocy. Przyj\u0119ta przez Ciebie, jako wo\u0144 przyjemna, niechaj si\u0119 z\u0142\u0105czy ze \u015bwiat\u0142ami nieba. Niech ta \u015bwieca p\u0142onie, gdy wzejdzie s\u0142o\u0144ce nie znaj\u0105ce zachodu: Jezus Chrystus, Tw\u00f3j Syn Zmartwychwsta\u0142y, kt\u00f3ry o\u015bwieca ludzko\u015b\u0107 swoim \u015bwiat\u0142em i z Tob\u0105 \u017cyje i kr\u00f3luje na wieki wiek\u00f3w.<\/em><\/p><\/blockquote>\n<p style=\"text-align: right;\"><em>Or\u0119dzie Wielkanocne &#8211; Exultet &#8211; \u015bpiewany podczas Wigilii Paschalnej<\/em><\/p>\n<p style=\"text-align: center;\">Niech Chrystus Zmartwychwsta\u0142y opromienia swoim blaskiem, dodaje si\u0142 na ka\u017cdy dzie\u0144 \u017cycia. Niech Jego \u015bwiat\u0142o b\u0119dzie umocnieniem i nadziej\u0105, kiedy przyjd\u0105 chwile zw\u0105tpienia in s\u0142abo\u015bci. Niech te \u015awi\u0119ta b\u0119d\u0105 pe\u0142ne rado\u015bci z tego, \u017ce Chrystus prawdziwie zmartwychwsta\u0142.<\/p>\n<p style=\"text-align: center;\">\u017cycz\u0105 kap\u0142ani pos\u0142uguj\u0105cy w parafii Matki Bo\u017cej Fatimskiej,<\/p>\n<p style=\"text-align: center;\">ks. pra\u0142. Tomasz Chcia\u0142owski, ks. Miko\u0142aj Lipski, ks. Arkadiusz Grzeszczyk SAC<\/p>\n","protected":false},"excerpt":{"rendered":"<p>O, zaiste b\u0142ogos\u0142awiona noc, w kt\u00f3rej si\u0119 \u0142\u0105czy niebo z ziemi\u0105, sprawy boskie ze sprawami ludzkimi. Prosimy Ci\u0119, przeto, Panie, niech ta \u015bwieca po\u015bwi\u0119cona na chwa\u0142\u0119 Twojego imienia nieustannie p\u0142onie, aby rozproszy\u0107 mrok tej nocy. Przyj\u0119ta przez Ciebie, jako wo\u0144 przyjemna, niechaj si\u0119 z\u0142\u0105czy ze \u015bwiat\u0142ami nieba. Niech ta \u015bwieca p\u0142onie, gdy wzejdzie s\u0142o\u0144ce nie [&hellip;]<\/p>\n","protected":false},"author":10,"featured_media":40966,"comment_status":"open","ping_status":"open","sticky":false,"template":"","format":"standard","meta":{"footnotes":""},"categories":[2],"tags":[],"class_list":["post-40965","post","type-post","status-publish","format-standard","has-post-thumbnail","hentry","category-aktualnosci"],"_links":{"self":[{"href":"https:\/\/mbfatimska.ovh\/index.php\/wp-json\/wp\/v2\/posts\/40965","targetHints":{"allow":["GET"]}}],"collection":[{"href":"https:\/\/mbfatimska.ovh\/index.php\/wp-json\/wp\/v2\/posts"}],"about":[{"href":"https:\/\/mbfatimska.ovh\/index.php\/wp-json\/wp\/v2\/types\/post"}],"author":[{"embeddable":true,"href":"https:\/\/mbfatimska.ovh\/index.php\/wp-json\/wp\/v2\/users\/10"}],"replies":[{"embeddable":true,"href":"https:\/\/mbfatimska.ovh\/index.php\/wp-json\/wp\/v2\/comments?post=40965"}],"version-history":[{"count":3,"href":"https:\/\/mbfatimska.ovh\/index.php\/wp-json\/wp\/v2\/posts\/40965\/revisions"}],"predecessor-version":[{"id":41001,"href":"https:\/\/mbfatimska.ovh\/index.php\/wp-json\/wp\/v2\/posts\/40965\/revisions\/41001"}],"wp:featuredmedia":[{"embeddable":true,"href":"https:\/\/mbfatimska.ovh\/index.php\/wp-json\/wp\/v2\/media\/40966"}],"wp:attachment":[{"href":"https:\/\/mbfatimska.ovh\/index.php\/wp-json\/wp\/v2\/media?parent=40965"}],"wp:term":[{"taxonomy":"category","embeddable":true,"href":"https:\/\/mbfatimska.ovh\/index.php\/wp-json\/wp\/v2\/categories?post=40965"},{"taxonomy":"post_tag","embeddable":true,"href":"https:\/\/mbfatimska.ovh\/index.php\/wp-json\/wp\/v2\/tags?post=40965"}],"curies":[{"name":"wp","href":"https:\/\/api.w.org\/{rel}","templated":true}]}}