{"id":40968,"date":"2026-04-04T12:49:21","date_gmt":"2026-04-04T12:49:21","guid":{"rendered":"https:\/\/mbfatimska.ovh\/?p=40968"},"modified":"2026-04-04T12:54:33","modified_gmt":"2026-04-04T12:54:33","slug":"niedziela-zmartwychwstania","status":"publish","type":"post","link":"https:\/\/mbfatimska.ovh\/index.php\/2026\/04\/04\/niedziela-zmartwychwstania\/","title":{"rendered":"Niedziela Zmartwychwstania"},"content":{"rendered":"<p>1.Dzisiaj Uroczysto\u015b\u0107 Zmartwychwstania Pa\u0144skiego. Zapraszamy na Msze \u015bwi\u0119te o godzinie 7.00, poprzedzon\u0105 procesj\u0105 rezurekcyjn\u0105, 11.00, 12.30 i 18.00. Nie b\u0119dzie Mszy \u015bwi\u0119tej o godzinie 9.00.<\/p>\n<p>2.W Poniedzia\u0142ek Wielkanocny zapraszamy na Msze \u015bwi\u0119te, kt\u00f3re b\u0119d\u0105 sprawowane wed\u0142ug porz\u0105dku niedzielnego.<\/p>\n<p>3.Dzi\u0119kujemy tym wszystkim, kt\u00f3rzy przyczynili si\u0119 do uroczystego i godnego prze\u017cycia Triduum Paschalnego, oraz procesji rezurekcyjnej. Dzi\u0119kujemy osobom z niepe\u0142nosprawno\u015bciami z Warsztatu Terapii Zaj\u0119ciowej \u015bw. Rity, wraz z instruktorami za przygotowanie Ciemnicy i Grobu Pa\u0144skiego, a kwiaciarni Rosa z Wieliszewa za dekoracje kwiatowe. Dzi\u0119kujemy niezawodnej Scholi Fatima Canta wraz z prowadz\u0105c\u0105, p. Anit\u0105 Rodak, za opraw\u0119 muzyczn\u0105, ministrantom, lektorom, bielankom za pe\u0142n\u0105 po\u015bwi\u0119cenia s\u0142u\u017cb\u0119 przy o\u0142tarzu. Dzi\u0119kujemy poszczeg\u00f3lnym grupom parafialnym za tw\u00f3rcze w\u0142\u0105czenie si\u0119 w trud przygotowa\u0144. Pragniemy podzi\u0119kowa\u0107 osobom nios\u0105cym chor\u0105gwie, figur\u0119, r\u00f3\u017caniec, poduszki w czasie procesji rezurekcyjnej. Dzi\u0119kujemy ty, kt\u00f3rzy w jakikolwiek spos\u00f3b przyczynili si\u0119 do godnego prze\u017cycia \u015bwi\u0119tych dni naszego zbawienia.<\/p>\n<p>4.Od pi\u0105tku uczestniczymy w nowennie przed Uroczysto\u015bci\u0105 Bo\u017cego Mi\u0142osierdzia, kt\u00f3ra w czasie \u015bwi\u0105t b\u0119dzie sprawowana o godzinie 17.40, a w dni powszednie po Mszy \u015bwi\u0119tej o godzinie 18.00.<\/p>\n<p>5.We wtorek, 7 kwietnia, o godzinie 19.00, w ko\u015bciele, odb\u0119dzie si\u0119 spotkanie formacyjno-informacyjne dla rodzic\u00f3w dzieci komunijnych.<\/p>\n<p>6.W czwartek, o godzinie 16.30, odb\u0119dzie si\u0119 podsumowanie uczestnictwa dzieci\u00a0 w nabo\u017ce\u0144stwach wielkopostnych. Dzieci otrzymaj\u0105 dyplomy i drobne upominki. Na spotkanie nale\u017cy przynie\u015b\u0107 wyklejanki z karteczkami z Drogi Krzy\u017cowej i Gorzkich \u017bali.<\/p>\n<p>7.W pi\u0105tek, z racji trwaj\u0105cej Oktawy Wielkiej Nocy, mo\u017cna spo\u017cywa\u0107 pokarmy mi\u0119sne.<\/p>\n<p>8.Za tydzie\u0144 prze\u017cywa\u0107 b\u0119dziemy Niedziel\u0119 Mi\u0142osierdzia Bo\u017cego. Na godzin\u0119 15.00, w Godzin\u0119 Szczeg\u00f3lnych \u0141ask, zapraszamy do ko\u015bcio\u0142a na specjalne nabo\u017ce\u0144stwo, kt\u00f3re b\u0119dzie po\u0142\u0105czone z aktem oddania si\u0119 Naj\u015bwi\u0119tszemu Sercu Pana Jezusa. Ka\u017cdy b\u0119dzie m\u00f3g\u0142 otrzyma\u0107 pami\u0105tkowy dyplom upami\u0119tniaj\u0105cy to wydarzenie. Serdecznie zapraszamy.<\/p>\n<p>9.R\u00f3wnie\u017c w przysz\u0142\u0105 niedziel\u0119, odb\u0119d\u0105 si\u0119 w naszej parafii, kolejne Uroczysto\u015bci Katy\u0144skie, upami\u0119tniaj\u0105ce 86. rocznic\u0119 Mordu Katy\u0144skiego. O godzinie 18.00, zostanie odprawiona uroczysta Msza \u015bwi\u0119ta, a po niej zostan\u0105 z\u0142o\u017cone wie\u0144ce pod pomnikiem katy\u0144skim znajduj\u0105cym si\u0119 na placu ko\u015bcielnym.<\/p>\n<p>10.W przysz\u0142\u0105 niedziel\u0119, po Mszy \u015bwi\u0119tej, o godzinie 11.00, zostan\u0105 rozstrzygni\u0119te konkursy na pisank\u0119 wielkanocn\u0105 i palm\u0119 na Niedziel\u0119 Palmow\u0105. Wszyscy uczestnicy otrzymaj\u0105 dyplomy, upominki a zwyci\u0119zcy cenne nagrody rzeczowe.<\/p>\n<p>11.R\u00f3wnie\u017c w niedziel\u0119, za tydzie\u0144, o godzinie 10.25, kolejna katecheza dla dzieci klas III SP przed I Komuni\u0105 \u015bwi\u0119t\u0105.<\/p>\n<p>12.W niedziel\u0119 Mi\u0142osierdzia Bo\u017cego rozpoczynamy now\u0105 edycj\u0119 kursu przedma\u0142\u017ce\u0144skiego. Zapraszamy osoby planuj\u0105ce sakrament ma\u0142\u017ce\u0144stwa na godzin\u0119 19.00 do kawiarenki.<\/p>\n<p>13.W dniu 22 kwietnia, w \u015brod\u0119, organizujemy pielgrzymk\u0119 do Drohiczyna i Jaruzala Mi\u0144skiego (serialowych Wilkowyj). Spotkanie organizacyjne w przysz\u0142\u0105 niedziel\u0119 o godzinie 16.15 w salce pod zakrysti\u0105.<\/p>\n<p>14.W Wielkim Tygodniu rozdali\u015bmy 150 paczek \u017cywno\u015bciowych, ka\u017cda o wadze blisko 10 kg, dla os\u00f3b biedniejszych z naszej parafii i z Legionowa.<\/p>\n","protected":false},"excerpt":{"rendered":"<p>1.Dzisiaj Uroczysto\u015b\u0107 Zmartwychwstania Pa\u0144skiego. Zapraszamy na Msze \u015bwi\u0119te o godzinie 7.00, poprzedzon\u0105 procesj\u0105 rezurekcyjn\u0105, 11.00, 12.30 i 18.00. Nie b\u0119dzie Mszy \u015bwi\u0119tej o godzinie 9.00. 2.W Poniedzia\u0142ek Wielkanocny zapraszamy na Msze \u015bwi\u0119te, kt\u00f3re b\u0119d\u0105 sprawowane wed\u0142ug porz\u0105dku niedzielnego. 3.Dzi\u0119kujemy tym wszystkim, kt\u00f3rzy przyczynili si\u0119 do uroczystego i godnego prze\u017cycia Triduum Paschalnego, oraz procesji rezurekcyjnej. Dzi\u0119kujemy [&hellip;]<\/p>\n","protected":false},"author":10,"featured_media":30657,"comment_status":"open","ping_status":"open","sticky":false,"template":"","format":"standard","meta":{"footnotes":""},"categories":[2,14],"tags":[],"class_list":["post-40968","post","type-post","status-publish","format-standard","has-post-thumbnail","hentry","category-aktualnosci","category-ogloszenia-parafialne"],"_links":{"self":[{"href":"https:\/\/mbfatimska.ovh\/index.php\/wp-json\/wp\/v2\/posts\/40968","targetHints":{"allow":["GET"]}}],"collection":[{"href":"https:\/\/mbfatimska.ovh\/index.php\/wp-json\/wp\/v2\/posts"}],"about":[{"href":"https:\/\/mbfatimska.ovh\/index.php\/wp-json\/wp\/v2\/types\/post"}],"author":[{"embeddable":true,"href":"https:\/\/mbfatimska.ovh\/index.php\/wp-json\/wp\/v2\/users\/10"}],"replies":[{"embeddable":true,"href":"https:\/\/mbfatimska.ovh\/index.php\/wp-json\/wp\/v2\/comments?post=40968"}],"version-history":[{"count":2,"href":"https:\/\/mbfatimska.ovh\/index.php\/wp-json\/wp\/v2\/posts\/40968\/revisions"}],"predecessor-version":[{"id":40970,"href":"https:\/\/mbfatimska.ovh\/index.php\/wp-json\/wp\/v2\/posts\/40968\/revisions\/40970"}],"wp:featuredmedia":[{"embeddable":true,"href":"https:\/\/mbfatimska.ovh\/index.php\/wp-json\/wp\/v2\/media\/30657"}],"wp:attachment":[{"href":"https:\/\/mbfatimska.ovh\/index.php\/wp-json\/wp\/v2\/media?parent=40968"}],"wp:term":[{"taxonomy":"category","embeddable":true,"href":"https:\/\/mbfatimska.ovh\/index.php\/wp-json\/wp\/v2\/categories?post=40968"},{"taxonomy":"post_tag","embeddable":true,"href":"https:\/\/mbfatimska.ovh\/index.php\/wp-json\/wp\/v2\/tags?post=40968"}],"curies":[{"name":"wp","href":"https:\/\/api.w.org\/{rel}","templated":true}]}}