{"id":4242,"date":"2017-05-06T08:11:45","date_gmt":"2017-05-06T08:11:45","guid":{"rendered":"http:\/\/www.mbfatimska.pl\/?p=4242"},"modified":"2017-05-06T08:11:45","modified_gmt":"2017-05-06T08:11:45","slug":"iv-niedziela-wielkanocna-07-05-2017r","status":"publish","type":"post","link":"https:\/\/mbfatimska.ovh\/index.php\/2017\/05\/06\/iv-niedziela-wielkanocna-07-05-2017r\/","title":{"rendered":"IV Niedziela Wielkanocna &#8211; 07.05.2017r."},"content":{"rendered":"<ol>\n<li>Dzisiaj o godzinie 20.00 kolejna konferencja Nauk Przedma\u0142\u017ce\u0144skich (w kawiarence) oraz spotkanie dla rodzic\u00f3w kandydat\u00f3w do bierzmowania (w ko\u015bciele).<\/li>\n<li>Trwamy w miesi\u0105cu maju. Zapraszamy na nabo\u017ce\u0144stwa majowe w dni powszednie o godz. 19.30, a w niedziel\u0119 i uroczysto\u015bci o godz. 18.30.<\/li>\n<li>Jutro, 8 maja obchodzimy \u015bwi\u0119to \u015bw. biskupa Stanis\u0142awa, m\u0119czennika &#8211; patrona Polski. Zapraszamy na Msze \u015awi\u0119te za wstawiennictwem tego \u015awi\u0119tego o godz. 18.00 i 19.00.<\/li>\n<li>R\u00f3wnie\u017c jutro o godz. 20.00 w ko\u015bciele zebranie dla rodzic\u00f3w dzieci przygotowuj\u0105cych si\u0119 do I-szej Komunii \u015awi\u0119tej.<\/li>\n<li>Od \u015brody rozpoczynamy Triduum (trzydniowe skupienie) przed uroczysto\u015bci\u0105 odpustow\u0105 13 maja. W tym roku tego dnia prze\u017cywa\u0107 b\u0119dziemy 100 rocznic\u0119 Objawie\u0144 Fatimskich.<br \/>\nW \u015brod\u0119, czwartek, pi\u0105tek uk\u0142ad nabo\u017ce\u0144stw ten sam: 9.00 (Msza \u015aw. z nauk\u0105 og\u00f3ln\u0105), 16.30 (koronka do Bo\u017cego Mi\u0142osierdzia) 17.00 (Msza \u015aw. dla dzieci &#8211; w \u015brod\u0119 dla kl. III, a w pi\u0105tek dla kl. IV, za\u015b w czwartek ta Msza \u015aw. skierowana b\u0119dzie do os\u00f3b starszych, chorych), 18.45 (r\u00f3\u017caniec i nabo\u017ce\u0144stwo majowe), 19.00 (Msza \u015awi\u0119ta z nauk\u0105 og\u00f3ln\u0105). Serdecznie zapraszamy do duchowego prze\u017cycia czasu przygotowania do uroczysto\u015bci odpustowych.<\/li>\n<li>W sobot\u0119, 13 maja uroczysto\u015bci odpustowe. Uroczysta Msza \u015awi\u0119ta odpustowa z procesj\u0105 fatimsk\u0105 b\u0119dzie sprawowana o godz. 12.00. Pozosta\u0142e Msze \u015awi\u0119te 9.00, 17.00, 19.00. O godzinie 18.30 nabo\u017ce\u0144stwo majowe, a o 20.00 koncert organowy.<\/li>\n<li>W przysz\u0142\u0105 niedziel\u0119 po Mszy \u015awi\u0119tej o godz. 11.00 wymiana Tajemnic R\u00f3\u017ca\u0144cowych dla dzieci i rodzic\u00f3w nale\u017c\u0105cych do K\u00f3\u0142 R\u00f3\u017ca\u0144cowych<\/li>\n<li>Dzi\u0119kujemy za pi\u0105tkowe i sobotnie prace porz\u0105dkowe. W tym tygodniu ze wzgl\u0119du na przygotowanie do odpustu zapraszamy w czwartek i pi\u0105tek na godz. 10.00.<\/li>\n<li>14 maja o godz. 18.00 w sali widowiskowej Ratusza miejskiego w Legionowie zostanie zaprezentowany musical &#8222;Gedeon Show&#8221; Teatru Muzycznego &#8222;Nikt mnie nie chce&#8221;. Spektakl ten przenosi widza do skomplikowanego, ale niezwykle barwnego \u015bwiata popularnego programu telewizyjnego, kt\u00f3rego zwyci\u0119stwo stanowi dla jego uczestnik\u00f3w gwarancj\u0119 zdobycia uznania, s\u0142awy i zainteresowania medi\u00f3w. Niespodziewanie w\u015br\u00f3d zespo\u0142\u00f3w muzycznych konkuruj\u0105cych o g\u0142osy telewidz\u00f3w znajduje si\u0119 grupa Gedeon. Czy idea\u0142y m\u0142odych ludzi, kt\u00f3rych najwi\u0119ksz\u0105 pasj\u0105 jest \u015bpiewanie o Bogu i dla Boga, maj\u0105 szans\u0119 przetrwa\u0107 w wielkim \u015bwiece telewizyjnego show? Zapraszamy na spektakl. Wst\u0119p wolny.<\/li>\n<li>Prezydent Miasta Legionowo zaprasza mieszka\u0144c\u00f3w w dniu 20 maja (sobota) na Bia\u0142\u0105 Sobot\u0119 z wojskiem do Wojskowej Specjalistycznej Przychodni Lekarskiej przy ul. Zegrzy\u0144skiej 8, oferta bezp\u0142atna: konsultacje u lekarzy specjalist\u00f3w (stomatolog, ginekolog, kardiolog, dermatolog, pediatra, internista, neurolog, laryngolog)), badania diagnostyczne, akcja krwiodawstwa, szereg atrakcji (prezentacja sprz\u0119tu wojskowego, pokaz wojskowej stra\u017cy po\u017carnej, atrakcje dla dzieci, groch\u00f3wka wojskowa, malowanie twarzy, roboty saperskiej). Zapisy do 8 maja w Wojskowej Specjalistycznej Przychodni Lekarskiej &#8211; wi\u0119cej informacji w gablocie na ko\u015bciele.<\/li>\n<\/ol>\n<p style=\"text-align: right;\"><strong>Ksi\u0105dz Proboszcz<\/strong><\/p>\n","protected":false},"excerpt":{"rendered":"<p>Dzisiaj o godzinie 20.00 kolejna konferencja Nauk Przedma\u0142\u017ce\u0144skich (w kawiarence) oraz spotkanie dla rodzic\u00f3w kandydat\u00f3w do bierzmowania (w ko\u015bciele). Trwamy w miesi\u0105cu maju. Zapraszamy na nabo\u017ce\u0144stwa majowe w dni powszednie o godz. 19.30, a w niedziel\u0119 i uroczysto\u015bci o godz. 18.30. Jutro, 8 maja obchodzimy \u015bwi\u0119to \u015bw. biskupa Stanis\u0142awa, m\u0119czennika &#8211; patrona Polski. Zapraszamy na [&hellip;]<\/p>\n","protected":false},"author":1,"featured_media":481,"comment_status":"closed","ping_status":"closed","sticky":false,"template":"","format":"standard","meta":{"footnotes":""},"categories":[14],"tags":[],"class_list":["post-4242","post","type-post","status-publish","format-standard","has-post-thumbnail","hentry","category-ogloszenia-parafialne"],"_links":{"self":[{"href":"https:\/\/mbfatimska.ovh\/index.php\/wp-json\/wp\/v2\/posts\/4242","targetHints":{"allow":["GET"]}}],"collection":[{"href":"https:\/\/mbfatimska.ovh\/index.php\/wp-json\/wp\/v2\/posts"}],"about":[{"href":"https:\/\/mbfatimska.ovh\/index.php\/wp-json\/wp\/v2\/types\/post"}],"author":[{"embeddable":true,"href":"https:\/\/mbfatimska.ovh\/index.php\/wp-json\/wp\/v2\/users\/1"}],"replies":[{"embeddable":true,"href":"https:\/\/mbfatimska.ovh\/index.php\/wp-json\/wp\/v2\/comments?post=4242"}],"version-history":[{"count":0,"href":"https:\/\/mbfatimska.ovh\/index.php\/wp-json\/wp\/v2\/posts\/4242\/revisions"}],"wp:featuredmedia":[{"embeddable":true,"href":"https:\/\/mbfatimska.ovh\/index.php\/wp-json\/wp\/v2\/media\/481"}],"wp:attachment":[{"href":"https:\/\/mbfatimska.ovh\/index.php\/wp-json\/wp\/v2\/media?parent=4242"}],"wp:term":[{"taxonomy":"category","embeddable":true,"href":"https:\/\/mbfatimska.ovh\/index.php\/wp-json\/wp\/v2\/categories?post=4242"},{"taxonomy":"post_tag","embeddable":true,"href":"https:\/\/mbfatimska.ovh\/index.php\/wp-json\/wp\/v2\/tags?post=4242"}],"curies":[{"name":"wp","href":"https:\/\/api.w.org\/{rel}","templated":true}]}}