{"id":4247,"date":"2017-05-06T08:20:03","date_gmt":"2017-05-06T08:20:03","guid":{"rendered":"http:\/\/www.mbfatimska.pl\/?p=4247"},"modified":"2017-05-06T08:20:03","modified_gmt":"2017-05-06T08:20:03","slug":"4247-2","status":"publish","type":"post","link":"https:\/\/mbfatimska.ovh\/index.php\/2017\/05\/06\/4247-2\/","title":{"rendered":"Przygotowanie do odpustu, uroczysto\u015bci odpustowe, program koncertu"},"content":{"rendered":"<h3 style=\"text-align: center;\"><strong>Przedstawiamy grafik nabo\u017ce\u0144stw przygotowuj\u0105cych do uroczysto\u015bci odpustowych, dzie\u0144 Odpustu Parafialnego oraz program wieczornego koncertu:<\/strong> <img fetchpriority=\"high\" decoding=\"async\" class=\"wp-image-4241 aligncenter\" src=\"http:\/\/www.mbfatimska.pl\/wp-content\/uploads\/2017\/05\/CCI29042017-210x300.jpg\" alt=\"\" width=\"520\" height=\"743\" srcset=\"https:\/\/mbfatimska.ovh\/wp-content\/uploads\/2017\/05\/CCI29042017-210x300.jpg 210w, https:\/\/mbfatimska.ovh\/wp-content\/uploads\/2017\/05\/CCI29042017-718x1024.jpg 718w, https:\/\/mbfatimska.ovh\/wp-content\/uploads\/2017\/05\/CCI29042017-768x1096.jpg 768w, https:\/\/mbfatimska.ovh\/wp-content\/uploads\/2017\/05\/CCI29042017.jpg 841w\" sizes=\"(max-width: 520px) 100vw, 520px\" \/><\/h3>\n<h2><span style=\"color: #ff0000;\">Program koncertu:<\/span><\/h2>\n<div>\n<div>\n<div>\n<div><em>\u0141ukasz Parcheta &#8211; skrzypce<\/em><\/div>\n<p><em>Micha\u0142 Jung &#8211; organy<\/em><\/p>\n<\/div>\n<\/div>\n<h4><span style=\"color: #000080;\">A.Corelli &#8211; Sonata d-moll &#8222;La folia&#8221;\u00a0\u00a0\u00a0\u00a0\u00a0 10&#8242;<\/span><\/h4>\n<h4><span style=\"color: #000080;\">J.S.Bach\/Ch.Gounod &#8211; Ave Maria\u00a0\u00a0\u00a0\u00a0\u00a0\u00a0 3&#8242;<\/span><\/h4>\n<h4><span style=\"color: #000080;\">J.S.Bach &#8211; Chora\u0142 &#8222;Jesus Christus unser Heiland&#8221;\u00a0\u00a0\u00a0\u00a0\u00a0\u00a0 4&#8242;<\/span><\/h4>\n<h4><span style=\"color: #000080;\">W.A.Mozart &#8211; Sonata e-moll\u00a0\u00a0\u00a0\u00a0\u00a0\u00a0\u00a0\u00a0\u00a0 10&#8242; <\/span><\/h4>\n<\/div>\n<h4><span style=\"color: #000080;\">F.Schubert &#8211; Ave Maria\u00a0\u00a0\u00a0\u00a0\u00a0\u00a0\u00a0\u00a0\u00a0\u00a0\u00a0\u00a0\u00a0\u00a0\u00a0 5&#8242;<\/span><\/h4>\n<h4><span style=\"color: #000080;\">A.G.Ritter &#8211; Sonata d-moll\u00a0\u00a0\u00a0\u00a0\u00a0\u00a0\u00a0\u00a0 12&#8242;<\/span><\/h4>\n","protected":false},"excerpt":{"rendered":"<p>Przedstawiamy grafik nabo\u017ce\u0144stw przygotowuj\u0105cych do uroczysto\u015bci odpustowych, dzie\u0144 Odpustu Parafialnego oraz program wieczornego koncertu: Program koncertu: \u0141ukasz Parcheta &#8211; skrzypce Micha\u0142 Jung &#8211; organy A.Corelli &#8211; Sonata d-moll &#8222;La folia&#8221;\u00a0\u00a0\u00a0\u00a0\u00a0 10&#8242; J.S.Bach\/Ch.Gounod &#8211; Ave Maria\u00a0\u00a0\u00a0\u00a0\u00a0\u00a0 3&#8242; J.S.Bach &#8211; Chora\u0142 &#8222;Jesus Christus unser Heiland&#8221;\u00a0\u00a0\u00a0\u00a0\u00a0\u00a0 4&#8242; W.A.Mozart &#8211; Sonata e-moll\u00a0\u00a0\u00a0\u00a0\u00a0\u00a0\u00a0\u00a0\u00a0 10&#8242; F.Schubert &#8211; Ave Maria\u00a0\u00a0\u00a0\u00a0\u00a0\u00a0\u00a0\u00a0\u00a0\u00a0\u00a0\u00a0\u00a0\u00a0\u00a0 5&#8242; A.G.Ritter [&hellip;]<\/p>\n","protected":false},"author":1,"featured_media":4255,"comment_status":"closed","ping_status":"closed","sticky":false,"template":"","format":"image","meta":{"footnotes":""},"categories":[2],"tags":[],"class_list":["post-4247","post","type-post","status-publish","format-image","has-post-thumbnail","hentry","category-aktualnosci","post_format-post-format-image"],"_links":{"self":[{"href":"https:\/\/mbfatimska.ovh\/index.php\/wp-json\/wp\/v2\/posts\/4247","targetHints":{"allow":["GET"]}}],"collection":[{"href":"https:\/\/mbfatimska.ovh\/index.php\/wp-json\/wp\/v2\/posts"}],"about":[{"href":"https:\/\/mbfatimska.ovh\/index.php\/wp-json\/wp\/v2\/types\/post"}],"author":[{"embeddable":true,"href":"https:\/\/mbfatimska.ovh\/index.php\/wp-json\/wp\/v2\/users\/1"}],"replies":[{"embeddable":true,"href":"https:\/\/mbfatimska.ovh\/index.php\/wp-json\/wp\/v2\/comments?post=4247"}],"version-history":[{"count":0,"href":"https:\/\/mbfatimska.ovh\/index.php\/wp-json\/wp\/v2\/posts\/4247\/revisions"}],"wp:featuredmedia":[{"embeddable":true,"href":"https:\/\/mbfatimska.ovh\/index.php\/wp-json\/wp\/v2\/media\/4255"}],"wp:attachment":[{"href":"https:\/\/mbfatimska.ovh\/index.php\/wp-json\/wp\/v2\/media?parent=4247"}],"wp:term":[{"taxonomy":"category","embeddable":true,"href":"https:\/\/mbfatimska.ovh\/index.php\/wp-json\/wp\/v2\/categories?post=4247"},{"taxonomy":"post_tag","embeddable":true,"href":"https:\/\/mbfatimska.ovh\/index.php\/wp-json\/wp\/v2\/tags?post=4247"}],"curies":[{"name":"wp","href":"https:\/\/api.w.org\/{rel}","templated":true}]}}