{"id":42988,"date":"2026-04-25T12:37:07","date_gmt":"2026-04-25T12:37:07","guid":{"rendered":"https:\/\/mbfatimska.ovh\/?p=42988"},"modified":"2026-04-26T05:30:52","modified_gmt":"2026-04-26T05:30:52","slug":"iv-niedziela-wielkanocna-niedziela-dobrego-pasterza-3","status":"publish","type":"post","link":"https:\/\/mbfatimska.ovh\/index.php\/2026\/04\/25\/iv-niedziela-wielkanocna-niedziela-dobrego-pasterza-3\/","title":{"rendered":"IV Niedziela Wielkanocna &#8211; Niedziela Dobrego Pasterza"},"content":{"rendered":"<p>1.Dzie\u0144 dzisiejszy w Ko\u015bciele, obchodzony jest jako Niedziela Dobrego Pasterza, kt\u00f3ra rozpoczyna kwartalne dni modlitwy o powo\u0142ania do \u017cycia kap\u0142a\u0144skiego, zakonnego i konsekrowanego. W tym czasie modlimy si\u0119 o nowe powo\u0142ania i za powo\u0142anych, zw\u0142aszcza z naszej wsp\u00f3lnoty parafialnej.<\/p>\n<p>2.W dniu dzisiejszym odb\u0119d\u0105 si\u0119 nast\u0119puj\u0105ce spotkania:<\/p>\n<p>+ o 10.25 &#8211; katecheza dla dzieci klas III SP przed I Komuni\u0105 \u015bwi\u0119t\u0105;<\/p>\n<p>+ o 16.00 &#8211; rozmowy dzieci komunijnych z ksi\u0119dzem przed uroczysto\u015bci\u0105 I Komunii \u015bwi\u0119tej &#8211; Grupa II;<\/p>\n<p>+ o 19.00 &#8211; kolejna katecheza dla narzeczonych w ramach kursu przedma\u0142\u017ce\u0144skiego.<\/p>\n<p>3.W poniedzia\u0142ek i we wtorek, o godzinie 19.00, w ko\u015bciele, odb\u0119d\u0105 si\u0119 pr\u00f3by dzieci przed przyj\u0119ciem I Komunii \u015bwi\u0119tej:<\/p>\n<p>+ poniedzia\u0142ek &#8211; Grupa I;<\/p>\n<p>+ wtorek &#8211; Grupa II.<\/p>\n<p>4.We wtorek, z racji 28 dnia miesi\u0105ca, po Mszy \u015bwi\u0119tej o godzinie 18.00, zapraszamy na kolejne nabo\u017ce\u0144stwo do b\u0142. kard. Stefana Wyszy\u0144skiego, patrona naszego miasta.<\/p>\n<p>5.R\u00f3wnie\u017c we wtorek, w godzinach 18-19, w budynku Centrum Wsparcia Fizycznego b\u0119dzie mo\u017cna skorzysta\u0107 z darmowych konsultacji logopedy szkolnego.<\/p>\n<p>6.Przypominamy, \u017ce od 1 maja do 30 wrze\u015bnia, przechodzimy na letni system godzin Mszy \u015bwi\u0119tych i urz\u0119dowania kancelarii parafialnej. Msze \u015bwi\u0119te w dni powszednie b\u0119d\u0105 sprawowane o godzinie 18.00 i 19.00, w niedziele i uroczysto\u015bci po po\u0142udniu o godzinie 19.00. Kancelaria b\u0119dzie czynna w godzinach 19.30 \u2013 20.15 od poniedzia\u0142ku do \u015brody. W soboty bez zmian.<\/p>\n<p>7.W miesi\u0105cu maju zapraszamy na nabo\u017ce\u0144stwa majowe sprawowane ku czci Naj\u015bwi\u0119tszej Maryi Panny. W dni powszednie o godzinie 19.30, a w niedziele i uroczysto\u015bci o 18.30.<\/p>\n<p>8.W tym tygodniu przypada:<\/p>\n<p>+ I pi\u0105tek miesi\u0105ca \u2013 spowied\u017a od godziny 17.30 do 19.30;<\/p>\n<p>+ I sobota miesi\u0105ca \u2013 nabo\u017ce\u0144stwo wynagradzaj\u0105ce Niepokalanemu Sercu NMP po Mszy \u015bwi\u0119tej o godzinie 19.00 i trwa\u0107 b\u0119dzie do 21.15;<\/p>\n<p>+ I niedziela miesi\u0105ca \u2013 po Mszy \u015bwi\u0119tej o godzinie 12.30, pierwsza w tym roku procesja eucharystyczna i mo\u017cliwo\u015b\u0107 adoracji Naj\u015bwi\u0119tszego Sakramentu do godziny 18.30.<\/p>\n<p>9.W sobot\u0119 b\u0119dziemy obchodzi\u0107 Dzie\u0144 Flagi. Tego dnia oddajemy cze\u015b\u0107 naszym barwom narodowym, potwierdzaj\u0105c w ten spos\u00f3b nasz\u0105 dum\u0119\u00a0 z tego, \u017ce jeste\u015bmy Polakami. Nasi seniorzy, ju\u017c dzisiaj, pod kopu\u0142\u0105, rozprowadzaj\u0105 w\u0142asnor\u0119cznie wykonane kotyliony, oraz flagi narodowe, papieskie i maryjne. Mo\u017ce warto zaopatrzy\u0107 si\u0119 w nasze barwy narodowe by wyrazi\u0107 swoj\u0105 dum\u0119 z tego, \u017ce jeste\u015bmy synami i c\u00f3rkami naszej Ojczyzny.<\/p>\n<p>10.Konferencja przed chrztem dzieci odb\u0119dzie si\u0119 8 maja o godzinie 20.00 w kawiarence parafialnej.<\/p>\n<p>11.W przysz\u0142\u0105 niedziel\u0119, 3 maja, obchodzi\u0107 b\u0119dziemy 235. rocznic\u0119 uchwalenia Konstytucji 3 maja, natomiast sama uroczysto\u015b\u0107 NMP Kr\u00f3lowej Polski, kt\u00f3ra w Ko\u015bciele przypada 3 maja, zosta\u0142a prze\u0142o\u017cona na 2 maja, ze wzgl\u0119du na V Niedziel\u0119 Wielkanocn\u0105. W zwi\u0105zku z tym, zapraszamy tego dnia na Msze \u015bwi\u0119te o godzinie 9.00, 18.00 i 19.00. Tego dnia kancelaria parafialna b\u0119dzie nieczynna. Ksi\u0105dz biskup, z racji na \u015bwi\u0105teczny charakter dnia 1 maja, udzieli\u0142 na ten dzie\u0144 dyspensy od postu pi\u0105tkowego.<\/p>\n<p>12.Informujemy, \u017ce I Komunia \u015bwi\u0119ta dzieci, w naszej parafii, odb\u0119dzie si\u0119 w przysz\u0142ym roku 15 maja, tj. w sobot\u0119.<\/p>\n<p>13.Kalendarz liturgiczny na ten tydzie\u0144: w \u015brod\u0119 &#8211; \u015bwi\u0119to \u015bwi\u0119tej Katarzyny Siene\u0144skiej, dziewicy i doktora Ko\u015bcio\u0142a, patronki Europy; w pi\u0105tek &#8211; wspomnienie \u015bw. J\u00f3zefa, rzemie\u015blnika; w sobot\u0119 &#8211; uroczysto\u015b\u0107 NMP Kr\u00f3lowej Polski, g\u0142\u00f3wnej Patronki Polski.<\/p>\n<p>&nbsp;<\/p>\n","protected":false},"excerpt":{"rendered":"<p>1.Dzie\u0144 dzisiejszy w Ko\u015bciele, obchodzony jest jako Niedziela Dobrego Pasterza, kt\u00f3ra rozpoczyna kwartalne dni modlitwy o powo\u0142ania do \u017cycia kap\u0142a\u0144skiego, zakonnego i konsekrowanego. W tym czasie modlimy si\u0119 o nowe powo\u0142ania i za powo\u0142anych, zw\u0142aszcza z naszej wsp\u00f3lnoty parafialnej. 2.W dniu dzisiejszym odb\u0119d\u0105 si\u0119 nast\u0119puj\u0105ce spotkania: + o 10.25 &#8211; katecheza dla dzieci klas III [&hellip;]<\/p>\n","protected":false},"author":10,"featured_media":30657,"comment_status":"closed","ping_status":"closed","sticky":false,"template":"","format":"standard","meta":{"footnotes":""},"categories":[2,14],"tags":[],"class_list":["post-42988","post","type-post","status-publish","format-standard","has-post-thumbnail","hentry","category-aktualnosci","category-ogloszenia-parafialne"],"_links":{"self":[{"href":"https:\/\/mbfatimska.ovh\/index.php\/wp-json\/wp\/v2\/posts\/42988","targetHints":{"allow":["GET"]}}],"collection":[{"href":"https:\/\/mbfatimska.ovh\/index.php\/wp-json\/wp\/v2\/posts"}],"about":[{"href":"https:\/\/mbfatimska.ovh\/index.php\/wp-json\/wp\/v2\/types\/post"}],"author":[{"embeddable":true,"href":"https:\/\/mbfatimska.ovh\/index.php\/wp-json\/wp\/v2\/users\/10"}],"replies":[{"embeddable":true,"href":"https:\/\/mbfatimska.ovh\/index.php\/wp-json\/wp\/v2\/comments?post=42988"}],"version-history":[{"count":7,"href":"https:\/\/mbfatimska.ovh\/index.php\/wp-json\/wp\/v2\/posts\/42988\/revisions"}],"predecessor-version":[{"id":43013,"href":"https:\/\/mbfatimska.ovh\/index.php\/wp-json\/wp\/v2\/posts\/42988\/revisions\/43013"}],"wp:featuredmedia":[{"embeddable":true,"href":"https:\/\/mbfatimska.ovh\/index.php\/wp-json\/wp\/v2\/media\/30657"}],"wp:attachment":[{"href":"https:\/\/mbfatimska.ovh\/index.php\/wp-json\/wp\/v2\/media?parent=42988"}],"wp:term":[{"taxonomy":"category","embeddable":true,"href":"https:\/\/mbfatimska.ovh\/index.php\/wp-json\/wp\/v2\/categories?post=42988"},{"taxonomy":"post_tag","embeddable":true,"href":"https:\/\/mbfatimska.ovh\/index.php\/wp-json\/wp\/v2\/tags?post=42988"}],"curies":[{"name":"wp","href":"https:\/\/api.w.org\/{rel}","templated":true}]}}