{"id":4495,"date":"2017-06-03T10:47:33","date_gmt":"2017-06-03T10:47:33","guid":{"rendered":"http:\/\/www.mbfatimska.pl\/?p=4495"},"modified":"2017-06-03T10:47:33","modified_gmt":"2017-06-03T10:47:33","slug":"niedziela-zeslania-ducha-swietego-zielone-swiatki-04-06-2017r","status":"publish","type":"post","link":"https:\/\/mbfatimska.ovh\/index.php\/2017\/06\/03\/niedziela-zeslania-ducha-swietego-zielone-swiatki-04-06-2017r\/","title":{"rendered":"Niedziela Zes\u0142ania Ducha \u015awi\u0119tego, &#8222;Zielone \u015awi\u0105tki&#8221; &#8211; 04.06.2017r."},"content":{"rendered":"<ol>\n<li>Dzisiejsz\u0105 niedziel\u0105 ko\u0144czymy okres wielkanocny. Zapytajmy si\u0119 czy wype\u0142nili\u015bmy przykazanie ko\u015bcielne: &#8222;Przynajmniej raz w roku spowiada\u0107 si\u0119 i w czasie wielkanocnym Komuni\u0119 \u015awi\u0119t\u0105 przyj\u0105\u0107&#8221;.<\/li>\n<li>Dzi\u0119kujemy wszystkim zespo\u0142om parafialnym za przeprowadzenie adoracji w Wigili\u0119 Zes\u0142ania Ducha \u015awi\u0119tego.<\/li>\n<li>Spotkanie dla kandydat\u00f3w do sakramentu bierzmowania po\u0142\u0105czone z zaliczeniem Katechizmu (II cz\u0119\u015b\u0107) dzisiaj o godz. 15.00 (dziewcz\u0119ta) i o 16.30 (ch\u0142opcy) w salce pod zakrysti\u0105.<\/li>\n<li>Jutro na Mszy \u015awi\u0119tej o godz. 19.00 ks. Piotr wraz z kolegami z roku b\u0119dzie dzi\u0119kowa\u0142 za rok pos\u0142ugi kap\u0142a\u0144skiej. Serdecznie zapraszamy na Msz\u0119 \u015awi\u0119ta i prosimy o modlitw\u0119 w intencji jubilat\u00f3w.<\/li>\n<li>W pi\u0105tek za\u015b na Mszy \u015awi\u0119tej o godz. 19.00 ks. Zdzis\u0142aw i ks. Arkadiusz podzi\u0119kuj\u0105 w rocznice swoich \u015bwi\u0119ce\u0144 kap\u0142a\u0144skich za dar powo\u0142ania i sakrament kap\u0142a\u0144stwa. R\u00f3wnie\u017c tego dnia zapraszamy do modlitwy w intencji jubilat\u00f3w, kt\u00f3rzy od dw\u00f3ch lat wspieraj\u0105 nas w pracy duszpasterskiej.<\/li>\n<li>W poniedzia\u0142ek i pi\u0105tek z racji Mszy \u015awi\u0119tych jubileuszowych nabo\u017ce\u0144stwa czerwcowe b\u0119d\u0105 sprawowane o godz. 18.30.<\/li>\n<li>W \u015brod\u0119 na godz. 20.00 do salki pod zakrysti\u0105 zapraszamy uczestnik\u00f3w pa\u017adziernikowej pielgrzymki do Jordanii i Ziemi \u015awi\u0119tej.<\/li>\n<li>W przysz\u0142\u0105 niedziel\u0119 o godz. 17.30 w salce pod zakrysti\u0105 odb\u0119dzie si\u0119 spotkanie z rodzicami dzieci wyje\u017cd\u017caj\u0105cych na wakacje w lipcu, a o godz. 18.00 z rodzicami dzieci wyje\u017cd\u017caj\u0105cych na wakacje w sierpniu.<\/li>\n<li>W tym tygodniu obchodzimy<br \/>\n&#8211; w poniedzia\u0142ek \u015awi\u0119to Naj\u015bwi\u0119tszej Maryi Panny Matki Ko\u015bcio\u0142a<br \/>\n&#8211; w czwartek \u015awi\u0119to Jezusa Chrystusa Najwy\u017cszego i Wiecznego Kap\u0142ana<\/li>\n<li>Za tydzie\u0144 w Ko\u015bciele obchodzi\u0107 b\u0119dziemy Uroczysto\u015b\u0107 Tr\u00f3jcy Przenaj\u015bwi\u0119tszej.<\/li>\n<li>W przysz\u0142\u0105 niedziel\u0119 po Mszy \u015awi\u0119tej o godz. 11.00 w ko\u015bciele odb\u0119dzie si\u0119 wymiana Tajemnic R\u00f3\u017ca\u0144cowych dzieci i rodzic\u00f3w nale\u017c\u0105cych do K\u00f3\u0142 \u017bywego R\u00f3\u017ca\u0144ca.<\/li>\n<li>W przysz\u0142\u0105 niedziel\u0119 w Warszawie odb\u0119dzie si\u0119 Marsz dla \u017bycia i Rodziny. Pocz\u0105tek o godz. 12.45 na Placu Trzech Krzy\u017cy.<\/li>\n<li>Starosta legionowski zaprasza mieszka\u0144c\u00f3w powiatu do udzia\u0142u w bezp\u0142atnych badaniach profilaktycznych raka piersi, gruczo\u0142u krokowego i jelita grubego oraz bada\u0144 profilaktyki nowotworowej i konsultacji psychoruchowych skierowanych do dzieci. Szczeg\u00f3\u0142y dotycz\u0105ce bada\u0144 znajduj\u0105 si\u0119 na plakatach i na stronie www.powiat-legionowski.pl.<\/li>\n<li>Nie dajmy si\u0119 oszuka\u0107 na fa\u0142szywego policjanta czy wnuczka! Pami\u0119tajmy, \u017ce policja nigdy nie prosi o przekazanie pieni\u0119dzy, nigdy nie informuje te\u017c o prowadzonych dzia\u0142aniach. Je\u017celi odebrali\u015bmy taki telefon, musimy by\u0107 pewni, \u017ce to oszust. Nigdy w takich sytuacjach nie przekazujmy pieni\u0119dzy. Je\u017celi podejrzewamy, \u017ce kto\u015b pr\u00f3buje nas oszuka\u0107 natychmiast powinni\u015bmy powiadomi\u0107 policj\u0119 po nr tel. 997 lub 112, albo uda\u0107 si\u0119 do jednostki policji. Nie dajmy si\u0119 okra\u015b\u0107 ze swoich oszcz\u0119dno\u015bci \u017cycia!<\/li>\n<li>Dnia 1 lipca na Stadionie Narodowym odb\u0119dzie si\u0119 V Jublieuszowe Uwielbienie Jezusa w mocy Ducha \u015awi\u0119tego. Poprowadzi je ks. dr John Bashobora i ekipa JNS. Wi\u0119cej informacji na plakacie.<\/li>\n<\/ol>\n<p style=\"text-align: right;\">ks. Proboszcz<\/p>\n","protected":false},"excerpt":{"rendered":"<p>Dzisiejsz\u0105 niedziel\u0105 ko\u0144czymy okres wielkanocny. Zapytajmy si\u0119 czy wype\u0142nili\u015bmy przykazanie ko\u015bcielne: &#8222;Przynajmniej raz w roku spowiada\u0107 si\u0119 i w czasie wielkanocnym Komuni\u0119 \u015awi\u0119t\u0105 przyj\u0105\u0107&#8221;. Dzi\u0119kujemy wszystkim zespo\u0142om parafialnym za przeprowadzenie adoracji w Wigili\u0119 Zes\u0142ania Ducha \u015awi\u0119tego. Spotkanie dla kandydat\u00f3w do sakramentu bierzmowania po\u0142\u0105czone z zaliczeniem Katechizmu (II cz\u0119\u015b\u0107) dzisiaj o godz. 15.00 (dziewcz\u0119ta) i o [&hellip;]<\/p>\n","protected":false},"author":1,"featured_media":481,"comment_status":"closed","ping_status":"closed","sticky":false,"template":"","format":"standard","meta":{"footnotes":""},"categories":[14],"tags":[],"class_list":["post-4495","post","type-post","status-publish","format-standard","has-post-thumbnail","hentry","category-ogloszenia-parafialne"],"_links":{"self":[{"href":"https:\/\/mbfatimska.ovh\/index.php\/wp-json\/wp\/v2\/posts\/4495","targetHints":{"allow":["GET"]}}],"collection":[{"href":"https:\/\/mbfatimska.ovh\/index.php\/wp-json\/wp\/v2\/posts"}],"about":[{"href":"https:\/\/mbfatimska.ovh\/index.php\/wp-json\/wp\/v2\/types\/post"}],"author":[{"embeddable":true,"href":"https:\/\/mbfatimska.ovh\/index.php\/wp-json\/wp\/v2\/users\/1"}],"replies":[{"embeddable":true,"href":"https:\/\/mbfatimska.ovh\/index.php\/wp-json\/wp\/v2\/comments?post=4495"}],"version-history":[{"count":0,"href":"https:\/\/mbfatimska.ovh\/index.php\/wp-json\/wp\/v2\/posts\/4495\/revisions"}],"wp:featuredmedia":[{"embeddable":true,"href":"https:\/\/mbfatimska.ovh\/index.php\/wp-json\/wp\/v2\/media\/481"}],"wp:attachment":[{"href":"https:\/\/mbfatimska.ovh\/index.php\/wp-json\/wp\/v2\/media?parent=4495"}],"wp:term":[{"taxonomy":"category","embeddable":true,"href":"https:\/\/mbfatimska.ovh\/index.php\/wp-json\/wp\/v2\/categories?post=4495"},{"taxonomy":"post_tag","embeddable":true,"href":"https:\/\/mbfatimska.ovh\/index.php\/wp-json\/wp\/v2\/tags?post=4495"}],"curies":[{"name":"wp","href":"https:\/\/api.w.org\/{rel}","templated":true}]}}