{"id":45196,"date":"2026-08-29T16:47:33","date_gmt":"2026-08-29T16:47:33","guid":{"rendered":"https:\/\/mbfatimska.ovh\/?p=45196"},"modified":"2026-08-30T08:07:34","modified_gmt":"2026-08-30T08:07:34","slug":"xxii-niedziela-zwykla-4","status":"publish","type":"post","link":"https:\/\/mbfatimska.ovh\/index.php\/2026\/08\/29\/xxii-niedziela-zwykla-4\/","title":{"rendered":"XXII Niedziela Zwyk\u0142a"},"content":{"rendered":"<p>1.W dniu dzisiejszym, o godzinie 17.30, w salce pod zakrysti\u0105, odb\u0119dzie si\u0119 zebranie dla os\u00f3b, kt\u00f3re w listopadzie udaj\u0105 si\u0119 na pielgrzymk\u0119 do Hiszpanii i Maroka. Obecno\u015b\u0107 obowi\u0105zkowa.<\/p>\n<p>2.We wtorek, dzieci i m\u0142odzie\u017c, rozpoczynaj\u0105 nowy rok szkolny. Zapraszany ich w pi\u0105tek do skorzystania z sakramentu pokuty i pojednania w godzinach 17.30 \u2013 19.30, a ju\u017c dzisiaj \u017cyczymy im wszelkiej pomy\u015blno\u015bci w nauce i otwarto\u015bci na dzia\u0142anie Ducha \u015awi\u0119tego z darem m\u0105dro\u015bci, rady i m\u0119stwa.<\/p>\n<p>3.R\u00f3wnie\u017c we wtorek, 1 wrze\u015bnia, wspomina\u0107 b\u0119dziemy 87. rocznic\u0119 wybuchu II Wojny \u015awiatowej. Pami\u0119tajmy tego dnia o naszych bohaterach kampanii wrze\u015bniowej 1939 roku i wszystkich ofiarach II Wojny \u015awiatowej.<\/p>\n<p>4.W tym tygodniu przypada:<\/p>\n<p>+ I czwartek miesi\u0105ca \u2013 adoracja Naj\u015bwi\u0119tszego Sakramentu z Koronk\u0105 do Bo\u017cego Mi\u0142osierdzia od 19.30 do 21.00;<\/p>\n<p>+ I pi\u0105tek miesi\u0105ca \u2013 spowied\u017a od 17.30 do 19.30;<\/p>\n<p>+ I sobota miesi\u0105ca \u2013 nabo\u017ce\u0144stwo wynagradzaj\u0105ce Niepokalanemu Sercu Naj\u015bwi\u0119tszej Maryi Panny po Mszy \u015bwi\u0119tej o godzinie 19.00 i trwa\u0107 b\u0119dzie do godziny 21.00;<\/p>\n<p>+ I niedziela miesi\u0105ca \u2013 po Mszy \u015bwi\u0119tej o godzinie 12.30 wystawienie Naj\u015bwi\u0119tszego Sakramentu, procesja eucharystyczna i mo\u017cliwo\u015b\u0107 adoracji do godziny 18.30.<\/p>\n<p>5.W pi\u0105tek, o godzinie 20.00, w kawiarence, katecheza dla rodzic\u00f3w przed chrztem dziecka w naszej parafii, b\u0105d\u017a, gdy rodzice b\u0119d\u0105 brali zgod\u0119 na chrzest poza nasz\u0105 parafi\u0105, oraz kandydat\u00f3w na rodzic\u00f3w chrzestnych mieszkaj\u0105cy na terenie naszej parafii.<\/p>\n<p>6.W niedziel\u0119, 6 wrze\u015bnia, w Instytucie b\u0142. kard. Stefana Wyszy\u0144skiego w Choszcz\u00f3wce, przy ulicy \u015awierkowej 4, ob\u0119dzie si\u0119 piknik rodzinny, poprzedzony Msz\u0105 \u015bwi\u0119t\u0105, jako wotum dzi\u0119kczynienia za osob\u0119 b\u0142. kard. Stefana Wyszy\u0144skiego. W czasie uroczysto\u015bci wyst\u0105pi zesp\u00f3\u0142 Mazowsze. Wszystko rozpocznie si\u0119 Msz\u0105 \u015bwi\u0119t\u0105 o godzinie 10.30. Szczeg\u00f3\u0142owy program na plakacie w gablocie.<\/p>\n<p>7.R\u00f3wnie\u017c w niedziel\u0119, 6 wrze\u015bnia, w Loretto, ko\u0142o Wyszkowa, odb\u0119dzie si\u0119 odpust upami\u0119tniaj\u0105cy 95. rocznic\u0119 \u015bmierci b\u0142. ks. Ignacego K\u0142opotowskiego. Wi\u0119cej informacji r\u00f3wnie\u017c w gablocie.<\/p>\n<p>8.W przysz\u0142\u0105 niedziel\u0119 zostan\u0105 podane terminy spotka\u0144 dla rodzic\u00f3w dzieci i m\u0142odzie\u017cy, kt\u00f3rzy w naszej parafii pragn\u0105 przyst\u0105pi\u0107 do I Komunii \u015bwi\u0119tej, sakramentu bierzmowania, czy rocznicy I Komunii \u015bwi\u0119tej.<\/p>\n<p>9.R\u00f3wnie\u017c w przysz\u0142\u0105 niedziel\u0119, na Mszy \u015bwi\u0119tej o godzinie 11.00, zostan\u0105 po\u015bwi\u0119cone tornistry i przybory szkolne. Zach\u0119camy zw\u0142aszcza pierwszoklasist\u00f3w i dzieci z zer\u00f3wek do wzi\u0119cia udzia\u0142u w tej uroczysto\u015bci.<\/p>\n<p>10.Kalendarz liturgiczny na ten tydzie\u0144: w czwartek \u2013 wspomnienie \u015bw. Grzegorza Wielkiego, papie\u017ca i doktora Ko\u015bcio\u0142a.<\/p>\n","protected":false},"excerpt":{"rendered":"<p>1.W dniu dzisiejszym, o godzinie 17.30, w salce pod zakrysti\u0105, odb\u0119dzie si\u0119 zebranie dla os\u00f3b, kt\u00f3re w listopadzie udaj\u0105 si\u0119 na pielgrzymk\u0119 do Hiszpanii i Maroka. Obecno\u015b\u0107 obowi\u0105zkowa. 2.We wtorek, dzieci i m\u0142odzie\u017c, rozpoczynaj\u0105 nowy rok szkolny. Zapraszany ich w pi\u0105tek do skorzystania z sakramentu pokuty i pojednania w godzinach 17.30 \u2013 19.30, a ju\u017c [&hellip;]<\/p>\n","protected":false},"author":10,"featured_media":30657,"comment_status":"closed","ping_status":"closed","sticky":false,"template":"","format":"standard","meta":{"footnotes":""},"categories":[2,14],"tags":[],"class_list":["post-45196","post","type-post","status-publish","format-standard","has-post-thumbnail","hentry","category-aktualnosci","category-ogloszenia-parafialne"],"_links":{"self":[{"href":"https:\/\/mbfatimska.ovh\/index.php\/wp-json\/wp\/v2\/posts\/45196","targetHints":{"allow":["GET"]}}],"collection":[{"href":"https:\/\/mbfatimska.ovh\/index.php\/wp-json\/wp\/v2\/posts"}],"about":[{"href":"https:\/\/mbfatimska.ovh\/index.php\/wp-json\/wp\/v2\/types\/post"}],"author":[{"embeddable":true,"href":"https:\/\/mbfatimska.ovh\/index.php\/wp-json\/wp\/v2\/users\/10"}],"replies":[{"embeddable":true,"href":"https:\/\/mbfatimska.ovh\/index.php\/wp-json\/wp\/v2\/comments?post=45196"}],"version-history":[{"count":2,"href":"https:\/\/mbfatimska.ovh\/index.php\/wp-json\/wp\/v2\/posts\/45196\/revisions"}],"predecessor-version":[{"id":45198,"href":"https:\/\/mbfatimska.ovh\/index.php\/wp-json\/wp\/v2\/posts\/45196\/revisions\/45198"}],"wp:featuredmedia":[{"embeddable":true,"href":"https:\/\/mbfatimska.ovh\/index.php\/wp-json\/wp\/v2\/media\/30657"}],"wp:attachment":[{"href":"https:\/\/mbfatimska.ovh\/index.php\/wp-json\/wp\/v2\/media?parent=45196"}],"wp:term":[{"taxonomy":"category","embeddable":true,"href":"https:\/\/mbfatimska.ovh\/index.php\/wp-json\/wp\/v2\/categories?post=45196"},{"taxonomy":"post_tag","embeddable":true,"href":"https:\/\/mbfatimska.ovh\/index.php\/wp-json\/wp\/v2\/tags?post=45196"}],"curies":[{"name":"wp","href":"https:\/\/api.w.org\/{rel}","templated":true}]}}