{"id":4676,"date":"2017-06-03T19:16:25","date_gmt":"2017-06-03T19:16:25","guid":{"rendered":"http:\/\/www.mbfatimska.pl\/?p=4676"},"modified":"2017-06-03T19:16:25","modified_gmt":"2017-06-03T19:16:25","slug":"pierwsza-rocznica-swiecen-kaplanskich-ksiedza-piotra-2","status":"publish","type":"post","link":"https:\/\/mbfatimska.ovh\/index.php\/2017\/06\/03\/pierwsza-rocznica-swiecen-kaplanskich-ksiedza-piotra-2\/","title":{"rendered":"Pierwsza rocznica \u015bwi\u0119ce\u0144 kap\u0142a\u0144skich ksi\u0119dza Piotra"},"content":{"rendered":"<h3>W dniu 5 czerwca 2017 r., o godz. 19:00 odby\u0142a si\u0119 uroczysta Msza \u015awi\u0119ta sprawowana przez ksi\u0119dza Piotra Doma\u0144skiego oraz jego koleg\u00f3w kursowych: ksi\u0119dza Marcina Dominiczaka z parafii Matki Bo\u017cej Cz\u0119stochowskiej w Wo\u0142ominie, ksi\u0119dza Grzegorza Harasima z parafii \u015bwi\u0119tego Jana Kantego w Legionowie, ksi\u0119dza Sebastiana Lisa z parafii Naj\u015bwi\u0119tszej Maryi Panny Matki Ko\u015bcio\u0142a w Sulej\u00f3wku i ksi\u0119dza Dawida Wi\u0119cka z parafii Matki Bo\u017cej Kr\u00f3lowej Polski w Jab\u0142onnie. By\u0142o to spotkanie ksi\u0119\u017cy grupy kursowej, kt\u00f3rzy przyj\u0119li \u015bwi\u0119cenia kap\u0142a\u0144skie tego samego dnia. Ta Msza \u015awi\u0119ta by\u0142a dla nas i dla ksi\u0119\u017cy wielkim i wznios\u0142ym prze\u017cyciem. Na pocz\u0105tku mszy \u015bwi\u0119tej ksi\u0105dz Pra\u0142at Tomasz Chcia\u0142owski serdecznie powita\u0142 przyby\u0142ych parafian, go\u015bci oraz oczywi\u015bcie wikariusza Piotra i jego koleg\u00f3w ksi\u0119\u017cy. Homilia po\u015bwi\u0119cona by\u0142a znaczeniu eucharystii w \u017cyciu kap\u0142ana. Na zako\u0144czenie Mszy \u015awi\u0119tej przedstawiciele r\u00f3\u017cnych formacji liturgicznych dzia\u0142aj\u0105cych w naszej parafii z\u0142o\u017cyli kap\u0142anom \u017cyczenia. Drodzy Jubilaci \u017cyczymy Wam wiele Bo\u017cego b\u0142ogos\u0142awie\u0144stwa w pracy duszpasterskiej.<br \/>\n<strong>B\u00f3g zap\u0142a\u0107<\/strong>.<\/h3>\n<h1>Zapraszamy do obejrzenia\u00a0<a href=\"http:\/\/www.mbfatimska.pl\/pierwsza-rocznica-swiecen-kaplanskich-ksiedza-piotra\/\" target=\"_blank\" rel=\"noopener noreferrer\"><span style=\"color: #ff0000;\">galerii zdj\u0119\u0107!<\/span><\/a><\/h1>\n","protected":false},"excerpt":{"rendered":"<p>W dniu 5 czerwca 2017 r., o godz. 19:00 odby\u0142a si\u0119 uroczysta Msza \u015awi\u0119ta sprawowana przez ksi\u0119dza Piotra Doma\u0144skiego oraz jego koleg\u00f3w kursowych: ksi\u0119dza Marcina Dominiczaka z parafii Matki Bo\u017cej Cz\u0119stochowskiej w Wo\u0142ominie, ksi\u0119dza Grzegorza Harasima z parafii \u015bwi\u0119tego Jana Kantego w Legionowie, ksi\u0119dza Sebastiana Lisa z parafii Naj\u015bwi\u0119tszej Maryi Panny Matki Ko\u015bcio\u0142a w Sulej\u00f3wku [&hellip;]<\/p>\n","protected":false},"author":1,"featured_media":4635,"comment_status":"closed","ping_status":"closed","sticky":false,"template":"","format":"standard","meta":{"footnotes":""},"categories":[2],"tags":[],"class_list":["post-4676","post","type-post","status-publish","format-standard","has-post-thumbnail","hentry","category-aktualnosci"],"_links":{"self":[{"href":"https:\/\/mbfatimska.ovh\/index.php\/wp-json\/wp\/v2\/posts\/4676","targetHints":{"allow":["GET"]}}],"collection":[{"href":"https:\/\/mbfatimska.ovh\/index.php\/wp-json\/wp\/v2\/posts"}],"about":[{"href":"https:\/\/mbfatimska.ovh\/index.php\/wp-json\/wp\/v2\/types\/post"}],"author":[{"embeddable":true,"href":"https:\/\/mbfatimska.ovh\/index.php\/wp-json\/wp\/v2\/users\/1"}],"replies":[{"embeddable":true,"href":"https:\/\/mbfatimska.ovh\/index.php\/wp-json\/wp\/v2\/comments?post=4676"}],"version-history":[{"count":0,"href":"https:\/\/mbfatimska.ovh\/index.php\/wp-json\/wp\/v2\/posts\/4676\/revisions"}],"wp:featuredmedia":[{"embeddable":true,"href":"https:\/\/mbfatimska.ovh\/index.php\/wp-json\/wp\/v2\/media\/4635"}],"wp:attachment":[{"href":"https:\/\/mbfatimska.ovh\/index.php\/wp-json\/wp\/v2\/media?parent=4676"}],"wp:term":[{"taxonomy":"category","embeddable":true,"href":"https:\/\/mbfatimska.ovh\/index.php\/wp-json\/wp\/v2\/categories?post=4676"},{"taxonomy":"post_tag","embeddable":true,"href":"https:\/\/mbfatimska.ovh\/index.php\/wp-json\/wp\/v2\/tags?post=4676"}],"curies":[{"name":"wp","href":"https:\/\/api.w.org\/{rel}","templated":true}]}}