{"id":5390,"date":"2017-09-09T15:57:15","date_gmt":"2017-09-09T15:57:15","guid":{"rendered":"http:\/\/www.mbfatimska.pl\/?p=5390"},"modified":"2017-09-09T15:57:15","modified_gmt":"2017-09-09T15:57:15","slug":"wyjazd-rehabilitacyjno-edukacyjny-wrzesien-2017","status":"publish","type":"post","link":"https:\/\/mbfatimska.ovh\/index.php\/2017\/09\/09\/wyjazd-rehabilitacyjno-edukacyjny-wrzesien-2017\/","title":{"rendered":"Wyjazd rehabilitacyjno &#8211; edukacyjny. Wrzesie\u0144 2017."},"content":{"rendered":"<p style=\"text-align: justify;\">Min\u0119\u0142y wakacje. O przepraszam! Nie wakacje tylko sezon urlopowy! Przecie\u017c my ju\u017c dawno sko\u0144czyli\u015bmy szko\u0142\u0119! A wi\u0119c min\u0105\u0142 sezon urlopowy i wr\u00f3cili\u015bmy do swoich zaj\u0119\u0107, czyli do pracy w Warsztacie Terapii Zaj\u0119ciowej \u015bw. Rity w Legionowie. Poniewa\u017c jak wszystkim zapewne wiadomo, niezdrowo jest zbyt gwa\u0142townie zmienia\u0107 cokolwiek w swoim \u017cyciu, wi\u0119c i my, by nie prze\u017cy\u0107 szoku po s\u0142odkim, urlopowym lenistwie, zacz\u0119li\u015bmy od wyjazdu rehabilitacyjnego. Wyjechali\u015bmy na kilka dni w okolice Lublina. I o tym w\u0142a\u015bnie b\u0119dzie poni\u017cszy tekst. Najm\u0105drzej i najroztropniej b\u0119dzie zacz\u0105\u0107 od pocz\u0105tku, tak wi\u0119c wyjechali\u015bmy w poniedzia\u0142ek 4 wrze\u015bnia tu\u017c po godzinie \u00f3smej rano. Ku naszej rado\u015bci autokar prowadzi\u0142 &#8222;nasz zaprzyja\u017aniony kierowca&#8221; pan Marek, kt\u00f3rego mieli\u015bmy okazj\u0119 pozna\u0107 rok temu podczas wyjazdu do Za\u017adzierza. Autokar marki Bova wyposa\u017cony we wszystko co mo\u017ce by\u0107 przydatne podczas d\u0142ugiej podr\u00f3\u017cy. W tym miejscu nale\u017ca\u0142oby mo\u017ce napisa\u0107 kilka s\u0142\u00f3w na temat pogody, ale jakby to powiedzie\u0107 &#8222;r\u0119ce i nogi opadaj\u0105&#8221; to by\u0142 jedyny aspekt naszego wyjazdu, kt\u00f3ry nie spe\u0142ni\u0142 oczekiwa\u0144 i cho\u0107by podstawowych wymaga\u0144! Na szcz\u0119\u015bcie kiepska pogoda nie jest w stanie zepsu\u0107 naszych plan\u00f3w, czy te\u017c popsu\u0107 dobrych nastroj\u00f3w! No dosy\u0107 ju\u017c tych dywagacji na temat aury! Jak wspomnieli\u015bmy przed chwil\u0105 wyruszyli\u015bmy raniutko i w doskona\u0142ych nastrojach ko\u0142o po\u0142udnia &#8222;wyl\u0105dowali\u015bmy&#8221; w Pu\u0142awach z zamiarem zwiedzenia wspania\u0142ego, okaza\u0142ego kompleksu pa\u0142acowo-parkowego Czartoryskich. Warto odwiedza\u0107 takie w\u0142a\u015bnie miejsca, by umocni\u0107 si\u0119 w przekonaniu, \u017ce by\u0107 Polakiem, by\u0107 patriot\u0105 to co\u015b wielkiego i wznios\u0142ego! Tu us\u0142yszeli\u015bmy w\u0142a\u015bnie o tym jak nasi przodkowie walczyli i dbali o zachowanie polsko\u015bci. Po zwiedzeniu pa\u0142acu przeszli\u015bmy spacerkiem wzd\u0142u\u017c parku do autokaru i pojechali\u015bmy do Roman\u00f3wki. Roman\u00f3wka, to ma\u0142a miejscowo\u015b\u0107 po\u0142o\u017cona nieopodal Wojciechowa, a Wojciech\u00f3w to taka troch\u0119 wi\u0119ksza miejscowo\u015b\u0107 kilkana\u015bcie kilometr\u00f3w od Na\u0142\u0119czowa. W Roman\u00f3wce znajduje si\u0119 O\u015brodek Rehabilitacyjno Edukacyjny &#8222;Bia\u0142y Lew&#8221;. Obiadek ju\u017c na nas czeka\u0142, szybciutko wi\u0119c zanosimy baga\u017ce do przydzielonych nam pokoi, myjemy r\u0119ce i siadamy do sto\u0142\u00f3w. Po podr\u00f3\u017cy trzeba przecie\u017c zadba\u0107 o\u00a0\u017co\u0142\u0105dek! Poniewa\u017c by\u0142a dopiero pi\u0119tnasta, mo\u017ce ciut p\u00f3\u017aniej, postanowili\u015bmy nie traci\u0107 czasu i korzystaj\u0105c z ca\u0142kiem przyjemnej aury &#8222;z marszu&#8221; pojecha\u0107 do Na\u0142\u0119czowa. Spacer po Parku Zdrojowym to by\u0142o w\u0142a\u015bnie to! Cisza,\u00a0mn\u00f3stwo zieleni, kaczki, \u0142ab\u0119dzie, wiewi\u00f3rki i i inne bli\u017cej niezidentyfikowane zwierzaki. Wszystko to bardzo pozytywnie wp\u0142ywa na samopoczucie. Nie bez znaczenia pozostaje tak\u017ce kilkana\u015bcie minut sp\u0119dzonych w tutejszej pijalni czekolady. No! \u015alinka cieknie na samo wspomnienie! Wieczorem wracamy do &#8222;Bia\u0142ego Lwa&#8221;. Teraz jest pora na rozlokowanie si\u0119 w pokojach i po chwili schodzimy do jadalni na kolacj\u0119. My\u015bl\u0119, \u017ce zdecydowana wi\u0119kszo\u015b\u0107 po kolacji po prostu posz\u0142a spa\u0107, dzie\u0144 by\u0142 do\u015b\u0107 wyczerpuj\u0105cy. Wtorek. Chmury wisz\u0105 nad Roman\u00f3wk\u0105. Nie damy si\u0119 pogodzie! Po \u015bniadaniu jedziemy do Lublina. Ludzie! Jakie to miasto jest pi\u0119kne! Z samego rana do &#8222;Bia\u0142ego Lwa&#8221; przyjecha\u0142 pan \u0141ukasz, nasz przewodnik. Podczas niezbyt d\u0142ugiej podr\u00f3\u017cy do miasta z koz\u0142em w herbie pan \u0141ukasz ju\u017c opowiada\u0142 nam o mijanych miejscowo\u015bciach, o zwyczajach ludzi tu mieszkaj\u0105cych, o wszystkim, a w ko\u0144cu zacz\u0105\u0142 \u015bpiewa\u0107. Zenek Martyniuk mo\u017ce czu\u0107 si\u0119 zagro\u017cony. &#8222;Oczy zielone&#8221; posz\u0142y a\u017c zatrz\u0119s\u0142o autokarem! Dotarli\u015bmy do Lublina. Wysiedli\u015bmy na Placu Zamkowym znajduj\u0105cym si\u0119 poni\u017cej okaza\u0142ego, wspaniale odrestaurowanego Zamku i poszli\u015bmy na Stare Miasto. Urokliwe w\u0105skie, kamienne uliczki, mn\u00f3stwo restauracji, kawiar\u0144 i innych lokali gastronomicznych. Nawet nie przeszkadza\u0142 nam deszcz, kt\u00f3ry w\u0142a\u015bnie w tym momencie postanowi\u0142 zrosi\u0107 nasze\u00a0g\u0142owy a w zasadzie parasolki. Pan \u0141ukasz okaza\u0142 si\u0119 by\u0107 nie tylko utalentowanym piosenkarzem ale r\u00f3wnie\u017c, a mo\u017ce przede wszystkim wspania\u0142ym gaw\u0119dziarzem znaj\u0105cym ca\u0142e mn\u00f3stwo opowie\u015bci, legend i historii zwi\u0105zanych z tym pi\u0119knym miastem i jego okolicami. Cztery godziny p\u00f3\u017aniej, za nami by\u0142a ju\u017c: Brama Krakowska, Zamek Lubelski, Baszta, Wie\u017ca Trynitarska, Plac po Farze, Plac Litewski i wiele innych ciekawych obiekt\u00f3w, ale kto to wszystko zapami\u0119ta? My pami\u0119tamy jeszcze jeden &#8222;obiekt&#8221;. Restauracja &#8222;St\u00f3\u0142 i W\u00f3\u0142&#8221;. O rany! Ale burgery! Naprawd\u0119 warto wej\u015b\u0107 i skosztowa\u0107. Rewelacja! Powr\u00f3t do Roman\u00f3wki. Po obiadokolacji czas wolny. Cz\u0119\u015b\u0107 z nas wybra\u0142a si\u0119 na spacer poln\u0105 drog\u0105, w\u015br\u00f3d krzew\u00f3w malin (mokrych ale pyszniutkich) do Wojciechowa. \u015aroda. Po \u015bniadaniu wsiadamy do &#8222;naszej&#8221; Bovy, by po kilkunastu kilometrach znale\u017a\u0107 si\u0119 w malutkiej miejscowo\u015bci K\u0119b\u0142o. Tu odwiedzili\u015bmy\u00a0Gospodarstwo Ekologiczne &#8222;Dolina szk\u0142a&#8221; pana Tomasza Falby. Gospodarstwo nie ma nic wsp\u00f3lnego ze szk\u0142em (nazwa nawi\u0105zuje do historii tego regionu), tu mogli\u015bmy zapozna\u0107 si\u0119 z r\u00f3\u017cnymi zio\u0142ami i ro\u015blinami. Sami komponowali\u015bmy mieszanki zi\u00f3\u0142, kt\u00f3re p\u00f3\u017aniej zabrali\u015bmy ze sob\u0105. Pan Tomasz cierpliwie t\u0142umaczy\u0142 nam na jakie dolegliwo\u015bci pomagaj\u0105 poszczeg\u00f3lne zio\u0142a. Na zako\u0144czenie wizyty ma\u0142\u017conka p. Tomasza pocz\u0119stowa\u0142a nas przepysznym ciastem dro\u017cd\u017cowym oraz prawdziw\u0105 kaw\u0105 zbo\u017cow\u0105. Pycha! A komu by\u0142o ma\u0142o, m\u00f3g\u0142 si\u0119 uda\u0107 do ogrodu i skosztowa\u0107 \u015bwie\u017cutkich i soczystych malin prosto z krzaka. Z &#8222;Doliny szk\u0142a&#8221; do Kaplicy Matki Bo\u017cej\u00a0K\u0119belskiej jest mo\u017ce z jeden kilometr, tam te\u017c si\u0119 udali\u015bmy, kilka minut modlitwy i ju\u017c jedziemy dalej. Kolejny przystanek to W\u0105wolnica. W W\u0105wolnicy znajduje si\u0119 Sanktuarium Matki Bo\u017cej K\u0119belskiej. Historia tego Sanktuarium si\u0119ga roku 1278 kiedy to w\u0142a\u015bnie w K\u0119ble nast\u0105pi\u0142 cud zwi\u0105zany z figur\u0105 Matki Boskiej. O tym i wielu innych wydarzeniach zwi\u0105zanych z histori\u0105 W\u0105wolnicy opowiedzia\u0142 nam ksi\u0105dz Jan P\u0119zio\u0142. Oko\u0142o godziny 14-tej spo\u017cywamy ju\u017c obiad w &#8222;Bia\u0142ym Lwie&#8221;. Potem chwila odpoczynku i znowu w drog\u0119! Wczesnym popo\u0142udniem wita nas deszczowy Kazimierz Dolny. Wysiadamy z autokaru, by zaj\u0105\u0107 miejsca w trzech wynaj\u0119tych, minibusach elektrycznych. Kilka minut jazdy przez to jak\u017ce urokliwe miasteczko i doje\u017cd\u017camy do w\u0105wozu korzeniowego. Wysiadamy z minibus\u00f3w i kto chce mo\u017ce i\u015b\u0107 za przewodnikiem prosto do tego w\u0105wozu. P\u00f3\u0142 godziny p\u00f3\u017aniej jeste\u015bmy ju\u017c w Ko\u015bciele Farnym \u015bw. Jana Chrzciciela i \u015bw. Bart\u0142omieja. Potem Rynek Ma\u0142y, Synagoga, jatki drewniane, Sanktuarium Zwiastowania N.M.P. Mn\u00f3stwo zwiedzania. Na po\u017cegnanie wsp\u00f3lna fotka przed zabytkow\u0105 studni\u0105 na Rynku G\u0142\u00f3wnym oraz obowi\u0105zkowy zakup kogut\u00f3w \ud83d\ude42 Wsiadamy do autokaru i wracamy do o\u015brodka. Kolacja ko\u0142o godziny 19-tej. Chwila odpoczynku i wreszcie to, na co wszyscy czekamy. Dyskoteka! Doskona\u0142a muza! Doborowe towarzystwo! Smakowite przek\u0105ski! Czeg\u00f3\u017c wi\u0119cej potrzeba do \u017cycia? Dobra zabawa to jedno, a realia \u017cycia to co\u015b innego. Dlatego te\u017c kr\u00f3tko po 22-giej ko\u0144czymy zabaw\u0119 i idziemy lulu. Czwartek rano \u015bniadanko, pakowanie baga\u017cy, szybki spacer po mini zoo usytuowanym na ty\u0142ach o\u015brodka i wsiadamy do autokaru. Po czternastej jeste\u015bmy ju\u017c w Legionowie. No dobrze! Teraz mo\u017ce kilka s\u0142\u00f3w o naszej bazie noclegowej. &#8222;Bia\u0142y Lew&#8221; bo o nim mowa znajduje si\u0119 jak ju\u017c\u00a0wspominali\u015bmy w miejscowo\u015bci Roman\u00f3wka kilkana\u015bcie kilometr\u00f3w od Na\u0142\u0119czowa. Sk\u0105d nazwa? Ano st\u0105d, \u017ce w malutkim zoo nale\u017c\u0105cym do o\u015brodka jednym z okaz\u00f3w jest pi\u0119kny lew albinos! Widok naprawd\u0119 niecodzienny! O\u015brodek wybudowany chyba rok temu, wszystko czy\u015bciutkie, \u015bwie\u017cutkie, pachn\u0105ce nowo\u015bci\u0105. Pyszne jedzenie. Nie spos\u00f3b te\u017c nie wspomnie\u0107 o pani Dorocie, kt\u00f3ra czasami zdawa\u0142a si\u0119 by\u0107 w kilku miejscach jednocze\u015bnie z u\u015bmiechem na twarzy i pytaniem czy wszystko jest OK i czy przypadkiem czego\u015b, komu\u015b nie brakuje. Pani Doroto, po raz kolejny odpowiadamy! Wszystko by\u0142o bardzo OK. Niczego nam nie brakowa\u0142o! Serdecznie dzi\u0119kujemy! No w\u0142a\u015bnie. I w tym momencie dotarli\u015bmy do podzi\u0119kowa\u0144.<br \/>\n<strong>Za zorganizowanie wyjazdu rehabilitacyjno &#8211; edukacyjnego serdecznie dzi\u0119kujemy Legionowskiemu Stowarzyszeniu Amicus z Prezesem Zarz\u0105du ksi\u0119dzem Tomaszem Chcia\u0142owskim.<\/strong><br \/>\n<strong> Za mi\u0142\u0105 i bezpieczn\u0105 podr\u00f3\u017c dzi\u0119kujemy kierowcy, panu Markowi z firmy Przewozy Autokarowe Krzysztof Cichorek.<\/strong><br \/>\n<strong> Za wiele, wiele historii i legend oraz piosenek \u015bpiewanych w autokarze dzi\u0119kujemy przewodnikowi panu \u0141ukaszowi Falbie.<\/strong><br \/>\n<strong> Za go\u015bcin\u0119, posi\u0142ki i pomoc w zorganizowaniu dyskoteki serdecznie dzi\u0119kujemy kierownictwu O\u015brodka Rehabilitacyjnego &#8222;Bia\u0142y Lew&#8221; ale przede wszystkim pani Dorocie oraz tej drugiej pani, kt\u00f3ra pracuje w kuchni.<\/strong><\/p>\n<p>&nbsp;<\/p>\n<h3><a href=\"http:\/\/www.mbfatimska.pl\/5209-2\/\" target=\"_blank\" rel=\"noopener\">Galeria zdj\u0119\u0107. Dzie\u0144 pierwszy<\/a><\/h3>\n<h3><a href=\"http:\/\/www.mbfatimska.pl\/wyjazd-rehabilitacyjno-edukacyjny-wrzesien-2017-galeria-2\/\" target=\"_blank\" rel=\"noopener\">Galeria zdj\u0119\u0107. Dzie\u0144 drugi<\/a><\/h3>\n<h3><a href=\"http:\/\/www.mbfatimska.pl\/wyjazd-rehabilitacyjno-edukacyjny-wrzesien-2017-galeria-3\/\" target=\"_blank\" rel=\"noopener\">Galeria zdj\u0119\u0107. Dzie\u0144 trzeci<\/a><\/h3>\n<h3><a href=\"http:\/\/www.bialylew.com.pl\/\" target=\"_blank\" rel=\"noopener\">O\u015brodek Rehabilitacyjno Edukacyjny &#8222;Bia\u0142y Lew&#8221;<\/a><\/h3>\n<h3><a href=\"http:\/\/www.sanktuarium-wawolnica.pl\/\" target=\"_blank\" rel=\"noopener\">Sanktuarium Matki Bo\u017cej K\u0119belskiej<\/a><\/h3>\n<h3><a href=\"http:\/\/www.stoliwol.pl\/\" target=\"_blank\" rel=\"noopener\">Restauracja &#8222;St\u00f3\u0142 i w\u00f3\u0142&#8221; w Lublinie<\/a><\/h3>\n<p>&nbsp;<\/p>\n","protected":false},"excerpt":{"rendered":"<p>Min\u0119\u0142y wakacje. O przepraszam! Nie wakacje tylko sezon urlopowy! Przecie\u017c my ju\u017c dawno sko\u0144czyli\u015bmy szko\u0142\u0119! A wi\u0119c min\u0105\u0142 sezon urlopowy i wr\u00f3cili\u015bmy do swoich zaj\u0119\u0107, czyli do pracy w Warsztacie Terapii Zaj\u0119ciowej \u015bw. Rity w Legionowie. Poniewa\u017c jak wszystkim zapewne wiadomo, niezdrowo jest zbyt gwa\u0142townie zmienia\u0107 cokolwiek w swoim \u017cyciu, wi\u0119c i my, by nie [&hellip;]<\/p>\n","protected":false},"author":1,"featured_media":5346,"comment_status":"closed","ping_status":"closed","sticky":false,"template":"","format":"standard","meta":{"footnotes":""},"categories":[20],"tags":[],"class_list":["post-5390","post","type-post","status-publish","format-standard","has-post-thumbnail","hentry","category-wtz-rity"],"_links":{"self":[{"href":"https:\/\/mbfatimska.ovh\/index.php\/wp-json\/wp\/v2\/posts\/5390","targetHints":{"allow":["GET"]}}],"collection":[{"href":"https:\/\/mbfatimska.ovh\/index.php\/wp-json\/wp\/v2\/posts"}],"about":[{"href":"https:\/\/mbfatimska.ovh\/index.php\/wp-json\/wp\/v2\/types\/post"}],"author":[{"embeddable":true,"href":"https:\/\/mbfatimska.ovh\/index.php\/wp-json\/wp\/v2\/users\/1"}],"replies":[{"embeddable":true,"href":"https:\/\/mbfatimska.ovh\/index.php\/wp-json\/wp\/v2\/comments?post=5390"}],"version-history":[{"count":0,"href":"https:\/\/mbfatimska.ovh\/index.php\/wp-json\/wp\/v2\/posts\/5390\/revisions"}],"wp:featuredmedia":[{"embeddable":true,"href":"https:\/\/mbfatimska.ovh\/index.php\/wp-json\/wp\/v2\/media\/5346"}],"wp:attachment":[{"href":"https:\/\/mbfatimska.ovh\/index.php\/wp-json\/wp\/v2\/media?parent=5390"}],"wp:term":[{"taxonomy":"category","embeddable":true,"href":"https:\/\/mbfatimska.ovh\/index.php\/wp-json\/wp\/v2\/categories?post=5390"},{"taxonomy":"post_tag","embeddable":true,"href":"https:\/\/mbfatimska.ovh\/index.php\/wp-json\/wp\/v2\/tags?post=5390"}],"curies":[{"name":"wp","href":"https:\/\/api.w.org\/{rel}","templated":true}]}}