{"id":5401,"date":"2017-09-09T20:44:27","date_gmt":"2017-09-09T20:44:27","guid":{"rendered":"http:\/\/www.mbfatimska.pl\/?p=5401"},"modified":"2017-09-09T20:44:27","modified_gmt":"2017-09-09T20:44:27","slug":"zapraszamy-pielgrzymke-jordania-ziemia-swieta","status":"publish","type":"post","link":"https:\/\/mbfatimska.ovh\/index.php\/2017\/09\/09\/zapraszamy-pielgrzymke-jordania-ziemia-swieta\/","title":{"rendered":"Zapraszamy na pielgrzymk\u0119 &#8211; Jordania i Ziemia \u015awi\u0119ta"},"content":{"rendered":"<h3><strong>S\u0105 jeszcze wolne miejsca na pielgrzymk\u0119 do Jordanii i Ziemi \u015awi\u0119tej w dniach 18 &#8211; 26 pa\u017adziernika 2017r. <\/strong><\/h3>\n<h3><strong>W programie m.in.: G\u00f3ra Karmel, Kana Galilejska, G\u00f3ra Tabor, Nazaret, Jezioro Galilejskie &#8211; Kafarnaum, G\u00f3ra b\u0142ogos\u0142awie\u0144stw, Tabgha, Jerash &#8211; g\u00f3ra Nebo, Madaba, Karak, Petra, Jerozolima, Betlejem.<\/strong><\/h3>\n<h3><span style=\"color: #ff0000;\"><strong>Informacje i zapisy: 692 48 01 48<\/strong><\/span><\/h3>\n<p><a href=\"http:\/\/www.mbfatimska.pl\/wp-content\/uploads\/2017\/09\/Ziemia-Swieta.jpg\"><img fetchpriority=\"high\" decoding=\"async\" class=\" wp-image-5402 aligncenter\" src=\"http:\/\/www.mbfatimska.pl\/wp-content\/uploads\/2017\/09\/Ziemia-Swieta-300x201.jpg\" alt=\"\" width=\"406\" height=\"272\" srcset=\"https:\/\/mbfatimska.ovh\/wp-content\/uploads\/2017\/09\/Ziemia-Swieta-300x201.jpg 300w, https:\/\/mbfatimska.ovh\/wp-content\/uploads\/2017\/09\/Ziemia-Swieta-1024x685.jpg 1024w, https:\/\/mbfatimska.ovh\/wp-content\/uploads\/2017\/09\/Ziemia-Swieta-768x514.jpg 768w, https:\/\/mbfatimska.ovh\/wp-content\/uploads\/2017\/09\/Ziemia-Swieta.jpg 1200w\" sizes=\"(max-width: 406px) 100vw, 406px\" \/><\/a><\/p>\n","protected":false},"excerpt":{"rendered":"<p>S\u0105 jeszcze wolne miejsca na pielgrzymk\u0119 do Jordanii i Ziemi \u015awi\u0119tej w dniach 18 &#8211; 26 pa\u017adziernika 2017r. W programie m.in.: G\u00f3ra Karmel, Kana Galilejska, G\u00f3ra Tabor, Nazaret, Jezioro Galilejskie &#8211; Kafarnaum, G\u00f3ra b\u0142ogos\u0142awie\u0144stw, Tabgha, Jerash &#8211; g\u00f3ra Nebo, Madaba, Karak, Petra, Jerozolima, Betlejem. Informacje i zapisy: 692 48 01 48<\/p>\n","protected":false},"author":1,"featured_media":5402,"comment_status":"closed","ping_status":"closed","sticky":false,"template":"","format":"standard","meta":{"footnotes":""},"categories":[2],"tags":[],"class_list":["post-5401","post","type-post","status-publish","format-standard","has-post-thumbnail","hentry","category-aktualnosci"],"_links":{"self":[{"href":"https:\/\/mbfatimska.ovh\/index.php\/wp-json\/wp\/v2\/posts\/5401","targetHints":{"allow":["GET"]}}],"collection":[{"href":"https:\/\/mbfatimska.ovh\/index.php\/wp-json\/wp\/v2\/posts"}],"about":[{"href":"https:\/\/mbfatimska.ovh\/index.php\/wp-json\/wp\/v2\/types\/post"}],"author":[{"embeddable":true,"href":"https:\/\/mbfatimska.ovh\/index.php\/wp-json\/wp\/v2\/users\/1"}],"replies":[{"embeddable":true,"href":"https:\/\/mbfatimska.ovh\/index.php\/wp-json\/wp\/v2\/comments?post=5401"}],"version-history":[{"count":0,"href":"https:\/\/mbfatimska.ovh\/index.php\/wp-json\/wp\/v2\/posts\/5401\/revisions"}],"wp:featuredmedia":[{"embeddable":true,"href":"https:\/\/mbfatimska.ovh\/index.php\/wp-json\/wp\/v2\/media\/5402"}],"wp:attachment":[{"href":"https:\/\/mbfatimska.ovh\/index.php\/wp-json\/wp\/v2\/media?parent=5401"}],"wp:term":[{"taxonomy":"category","embeddable":true,"href":"https:\/\/mbfatimska.ovh\/index.php\/wp-json\/wp\/v2\/categories?post=5401"},{"taxonomy":"post_tag","embeddable":true,"href":"https:\/\/mbfatimska.ovh\/index.php\/wp-json\/wp\/v2\/tags?post=5401"}],"curies":[{"name":"wp","href":"https:\/\/api.w.org\/{rel}","templated":true}]}}