{"id":5410,"date":"2017-09-11T18:11:48","date_gmt":"2017-09-11T18:11:48","guid":{"rendered":"http:\/\/www.mbfatimska.pl\/?p=5410"},"modified":"2017-09-11T18:11:48","modified_gmt":"2017-09-11T18:11:48","slug":"uroczysta-msza-swieta-08-09-2017-2","status":"publish","type":"post","link":"https:\/\/mbfatimska.ovh\/index.php\/2017\/09\/11\/uroczysta-msza-swieta-08-09-2017-2\/","title":{"rendered":"Uroczysta Msza \u015bwi\u0119ta &#8211; 08.09.2017"},"content":{"rendered":"<p>8 wrze\u015bnia w dniu \u015bwi\u0119ta Narodzenia Naj\u015bwi\u0119tszej Maryi Panny o godzinie 19-tej rozpocz\u0119\u0142a si\u0119 uroczysta msza \u015bwi\u0119ta zorganizowana z okazji dwudziestolecia Fundacji\u00a0Pomocy Wdowom i Sierotom po Poleg\u0142ych Policjantach. We mszy \u015bwi\u0119tej uczestniczyli ksi\u0119\u017ca: ksi\u0105dz Tomasz Chcia\u0142owski proboszcz naszej parafii, ksi\u0105dz pu\u0142kownik\u00a0Zenon Pawelak proboszcz parafii \u015bw. J\u00f3zefa Oblubie\u0144ca N.M.P. oraz ksi\u0105dz Bogdan Sk\u00f3ra z Diecezji \u0141owickiej. Policj\u0119 reprezentowali: Komendant G\u0142\u00f3wny Policji\u00a0nadinspektor Jaros\u0142aw Szymczyk, zast\u0119pcy Komendant\u00f3w Wojew\u00f3dzkich, Orkiestra Reprezentacyjna Policji, funkcjonariusze oraz rodziny \u00a0policjant\u00f3w. Fundacja\u00a0reprezentowana by\u0142a przez Zarz\u0105d G\u0142\u00f3wny oraz podopiecznych, przybyli mi\u0119dzy innymi: Przewodnicz\u0105cy Rady Fundacji nadinspektor w stanie spoczynku W\u0142adys\u0142aw\u00a0Pad\u0142o, Prezes Zarz\u0105du m\u0142odsza inspektor w stanie spoczynku Irena Zaj\u0105c. Wszystkich zebranych w ko\u015bciele serdecznie powita\u0142 Przewodnicz\u0105cy Rady p. Stanis\u0142aw Pad\u0142o,\u00a0kt\u00f3ry w kilku s\u0142owach wspomnia\u0142 o roli Fundacji w \u017cyciu rodzin poleg\u0142ych b\u0105d\u017a zmar\u0142ych funkcjonariuszy Policji. Homili\u0119 wyg\u0142osi\u0142 ksi\u0105dz pu\u0142kownik Zenon Pawelak, kt\u00f3ry\u00a0r\u00f3wnie\u017c poruszy\u0142 bolesny temat rodzin osamotnionych po stracie m\u0119\u017ca, ojca czy brata policjanta. Na zako\u0144czenie mszy kilka s\u0142\u00f3w wyg\u0142osi\u0142 Komendant G\u0142\u00f3wny Policji\u00a0nadinspektor Jaros\u0142aw Szymczyk.<\/p>\n<h3><a href=\"http:\/\/www.mbfatimska.pl\/uroczysta-msza-swieta-08-09-2017\/\" target=\"_blank\" rel=\"noopener\">Obejrzyj zdj\u0119cia<\/a><\/h3>\n<h3><a href=\"http:\/\/www.policja.pl\/pol\/aktualnosci\/148211,Gala-jubileuszu-20-lecia-Fundacji-Pomocy-Wdowom-i-Sierotom-po-Poleglych-Policjan.html\" target=\"_blank\" rel=\"noopener\">Wi\u0119cej na stronie K.G. Policji<\/a><\/h3>\n","protected":false},"excerpt":{"rendered":"<p>8 wrze\u015bnia w dniu \u015bwi\u0119ta Narodzenia Naj\u015bwi\u0119tszej Maryi Panny o godzinie 19-tej rozpocz\u0119\u0142a si\u0119 uroczysta msza \u015bwi\u0119ta zorganizowana z okazji dwudziestolecia Fundacji\u00a0Pomocy Wdowom i Sierotom po Poleg\u0142ych Policjantach. We mszy \u015bwi\u0119tej uczestniczyli ksi\u0119\u017ca: ksi\u0105dz Tomasz Chcia\u0142owski proboszcz naszej parafii, ksi\u0105dz pu\u0142kownik\u00a0Zenon Pawelak proboszcz parafii \u015bw. J\u00f3zefa Oblubie\u0144ca N.M.P. oraz ksi\u0105dz Bogdan Sk\u00f3ra z Diecezji \u0141owickiej. [&hellip;]<\/p>\n","protected":false},"author":1,"featured_media":5157,"comment_status":"closed","ping_status":"closed","sticky":false,"template":"","format":"standard","meta":{"footnotes":""},"categories":[2],"tags":[51,66],"class_list":["post-5410","post","type-post","status-publish","format-standard","has-post-thumbnail","hentry","category-aktualnosci","tag-legionowo","tag-policja"],"_links":{"self":[{"href":"https:\/\/mbfatimska.ovh\/index.php\/wp-json\/wp\/v2\/posts\/5410","targetHints":{"allow":["GET"]}}],"collection":[{"href":"https:\/\/mbfatimska.ovh\/index.php\/wp-json\/wp\/v2\/posts"}],"about":[{"href":"https:\/\/mbfatimska.ovh\/index.php\/wp-json\/wp\/v2\/types\/post"}],"author":[{"embeddable":true,"href":"https:\/\/mbfatimska.ovh\/index.php\/wp-json\/wp\/v2\/users\/1"}],"replies":[{"embeddable":true,"href":"https:\/\/mbfatimska.ovh\/index.php\/wp-json\/wp\/v2\/comments?post=5410"}],"version-history":[{"count":0,"href":"https:\/\/mbfatimska.ovh\/index.php\/wp-json\/wp\/v2\/posts\/5410\/revisions"}],"wp:featuredmedia":[{"embeddable":true,"href":"https:\/\/mbfatimska.ovh\/index.php\/wp-json\/wp\/v2\/media\/5157"}],"wp:attachment":[{"href":"https:\/\/mbfatimska.ovh\/index.php\/wp-json\/wp\/v2\/media?parent=5410"}],"wp:term":[{"taxonomy":"category","embeddable":true,"href":"https:\/\/mbfatimska.ovh\/index.php\/wp-json\/wp\/v2\/categories?post=5410"},{"taxonomy":"post_tag","embeddable":true,"href":"https:\/\/mbfatimska.ovh\/index.php\/wp-json\/wp\/v2\/tags?post=5410"}],"curies":[{"name":"wp","href":"https:\/\/api.w.org\/{rel}","templated":true}]}}