{"id":5732,"date":"2017-09-15T20:25:48","date_gmt":"2017-09-15T20:25:48","guid":{"rendered":"http:\/\/www.mbfatimska.pl\/?p=5732"},"modified":"2017-09-15T20:25:48","modified_gmt":"2017-09-15T20:25:48","slug":"parafialna-pielgrzymka-pojezierze-litwe-2","status":"publish","type":"post","link":"https:\/\/mbfatimska.ovh\/index.php\/2017\/09\/15\/parafialna-pielgrzymka-pojezierze-litwe-2\/","title":{"rendered":"Parafialna pielgrzymka na Pojezierze i na Litw\u0119"},"content":{"rendered":"<h3>W przedostatnim tygodniu sierpnia pielgrzymi z Legionowa pod opiek\u0105 ksi\u0119dza Proboszcza Tomasza Chcia\u0142owskiego z Parafii Matki Bo\u017cej Fatimskiej wyruszyli na czterodniow\u0105 pielgrzymk\u0119.<\/h3>\n<p>&nbsp;<\/p>\n<h2><span style=\"color: #ff0000;\"><strong>Dzie\u0144 1.<\/strong><\/span><\/h2>\n<h3>We wtorek uczestnicy pielgrzymki wzi\u0119li udzia\u0142 w rannej Mszy \u015bwi\u0119tej w ko\u015bciele Matki Boskiej Fatimskiej, celebrowanej przez ks. Tomasza. Nast\u0119pnie wyruszyli na Suwalszczyzn\u0119, gdzie zwiedzili sanktuarium Matki Bo\u017cej Bolesnej w \u015awi\u0119tej Wodzie. To miejsce zwi\u0105zane jest z udokumentowanym uzdrowieniem, jakie mia\u0142o miejsce w 1719 roku. Wtedy to miejscowemu szlachcicowi, dzi\u0119ki cudownej wodzie, wr\u00f3ci\u0142 wzrok. Sam uzdrowiony w miejscu cudu postawi\u0142 kapliczk\u0119.<\/h3>\n<h3>Kolejnym punktem pielgrzymki by\u0142a Studzieniczna, kt\u00f3r\u0105 legionowscy pielgrzymi, nawiedzili po kr\u00f3tkim pobycie w Augustowie nad Jeziorem Bia\u0142ym. Do Studzenicznej pielgrzymi docierali ju\u017c na pocz\u0105tku XVIII wieku. Obraz Matki Boskiej, kt\u00f3ry znajduje si\u0119 w kapliczce na wyspie wedle s\u0142ownej tradycji, zosta\u0142 pozostawiony w tym miejscu przez Wojsko Polskie wracaj\u0105ce z Napoleonem spod Moskwy. By\u0142o to wotum wdzi\u0119czno\u015bci za szcz\u0119\u015bliwe ocalenie. Niewielka miejscowo\u015b\u0107 po\u0142o\u017cona ko\u0142o Augustowa s\u0142ynie r\u00f3wnie\u017c z tego, \u017ce 9 czerwca 1999 roku przyp\u0142yn\u0105\u0142 tutaj stateczkiem Jan Pawe\u0142 II. Bezpo\u015brednio z niego uda\u0142 si\u0119 do kaplicy. Na pami\u0105tk\u0119 tego wydarzenia w miejscu wyj\u015bcia z jeziora Papie\u017ca-Polaka postawiono pomnik z jego wizerunkiem.<\/h3>\n<h3>Napi\u0119ty plan pielgrzymki spowodowa\u0142, \u017ce ze Studzienicznej pielgrzymi udali si\u0119 do Sejn, gdzie mogli zobaczy\u0107 remontowane od zewn\u0105trz Sanktuarium Matki Boskiej Sejne\u0144skiej, a nast\u0119pnie udali si\u0119 do Wigier. Tam zwiedzili Pokamedulski Zesp\u00f3\u0142 Klasztorny, w tym ko\u015bci\u00f3\u0142 pw. Niepokalanego Pocz\u0119cia Naj\u015bwi\u0119tszej Marii Panny z kryptami. Uczestnicy pielgrzymki mogli zobaczy\u0107 te\u017c komnaty papieskie i wej\u015b\u0107 na Wie\u017c\u0119 Zegarow\u0105, sk\u0105d roztacza\u0142 si\u0119 przepi\u0119kny widok na okoliczne jeziora.<\/h3>\n<h3><\/h3>\n<h2><span style=\"color: #ff0000;\"><strong>Dzie\u0144 2.<\/strong><\/span><\/h2>\n<h3>Po noclegu w Suwa\u0142kach pielgrzymi udali si\u0119 w kolejny etap podr\u00f3\u017cy. Rano przekroczyli granic\u0119 pa\u0144stwa i wjechali do Litwy, kieruj\u0105c si\u0119 do Trok\u00f3w. Troki po\u0142o\u017cone s\u0105 na p\u00f3\u0142wyspie na Pojezierzu Wile\u0144skim mi\u0119dzy przepi\u0119knymi jeziorami. Otaczaj\u0105 je takie jeziora jak Galwe, Tataryszki, czy \u0141uka i Gie\u0142usz. W Trokach pielgrzymi zwiedzili zamek wzniesiony w XIV \u2013 XV wieku przez Wielkiego Ksi\u0119cia Litewskiego Kjestuta i jego syna Witolda. Zamek nie przetrwa\u0142 do naszych czas\u00f3w. Obecnie w du\u017cej mierze zrekonstruowany. Pr\u00f3cz zamku podr\u00f3\u017cuj\u0105cy z Legionowa, zapoznali si\u0119 z histori\u0105 Karaim\u00f3w, jednego z najmniejszych narod\u00f3w Europy, sprowadzonego na Litw\u0119 z Krymu przez Ksi\u0119cia Witolda. Spr\u00f3bowali r\u00f3wnie\u017c ich przysmaku \u2013 kibin\u00f3w, czyli pierog\u00f3w z kruchego ciasta. Jest to danie pochodz\u0105ce z kuchni tatarskiej, kt\u00f3re wpisa\u0142o si\u0119 na dobre w tradycj\u0119 Litwy. Kibiny podobno najlepiej smakuj\u0105 w parze z bulionem.<\/h3>\n<h3>Kolejnym wa\u017cnym punktem na trasy by\u0142o miejsce w Lasach Ponarskich (Ponary \u2013 cz\u0119\u015b\u0107 Wilna). W czasach drugiej wojny \u015bwiatowej w tym miejscu zbrodniarze hitlerowcy z SS wraz z oddzia\u0142em policji litewskiej wymordowali ponad 100 tysi\u0119cy ludno\u015bci. Ponad po\u0142owa z nich to \u017bydzi, a ponad 26 tysi\u0119cy do Polacy. W 1939 roku Ponary le\u017ca\u0142y w granicach pa\u0144stwa polskiego. Po modlitwie w tym tragicznym dla los\u00f3w ludzko\u015bci miejscu, pielgrzymi w skupieniu udali si\u0119 do swojego miejsca zamieszkania w Wilnie. Po obiadokolacji wybrali si\u0119 na spacer na Star\u00f3wk\u0119 i mogli stan\u0105\u0107 u celu swojej pielgrzymki \u2013 w Ostrej Bramie.<\/h3>\n<h3><\/h3>\n<h2><span style=\"color: #ff0000;\"><strong>Dzie\u0144 3.<\/strong><\/span><\/h2>\n<h3>Kolejny dzie\u0144 pielgrzymki rozpocz\u0105\u0142 si\u0119 od zwiedzania jednego z pi\u0119kniejszych ko\u015bcio\u0142\u00f3w Wilna. By\u0142a to \u015bwi\u0105tynia \u015bw. Piotra i Paw\u0142a na wile\u0144skim Antokolu. Ko\u015bci\u00f3\u0142 charakteryzuje si\u0119 ponad 2000 figurek wykonanych ze stiuku. Nast\u0119pnie pielgrzymuj\u0105cy udali si\u0119 do Si\u00f3str i pracowni malarza Eugeniusza Kazimierowskiego, gdzie zosta\u0142 namalowany cudowny obraz \u2013 Jezu, ufam Tobie \u2013 z wizji \u015bw. Faustyny Kowalskiej. Kolejnym punktem na mapie pielgrzymki by\u0142 cmentarz na Rossie. To jeden z najpi\u0119kniejszych i najstarszych cmentarzy wile\u0144skich. Tu mo\u017cna by\u0142o zobaczy\u0107 m.in. miejsce poch\u00f3wku matki Marsza\u0142ka J\u00f3zefa Pi\u0142sudskiego oraz samego serca marsza\u0142ka. Kulminacja pielgrzymki nast\u0105pi\u0142a, gdy wszyscy jej uczestnicy stan\u0119li w Kaplicy Ostrobramskiej przed obrazem Matki Boskiej. Wysoki, dwumetrowy obraz na mocy dekretu papie\u017ca Piusa XI, 2 lipca 1927 roku, koronowano jako Kr\u00f3lowej Korony Polskiej. W tej\u017ce uroczysto\u015bci wzi\u0105\u0142 udzia\u0142 sam J\u00f3zef Pi\u0142sudski, prezydent Ignacy Mo\u015bcicki i tysi\u0105ce wiernych zgromadzonych przed kaplic\u0105. Uroczyst\u0105 msz\u0119 przed obliczem Matki Boskiej Ostrobramskiej sprawowa\u0142 ks. Tomasz Chcia\u0142owski. To by\u0142a bardzo podnios\u0142a, uroczysta i wzruszaj\u0105ca msza \u015bwi\u0119ta z przepi\u0119knym kazaniem ks. Tomasza. Po mszy pielgrzymi zwiedzali kolejne interesuj\u0105ce miejsca na Starym Mie\u015bcie, po czym udali si\u0119 na Wie\u017c\u0119 Telewizyjn\u0105. Tam ze 165 metr\u00f3w podziwiali panoram\u0119 Wilna i okolic.<\/h3>\n<h3><\/h3>\n<h2><span style=\"color: #ff0000;\"><strong>Dzie\u0144 4.<\/strong><\/span><\/h2>\n<h3>Ostatni dzie\u0144 pielgrzymki do Wilna to msza \u015bwi\u0119ta w Ko\u015bciele Mi\u0142osierdzia Bo\u017cego przed oryginalnym obrazem \u2013 Jezu, ufam Tobie, kt\u00f3r\u0105 sprawowa\u0142 ks. Tomasz. Po niej dalsze zwiedzanie Wilna, m.in. Katedra \u015bw. Stanis\u0142awa z kaplic\u0105 Jagiellon\u00f3w oraz grobowcem\u00a0 \u015bw. Kazimierza. Uczestnicy pielgrzymki mogli zobaczy\u0107 miejsca zwi\u0105zane z Adamem Mickiewiczem, Juliuszem S\u0142owackim, czy J\u00f3zefem Ignacym Kraszewskim. Oczywi\u015bcie zobaczyli kolejne przepi\u0119kne ko\u015bcio\u0142y, kt\u00f3rych w Wilnie jest oko\u0142o 70, w tym 49 na samym Starym Mie\u015bcie.<\/h3>\n<h3>Ostatnim etapem by\u0142 przyjazd do znanego na ca\u0142ym \u015bwiecie uzdrowiska w Druskiennikach. Tu pielgrzymi przeszli przez miasto i najciekawsze zak\u0105tki uzdrowiska. Mogli spr\u00f3bowa\u0107 w\u00f3d leczniczych (ich s\u0142ono\u015b\u0107 powala\u0142a\u2026), a tak\u017ce pospacerowa\u0107 na brzegiem Niemna i Rotniczanki. I to by\u0142 ju\u017c ostatni punkt pielgrzymki. Legionowscy pielgrzymi udali si\u0119 w drog\u0119 powrotn\u0105 do domu.<\/h3>\n<h1 style=\"text-align: center;\"><span style=\"color: #993300;\"><em>Zapraszamy do<\/em><\/span> <a href=\"http:\/\/www.mbfatimska.pl\/parafialna-pielgrzymka-pojezierze-litwe\/\"><strong><span style=\"color: #ff0000;\">GALERII ZDJ\u0118\u0106<\/span><\/strong><\/a><\/h1>\n","protected":false},"excerpt":{"rendered":"<p>W przedostatnim tygodniu sierpnia pielgrzymi z Legionowa pod opiek\u0105 ksi\u0119dza Proboszcza Tomasza Chcia\u0142owskiego z Parafii Matki Bo\u017cej Fatimskiej wyruszyli na czterodniow\u0105 pielgrzymk\u0119. &nbsp; Dzie\u0144 1. We wtorek uczestnicy pielgrzymki wzi\u0119li udzia\u0142 w rannej Mszy \u015bwi\u0119tej w ko\u015bciele Matki Boskiej Fatimskiej, celebrowanej przez ks. Tomasza. Nast\u0119pnie wyruszyli na Suwalszczyzn\u0119, gdzie zwiedzili sanktuarium Matki Bo\u017cej Bolesnej w [&hellip;]<\/p>\n","protected":false},"author":1,"featured_media":5579,"comment_status":"closed","ping_status":"closed","sticky":false,"template":"","format":"standard","meta":{"footnotes":""},"categories":[2],"tags":[51,63,77],"class_list":["post-5732","post","type-post","status-publish","format-standard","has-post-thumbnail","hentry","category-aktualnosci","tag-legionowo","tag-pielgrzymka","tag-wilno"],"_links":{"self":[{"href":"https:\/\/mbfatimska.ovh\/index.php\/wp-json\/wp\/v2\/posts\/5732","targetHints":{"allow":["GET"]}}],"collection":[{"href":"https:\/\/mbfatimska.ovh\/index.php\/wp-json\/wp\/v2\/posts"}],"about":[{"href":"https:\/\/mbfatimska.ovh\/index.php\/wp-json\/wp\/v2\/types\/post"}],"author":[{"embeddable":true,"href":"https:\/\/mbfatimska.ovh\/index.php\/wp-json\/wp\/v2\/users\/1"}],"replies":[{"embeddable":true,"href":"https:\/\/mbfatimska.ovh\/index.php\/wp-json\/wp\/v2\/comments?post=5732"}],"version-history":[{"count":0,"href":"https:\/\/mbfatimska.ovh\/index.php\/wp-json\/wp\/v2\/posts\/5732\/revisions"}],"wp:featuredmedia":[{"embeddable":true,"href":"https:\/\/mbfatimska.ovh\/index.php\/wp-json\/wp\/v2\/media\/5579"}],"wp:attachment":[{"href":"https:\/\/mbfatimska.ovh\/index.php\/wp-json\/wp\/v2\/media?parent=5732"}],"wp:term":[{"taxonomy":"category","embeddable":true,"href":"https:\/\/mbfatimska.ovh\/index.php\/wp-json\/wp\/v2\/categories?post=5732"},{"taxonomy":"post_tag","embeddable":true,"href":"https:\/\/mbfatimska.ovh\/index.php\/wp-json\/wp\/v2\/tags?post=5732"}],"curies":[{"name":"wp","href":"https:\/\/api.w.org\/{rel}","templated":true}]}}