{"id":5739,"date":"2017-10-07T21:42:42","date_gmt":"2017-10-07T21:42:42","guid":{"rendered":"http:\/\/www.mbfatimska.pl\/?p=5739"},"modified":"2017-10-07T21:42:42","modified_gmt":"2017-10-07T21:42:42","slug":"xxvii-niedziela-zwykla-08-10-2017r","status":"publish","type":"post","link":"https:\/\/mbfatimska.ovh\/index.php\/2017\/10\/07\/xxvii-niedziela-zwykla-08-10-2017r\/","title":{"rendered":"XXVII Niedziela Zwyk\u0142a &#8211; 08.10.2017r."},"content":{"rendered":"<ol>\n<li>\n<h3>Pa\u017adziernik to miesi\u0105c r\u00f3\u017ca\u0144cowy. Zapraszamy na nabo\u017ce\u0144stwa w niedziel\u0119 o godz. 17.15, a w tygodniu o godz. 18.30. R\u00f3\u017caniec dla dzieci w poniedzia\u0142ek, \u015brod\u0119 i pi\u0105tek o godz. 16.30.<\/h3>\n<\/li>\n<li>\n<h3>Wczoraj Liturgiczna S\u0142u\u017cba O\u0142tarza, czyli ministranci, bielanki i schola uczestniczyli w warsztatach liturgicznych i spotkaniu integracyjnym w Popowie w o\u015brodku Caritas. W spotkaniu wzi\u0119\u0142o udzia\u0142 ponad 100 os\u00f3b.<\/h3>\n<\/li>\n<li>\n<h3>Dzisiaj w Polsce obchodzimy kolejny\u00a0 Dzie\u0144 Papieski. Co roku w pa\u017adzierniku w niedziel\u0119 poprzedzaj\u0105c\u0105 dzie\u0144 wyboru kardyna\u0142a Karola Wojty\u0142y na Stolic\u0119 Piotrow\u0105 s\u0105 zbierane pod ko\u015bcio\u0142ami ofiary na stypendia dla utalentowanej, a biedniejszej m\u0142odzie\u017cy ze wsi i miast.<\/h3>\n<\/li>\n<li>\n<h3>Dzisiaj w kancelarii parafialnej ko\u0144cowy egzamin dla kandydat\u00f3w do sakramentu bierzmowania, kt\u00f3rzy w zesz\u0142ym roku rozpocz\u0119li przygotowania. Zapraszamy dziewcz\u0119ta na godz. 15.30, za\u015b ch\u0142opc\u00f3w na 16.30. Osoby, kt\u00f3re pomy\u015blnie zako\u0144cz\u0105 egzamin zapraszamy na pierwsz\u0105 odpraw\u0119 liturgiczn\u0105 przed przyj\u0119ciem tego sakramentu w czwartek na godz. 19.00 (w ko\u015bciele).<\/h3>\n<\/li>\n<li>\n<h3>Dzisiaj i za tydzie\u0144 s\u0105 pod ko\u015bcio\u0142em rozdawane kartki na wypominki za naszych bliskich zmar\u0142ych.<\/h3>\n<\/li>\n<li>\n<h3>Ju\u017c jutro (poniedzia\u0142ek) o godz. 19.00 w ko\u015bciele konferencja formacyjna dla rodzic\u00f3w dzieci przygotowuj\u0105cych si\u0119 do Pierwszej Komunii \u015awi\u0119tej.<\/h3>\n<\/li>\n<li>\n<h3>W pi\u0105tek, 13 pa\u017adziernika b\u0119dzie sprawowane nabo\u017ce\u0144stwo fatimskie. Zapraszamy na Msz\u0119 \u015bwi\u0119t\u0105 o godz. 18.00, a nast\u0119pnie na r\u00f3\u017caniec fatimski.<\/h3>\n<\/li>\n<li>\n<h3>W sobot\u0119, 14 pa\u017adziernika prze\u017cywa\u0107 b\u0119dziemy Dzie\u0144 Edukacji Narodowej. Pami\u0119tajmy tego dnia w modlitwie o naszych nauczycielach, wychowawcach i katechetach.<\/h3>\n<\/li>\n<li>\n<h3>W przysz\u0142\u0105 niedziel\u0119 (15 pa\u017adziernika) o godz. 10.25 katecheza dla dzieci klas IV przed Rocznic\u0105 Pierwszej Komunii \u015awi\u0119tej.<\/h3>\n<\/li>\n<li>\n<h3>W przysz\u0142\u0105 niedziel\u0119, 15 pa\u017adziernika po Mszy \u015awi\u0119tej o godz. 11.00 wymiana tajemnic r\u00f3\u017ca\u0144cowych dla dzieci i rodzic\u00f3w.<\/h3>\n<\/li>\n<li>\n<h3>W przysz\u0142\u0105 niedziel\u0119 po Mszy \u015awi\u0119tej o godz. 18.00 spotkanie dla Rycerzy Zakonu \u015bw. Jana Paw\u0142a II. Zapraszamy tak\u017ce wszystkich m\u0119\u017cczyzn zainteresowanych formacj\u0105 wed\u0142ug zasad \u015bwi\u0119tego Papie\u017ca.<\/h3>\n<\/li>\n<li>\n<h3>W przysz\u0142\u0105 niedziel\u0119 o godz. 16.30 w pawilonach przy Warsztatach Terapii Zaj\u0119ciowej \u015bw. Rity zebranie dla os\u00f3b, kt\u00f3re w pa\u017adzierniku udaj\u0105 si\u0119 z nasz\u0105 Parafi\u0105 na pielgrzymk\u0119 do Jordanii i Ziemi \u015awi\u0119tej.<\/h3>\n<\/li>\n<li>\n<h3>W przysz\u0142\u0105 niedziel\u0119 go\u015bci\u0107 b\u0119dziemy w naszej Parafii duet graj\u0105cy na akordeonie i dudutu &#8211; instrumencie ormia\u0144skim. Arty\u015bci po Mszach \u015bwi\u0119tych zagraj\u0105 kilka utwor\u00f3w dzi\u0119kczynnych po\u015bwi\u0119conych Bogu Ojcu. Przed ko\u015bcio\u0142em b\u0119dzie mo\u017cna kupi\u0107 p\u0142yty CD z utworami artyst\u00f3w.<\/h3>\n<\/li>\n<li>\n<h3>R\u00f3wnie\u017c tego samego dnia w Parafii Mi\u0142osierdzia Bo\u017cego w Legionowie o godz. 19.30 odb\u0119dzie si\u0119 koncert upami\u0119tniaj\u0105cy rocznic\u0119 pontyfikatu Ojca \u015awi\u0119tego Jana Paw\u0142a II. W programie utwory wokalne oraz recytacje wierszy kard. Karola Wojty\u0142y, Cypriana Kamila Norwida, Juliana Tuwima i Zbigniewa Herberta.<\/h3>\n<\/li>\n<li>\n<h3>Prezydent miasta Legionowo zaprasza 9 pa\u017adziernika na godz. 16.30 do sali widowiskowej Urz\u0119du Miasta Legionowo na konferencj\u0119 &#8222;Zasady \u017cywienia w cukrzycy &#8211; czyli diabetyk na widelcu&#8221; podczas kt\u00f3rej b\u0119dzie mo\u017cna wys\u0142ucha\u0107 wyk\u0142adu &#8222;Sekrety \u017cywienia &#8211; tajemnice ukryte w produktach spo\u017cywczych&#8221;. Uczestnicy wyk\u0142adu, kt\u00f3rzy s\u0105 diabetykami b\u0119d\u0105 mogli dowiedzie\u0107 si\u0119 gdzie i jak otrzyma\u0107 bezp\u0142atne glukometry.<\/h3>\n<\/li>\n<li>\n<h3>Dzi\u0119kujemy za pe\u0142ne po\u015bwi\u0119cenia prace na terenie ko\u015bcielnym po ostatnich wiatrach. Szkoda, \u017ce s\u0105 to zawsze te same osoby. Czy jest nam wszystko jedno jak wygl\u0105da teren przy ko\u015bciele?<\/h3>\n<\/li>\n<li>\n<h3>Zapraszamy do naszej kawiarenki parafialnej w ka\u017cd\u0105 niedziel\u0119 po Mszach \u015bwi\u0119tych o godz. 9.00, 11.00 i 12.30 na pyszne gofry, ciasta, ciastka, kaw\u0119, herbat\u0119 i chleb domowego wypieku.<\/h3>\n<\/li>\n<li>\n<h3>Zach\u0119camy do lektury prasy katolickiej.<\/h3>\n<\/li>\n<\/ol>\n","protected":false},"excerpt":{"rendered":"<p>Pa\u017adziernik to miesi\u0105c r\u00f3\u017ca\u0144cowy. Zapraszamy na nabo\u017ce\u0144stwa w niedziel\u0119 o godz. 17.15, a w tygodniu o godz. 18.30. R\u00f3\u017caniec dla dzieci w poniedzia\u0142ek, \u015brod\u0119 i pi\u0105tek o godz. 16.30. Wczoraj Liturgiczna S\u0142u\u017cba O\u0142tarza, czyli ministranci, bielanki i schola uczestniczyli w warsztatach liturgicznych i spotkaniu integracyjnym w Popowie w o\u015brodku Caritas. W spotkaniu wzi\u0119\u0142o udzia\u0142 ponad [&hellip;]<\/p>\n","protected":false},"author":1,"featured_media":481,"comment_status":"closed","ping_status":"closed","sticky":false,"template":"","format":"standard","meta":{"footnotes":""},"categories":[14],"tags":[49,58,59],"class_list":["post-5739","post","type-post","status-publish","format-standard","has-post-thumbnail","hentry","category-ogloszenia-parafialne","tag-legionow","tag-ogloszenia","tag-parafia"],"_links":{"self":[{"href":"https:\/\/mbfatimska.ovh\/index.php\/wp-json\/wp\/v2\/posts\/5739","targetHints":{"allow":["GET"]}}],"collection":[{"href":"https:\/\/mbfatimska.ovh\/index.php\/wp-json\/wp\/v2\/posts"}],"about":[{"href":"https:\/\/mbfatimska.ovh\/index.php\/wp-json\/wp\/v2\/types\/post"}],"author":[{"embeddable":true,"href":"https:\/\/mbfatimska.ovh\/index.php\/wp-json\/wp\/v2\/users\/1"}],"replies":[{"embeddable":true,"href":"https:\/\/mbfatimska.ovh\/index.php\/wp-json\/wp\/v2\/comments?post=5739"}],"version-history":[{"count":0,"href":"https:\/\/mbfatimska.ovh\/index.php\/wp-json\/wp\/v2\/posts\/5739\/revisions"}],"wp:featuredmedia":[{"embeddable":true,"href":"https:\/\/mbfatimska.ovh\/index.php\/wp-json\/wp\/v2\/media\/481"}],"wp:attachment":[{"href":"https:\/\/mbfatimska.ovh\/index.php\/wp-json\/wp\/v2\/media?parent=5739"}],"wp:term":[{"taxonomy":"category","embeddable":true,"href":"https:\/\/mbfatimska.ovh\/index.php\/wp-json\/wp\/v2\/categories?post=5739"},{"taxonomy":"post_tag","embeddable":true,"href":"https:\/\/mbfatimska.ovh\/index.php\/wp-json\/wp\/v2\/tags?post=5739"}],"curies":[{"name":"wp","href":"https:\/\/api.w.org\/{rel}","templated":true}]}}