{"id":5822,"date":"2017-08-28T00:08:24","date_gmt":"2017-08-28T00:08:24","guid":{"rendered":"http:\/\/www.mbfatimska.pl\/?p=5822"},"modified":"2017-08-28T00:08:24","modified_gmt":"2017-08-28T00:08:24","slug":"sloneczny-wyjazd-ii","status":"publish","type":"post","link":"https:\/\/mbfatimska.ovh\/index.php\/2017\/08\/28\/sloneczny-wyjazd-ii\/","title":{"rendered":"S\u0142oneczny wyjazd II"},"content":{"rendered":"<h2 align=\"justify\">Tradycj\u0105 sta\u0142o si\u0119, \u017ce w czasie wakacji Legionowskie Stowarzyszenie AMICUS wsp\u00f3lnie z parafi\u0105 Matki Bo\u017cej Fatimskiej, organ<a href=\"http:\/\/www.mbfatimska.pl\/wp-content\/uploads\/2017\/10\/Torun.jpg\"><img fetchpriority=\"high\" decoding=\"async\" class=\"alignright wp-image-5826\" src=\"http:\/\/www.mbfatimska.pl\/wp-content\/uploads\/2017\/10\/Torun-300x180.jpg\" alt=\"\" width=\"397\" height=\"238\" srcset=\"https:\/\/mbfatimska.ovh\/wp-content\/uploads\/2017\/10\/Torun-300x180.jpg 300w, https:\/\/mbfatimska.ovh\/wp-content\/uploads\/2017\/10\/Torun.jpg 700w\" sizes=\"(max-width: 397px) 100vw, 397px\" \/><\/a>izuj\u0105 letni wypoczynek dla dzieci i m\u0142odzie\u017cy nad morzem, nad mazurskimi jeziorami czy te\u017c prowadz\u0105c zaj\u0119cia \u015bwietlicowe. W czasie wakacji, z oferty tej korzystaj\u0105 m\u0142odzi ludzie z Legionowa i s\u0105siednich gmin oraz innych powiat\u00f3w wojew\u00f3dztwa mazowieckiego, jak chocia\u017cby z powiatu garwoli\u0144skiego. W ten spos\u00f3b dajemy odrobin\u0119 u\u015bmiechu wszystkim naszym pociechom, i tym zdrowym i tym borykaj\u0105cym si\u0119 z r\u00f3\u017cnymi trudno\u015bciami, chorobami, niesprawno\u015bci\u0105 czy te\u017c z k\u0142opotami zwi\u0105zanymi z osobowo\u015bci\u0105. Wakacje, to czas zawierania nowych znajomo\u015bci, zdobywania nowych kontakt\u00f3w oraz zwyk\u0142ej integracji z innymi. W tym roku, w dniach 6 &#8211; 12 sierpnia pojechali\u015bmy do miejscowo\u015bci Jaros\u0142awiec. W wyje\u017adzie wzi\u0119\u0142o udzia\u0142 40 os\u00f3b plus opiekunowie i wychowawcy. Czas wyjazdu by\u0142 szczeg\u00f3lny. Obok odpoczynku na pla\u017cy, k\u0105pieli w morzu, b\u0105d\u017a w promieniach s\u0142o\u0144ca uczestnicy mieli mo\u017cliwo\u015b\u0107 zobaczenia i zwiedzenia wielu wa\u017cnych miejsc poznaj\u0105c w ten spos\u00f3b dzieje i histori\u0119 naszego pa\u0144stwa. Ju\u017c pierwszego dnia nie pr\u00f3\u017cnowali\u015bmy, bowiem na pocz\u0105tku wyjazdu uczest<a href=\"http:\/\/www.mbfatimska.pl\/wp-content\/uploads\/2017\/10\/jaroslawiec2.jpg\"><img decoding=\"async\" class=\"size-medium wp-image-5825 alignleft\" src=\"http:\/\/www.mbfatimska.pl\/wp-content\/uploads\/2017\/10\/jaroslawiec2-300x200.jpg\" alt=\"\" width=\"300\" height=\"200\" srcset=\"https:\/\/mbfatimska.ovh\/wp-content\/uploads\/2017\/10\/jaroslawiec2-300x200.jpg 300w, https:\/\/mbfatimska.ovh\/wp-content\/uploads\/2017\/10\/jaroslawiec2.jpg 700w\" sizes=\"(max-width: 300px) 100vw, 300px\" \/><\/a>nicy skierowali si\u0119 do Torunia &#8211; miasta Miko\u0142aja Kopernika. To tu wszyscy z ciekawo\u015bci\u0105 zwiedzili Krzyw\u0105 Wie\u017c\u0119, Rynek staromiejski, Ratusz oraz zas\u0142uchali si\u0119 w historie, kt\u00f3re opowiada\u0142 przewodnik. Kolejne dni to czas sp\u0119dzony w r\u00f3\u017cnych miejscach nad morzem. By\u0142o zwiedzanie Dar\u0142owa i Dar\u0142\u00f3wka, rejs statkiem po morzu, aquapark, k\u0105piel w morzu, konkursy (m.in. na budowl\u0119 z piasku). Wszystkim g\u0142\u0119boko w pami\u0119ci zapad\u0142a wizyta w Parku Edukacji i Rozrywki Leonardia oraz w Wiosce Hobbit\u00f3w. W Leonardii ka\u017cdy bez wzgl\u0119du na wiek znalaz\u0142 co\u015b dla siebie. Oko\u0142o setki gier, gdzie na \u015bwie\u017cym powietrzu uczestnicy wyjazdu sp\u0119dzili czas z dala od wirtualnego \u015bwiata. Wi\u0119kszo\u015b\u0107 tych gier wykonana by\u0142a z drewna z elementami metalowymi, zaprojektowana i wykonana r\u0119cznie. W czasie pobytu nad morzem jeden dzie\u0144 sp\u0119dzili\u015bmy w Wiosce Hobbit\u00f3w, gdzie podopieczni wzi\u0119li udzia\u0142 w grze terenowej. Otrzymali mapy i zadania do wykonania. W lesie w charakterystycznych punktach ukryte<a href=\"http:\/\/www.mbfatimska.pl\/wp-content\/uploads\/2017\/10\/Latarnia.jpg\"><img decoding=\"async\" class=\"size-medium wp-image-5823 alignright\" src=\"http:\/\/www.mbfatimska.pl\/wp-content\/uploads\/2017\/10\/Latarnia-300x225.jpg\" alt=\"\" width=\"300\" height=\"225\" srcset=\"https:\/\/mbfatimska.ovh\/wp-content\/uploads\/2017\/10\/Latarnia-300x225.jpg 300w, https:\/\/mbfatimska.ovh\/wp-content\/uploads\/2017\/10\/Latarnia.jpg 550w\" sizes=\"(max-width: 300px) 100vw, 300px\" \/><\/a> zosta\u0142y pytania. By\u0142y przygotowane wskaz\u00f3wki i podpowiedzi jak doj\u015b\u0107 do tych miejsc. Po wype\u0142nieniu zada\u0144 wszyscy wr\u00f3cili do wioski, gdzie czeka\u0142y nagrody, dyplomy i gor\u0105cy pocz\u0119stunek. Po obiedzie w grupach uczestnicy zapoznawali si\u0119 z technik\u0105 lepienia rzeczy z gliny, we\u0142ny czy sk\u00f3ry. Nie zabrak\u0142o te\u017c oczywi\u015bcie konkurs\u00f3w z nagrodami ! W\u015br\u00f3d zmaga\u0144 sportowych by\u0142y mi\u0119dzy innymi: rozgrywki w pi\u0142k\u0119 siatkow\u0105 i pi\u0142k\u0119 no\u017cn\u0105. By\u0142o budowanie zamk\u00f3w z piasku, by\u0142o wiele rado\u015bci, u\u015bmiechu, s\u0142o\u0144ca, ciep\u0142a, wody, nowych znajomo\u015bci i przyja\u017ani. Wszystkie te atrakcje sprawi\u0142y, \u017ce nagle okaza\u0142o si\u0119, i\u017c pora ju\u017c wraca\u0107 do dom\u00f3w! Te siedem dni min\u0119\u0142y nam tak szybko, \u017ce wydawa\u0142o si\u0119 to zupe\u0142nie niemo\u017cliwe. Pe\u0142ni wspania\u0142ych, radosnych wspomnie\u0144 wr\u00f3cili\u015bmy do naszych dom\u00f3w, by podzieli\u0107 si\u0119 z bliskimi wspomnieniami i pami\u0105tkami. Z jednej strony troszeczk\u0119 smutno, \u017ce musieli\u015bmy si\u0119 rozsta\u0107, z drugiej pozostaj\u0105 nam wspania\u0142e wspomnienia, mn\u00f3stwo zdj\u0119\u0107, sporo pami\u0105tek oraz, co najwa\u017cniejsze wiele nowo zawartych znajomo\u015bci a mo\u017ce i przyja\u017ani !<\/h2>\n<h2 align=\"justify\">W miar\u0119 dobra pogoda, super atmosfera w\u015br\u00f3d uczestnik\u00f3w, ciekawy program da\u0142y gwarancj\u0119 niezapomnianych wra\u017ce\u0144 i satysfakcji z udanego wypoczynku.<\/h2>\n<h2><i>Za zorganizowanie wyjazdu serdecznie dzi\u0119kujemy Legionowskiemu Stowarzyszeniu AMICUS oraz parafii Matki Bo\u017cej Fatimskiej w Legionowie.<br \/>\n<b>Wyjazd dofinansowany by\u0142 ze \u015brodk\u00f3w Zarz\u0105du Wojew\u00f3dztwa Mazowieckiego za co organizatorzy serdecznie dzi\u0119kuj\u0105<\/b><\/i><\/h2>\n<p><i><b>.<a href=\"http:\/\/www.mbfatimska.pl\/wp-content\/uploads\/2017\/10\/Leonardia.jpg\"><img loading=\"lazy\" decoding=\"async\" class=\" wp-image-5824 aligncenter\" src=\"http:\/\/www.mbfatimska.pl\/wp-content\/uploads\/2017\/10\/Leonardia-300x110.jpg\" alt=\"\" width=\"581\" height=\"213\" srcset=\"https:\/\/mbfatimska.ovh\/wp-content\/uploads\/2017\/10\/Leonardia-300x110.jpg 300w, https:\/\/mbfatimska.ovh\/wp-content\/uploads\/2017\/10\/Leonardia-768x281.jpg 768w, https:\/\/mbfatimska.ovh\/wp-content\/uploads\/2017\/10\/Leonardia.jpg 1000w\" sizes=\"(max-width: 581px) 100vw, 581px\" \/><\/a><\/b><\/i><\/p>\n","protected":false},"excerpt":{"rendered":"<p>Tradycj\u0105 sta\u0142o si\u0119, \u017ce w czasie wakacji Legionowskie Stowarzyszenie AMICUS wsp\u00f3lnie z parafi\u0105 Matki Bo\u017cej Fatimskiej, organizuj\u0105 letni wypoczynek dla dzieci i m\u0142odzie\u017cy nad morzem, nad mazurskimi jeziorami czy te\u017c prowadz\u0105c zaj\u0119cia \u015bwietlicowe. W czasie wakacji, z oferty tej korzystaj\u0105 m\u0142odzi ludzie z Legionowa i s\u0105siednich gmin oraz innych powiat\u00f3w wojew\u00f3dztwa mazowieckiego, jak chocia\u017cby z [&hellip;]<\/p>\n","protected":false},"author":1,"featured_media":5093,"comment_status":"closed","ping_status":"closed","sticky":false,"template":"","format":"standard","meta":{"footnotes":""},"categories":[11],"tags":[30,51,53,59,73],"class_list":["post-5822","post","type-post","status-publish","format-standard","has-post-thumbnail","hentry","category-ls-amicus","tag-amicus","tag-legionowo","tag-legionowskie","tag-parafia","tag-stowarzyszenie"],"_links":{"self":[{"href":"https:\/\/mbfatimska.ovh\/index.php\/wp-json\/wp\/v2\/posts\/5822","targetHints":{"allow":["GET"]}}],"collection":[{"href":"https:\/\/mbfatimska.ovh\/index.php\/wp-json\/wp\/v2\/posts"}],"about":[{"href":"https:\/\/mbfatimska.ovh\/index.php\/wp-json\/wp\/v2\/types\/post"}],"author":[{"embeddable":true,"href":"https:\/\/mbfatimska.ovh\/index.php\/wp-json\/wp\/v2\/users\/1"}],"replies":[{"embeddable":true,"href":"https:\/\/mbfatimska.ovh\/index.php\/wp-json\/wp\/v2\/comments?post=5822"}],"version-history":[{"count":0,"href":"https:\/\/mbfatimska.ovh\/index.php\/wp-json\/wp\/v2\/posts\/5822\/revisions"}],"wp:featuredmedia":[{"embeddable":true,"href":"https:\/\/mbfatimska.ovh\/index.php\/wp-json\/wp\/v2\/media\/5093"}],"wp:attachment":[{"href":"https:\/\/mbfatimska.ovh\/index.php\/wp-json\/wp\/v2\/media?parent=5822"}],"wp:term":[{"taxonomy":"category","embeddable":true,"href":"https:\/\/mbfatimska.ovh\/index.php\/wp-json\/wp\/v2\/categories?post=5822"},{"taxonomy":"post_tag","embeddable":true,"href":"https:\/\/mbfatimska.ovh\/index.php\/wp-json\/wp\/v2\/tags?post=5822"}],"curies":[{"name":"wp","href":"https:\/\/api.w.org\/{rel}","templated":true}]}}