{"id":5944,"date":"2017-10-27T22:14:10","date_gmt":"2017-10-27T22:14:10","guid":{"rendered":"http:\/\/www.mbfatimska.pl\/?p=5944"},"modified":"2017-10-27T22:14:10","modified_gmt":"2017-10-27T22:14:10","slug":"xxx-niedziela-zwykla-29-10-2017r","status":"publish","type":"post","link":"https:\/\/mbfatimska.ovh\/index.php\/2017\/10\/27\/xxx-niedziela-zwykla-29-10-2017r\/","title":{"rendered":"XXX Niedziela Zwyk\u0142a &#8211; 29.10.2017r."},"content":{"rendered":"<ol>\n<li>\n<h3>W czwartek w godzinach popo\u0142udniowych grupa 38 pielgrzym\u00f3w szcz\u0119\u015bliwie powr\u00f3ci\u0142a z pielgrzymki do Ziemi \u015awi\u0119tej i Jordanii.<\/h3>\n<\/li>\n<li>\n<h3>Wczoraj Jego Ekscelencja Ks. Bp Marek Solarczyk udzieli\u0142 sakramentu bierzmowania 48 m\u0142odym ludziom. \u017byczymy m\u0142odzie\u017cy kierowania si\u0119 Darami Ducha \u015awi\u0119tego w doros\u0142ym \u017cyciu. R\u00f3wnie\u017c Ksi\u0105dz Biskup dokona\u0142 po\u015bwi\u0119cenia figur Matki Bo\u017cej Fatimskiej oraz tr\u00f3jki dzieci fatimskich, a tak\u017ce figury \u015bw. J\u00f3zefa, patrona ludzi pracy, jako dzi\u0119kczynienie za osoby, kt\u00f3re trudzi\u0142y si\u0119 przy budowie ko\u015bcio\u0142a.<\/h3>\n<\/li>\n<li>\n<h3>Przed nami Uroczysto\u015b\u0107 Wszystkich \u015awi\u0119tych. Msze \u015awi\u0119te tego dnia o godz. 7.30, 9.00, 11.00 i 18.00. Nie b\u0119dzie tego dnia Mszy \u015bw. o godz. 12.30, gdy\u017c wtedy uczestniczy\u0107 b\u0119dziemy we Mszy \u015bw. na legionowskim cmentarzu.<\/h3>\n<\/li>\n<li>\n<h3>W Dzie\u0144 Zaduszny (2 listopada) Msze \u015bw. o godz. 9.00, 17.00 oraz 18.00.<\/h3>\n<\/li>\n<li>\n<h3>W dniach 1 i 2 listopada o godz. 17.30 w ko\u015bciele b\u0119dzie odbywa\u0142o si\u0119 nabo\u017ce\u0144stwo za naszych bliskich zmar\u0142ych polecanych w wypominkach jednorazowych.<\/h3>\n<\/li>\n<li>\n<h3>Od 1 do 8 listopada na Mszach \u015bw. o godz. 18.00 modli\u0107 si\u0119 b\u0119dziemy za zmar\u0142ych polecanych w wypominkach oktawalnych.<\/h3>\n<\/li>\n<li>\n<h3>Przyjmujemy na wypominki roczne, oktawalne i jednorazowe &#8211; kartki wy\u0142o\u017cone s\u0105 na stolikach przy wyj\u015bciu z ko\u015bcio\u0142a.<\/h3>\n<\/li>\n<li>\n<h3>W tym tygodniu przypada:<\/h3>\n<h3>&#8211; I czwartek miesi\u0105ca &#8211; po Mszy \u015bw. o godz. 18.00 koronka do Bo\u017cego Mi\u0142osierdzia i adoracja do 21.00.<\/h3>\n<h3>&#8211; I pi\u0105tek miesi\u0105ca &#8211; spowied\u017a od godz. 16.30.<\/h3>\n<h3>&#8211; I sobota miesi\u0105ca &#8211; nabo\u017ce\u0144stwo wynagradzaj\u0105ce Niepokalanemu Sercu Naj\u015bwi\u0119tszej Maryi Pannie po Mszy \u015bw. o godz. 18.00 i trwa\u0107 b\u0119dzie do godz. 20.00.<\/h3>\n<h3>&#8211; I niedziela miesi\u0105ca &#8211; po Mszy \u015bw. o godz. 12.30 wystawienie Naj\u015bwi\u0119tszego Sakramentu i mo\u017cliwo\u015b\u0107 adoracji do godz. 17.45. Na godz. 15.00 kr\u0119gi Domowego Ko\u015bcio\u0142a dzia\u0142aj\u0105ce przy naszej Parafii zapraszaj\u0105 na wsp\u00f3ln\u0105 koronk\u0119 do Mi\u0142osierdzia Bo\u017cego.<\/h3>\n<\/li>\n<li>\n<h3>W najbli\u017cszy pi\u0105tek o godz. 19.00 konferencja chrzcielna dla rodzic\u00f3w dzieci przed przyj\u0119ciem chrztu \u015bw., a tak\u017ce dla kandydat\u00f3w na rodzic\u00f3w chrzestnych, kt\u00f3rzy mieszkaj\u0105 w naszej Parafii.<\/h3>\n<\/li>\n<li>\n<h3>Zebranie dla K\u00f3\u0142 \u017bywego R\u00f3\u017ca\u0144ca po Mszy \u015bw. o godz. 12.30 w salce pod zakrysti\u0105.<\/h3>\n<\/li>\n<li>\n<h3>Wielkie podzi\u0119kowanie za ci\u0119\u017ck\u0105 prac\u0119 porz\u0105dkow\u0105 osobom, kt\u00f3re w czwartek, pi\u0105tek i sobot\u0119 porz\u0105dkowa\u0142y teren przy ko\u015bciele.<\/h3>\n<\/li>\n<li>\n<h3>W pi\u0105tek i sobot\u0119 na g\u00f3rnym parkingu zbi\u00f3rka makulatury z przeznaczeniem na misje.<\/h3>\n<\/li>\n<\/ol>\n","protected":false},"excerpt":{"rendered":"<p>W czwartek w godzinach popo\u0142udniowych grupa 38 pielgrzym\u00f3w szcz\u0119\u015bliwie powr\u00f3ci\u0142a z pielgrzymki do Ziemi \u015awi\u0119tej i Jordanii. Wczoraj Jego Ekscelencja Ks. Bp Marek Solarczyk udzieli\u0142 sakramentu bierzmowania 48 m\u0142odym ludziom. \u017byczymy m\u0142odzie\u017cy kierowania si\u0119 Darami Ducha \u015awi\u0119tego w doros\u0142ym \u017cyciu. R\u00f3wnie\u017c Ksi\u0105dz Biskup dokona\u0142 po\u015bwi\u0119cenia figur Matki Bo\u017cej Fatimskiej oraz tr\u00f3jki dzieci fatimskich, a tak\u017ce [&hellip;]<\/p>\n","protected":false},"author":1,"featured_media":481,"comment_status":"closed","ping_status":"closed","sticky":false,"template":"","format":"standard","meta":{"footnotes":""},"categories":[14],"tags":[51,58],"class_list":["post-5944","post","type-post","status-publish","format-standard","has-post-thumbnail","hentry","category-ogloszenia-parafialne","tag-legionowo","tag-ogloszenia"],"_links":{"self":[{"href":"https:\/\/mbfatimska.ovh\/index.php\/wp-json\/wp\/v2\/posts\/5944","targetHints":{"allow":["GET"]}}],"collection":[{"href":"https:\/\/mbfatimska.ovh\/index.php\/wp-json\/wp\/v2\/posts"}],"about":[{"href":"https:\/\/mbfatimska.ovh\/index.php\/wp-json\/wp\/v2\/types\/post"}],"author":[{"embeddable":true,"href":"https:\/\/mbfatimska.ovh\/index.php\/wp-json\/wp\/v2\/users\/1"}],"replies":[{"embeddable":true,"href":"https:\/\/mbfatimska.ovh\/index.php\/wp-json\/wp\/v2\/comments?post=5944"}],"version-history":[{"count":0,"href":"https:\/\/mbfatimska.ovh\/index.php\/wp-json\/wp\/v2\/posts\/5944\/revisions"}],"wp:featuredmedia":[{"embeddable":true,"href":"https:\/\/mbfatimska.ovh\/index.php\/wp-json\/wp\/v2\/media\/481"}],"wp:attachment":[{"href":"https:\/\/mbfatimska.ovh\/index.php\/wp-json\/wp\/v2\/media?parent=5944"}],"wp:term":[{"taxonomy":"category","embeddable":true,"href":"https:\/\/mbfatimska.ovh\/index.php\/wp-json\/wp\/v2\/categories?post=5944"},{"taxonomy":"post_tag","embeddable":true,"href":"https:\/\/mbfatimska.ovh\/index.php\/wp-json\/wp\/v2\/tags?post=5944"}],"curies":[{"name":"wp","href":"https:\/\/api.w.org\/{rel}","templated":true}]}}