{"id":5946,"date":"2017-10-27T22:36:48","date_gmt":"2017-10-27T22:36:48","guid":{"rendered":"http:\/\/www.mbfatimska.pl\/?p=5946"},"modified":"2017-10-27T22:36:48","modified_gmt":"2017-10-27T22:36:48","slug":"1-2-listopada-naszej-parafii","status":"publish","type":"post","link":"https:\/\/mbfatimska.ovh\/index.php\/2017\/10\/27\/1-2-listopada-naszej-parafii\/","title":{"rendered":"1 i 2 listopada w naszej Parafii"},"content":{"rendered":"<h2 style=\"text-align: center;\"><span style=\"color: #800080;\">Zapraszamy do naszej Parafii na Msze \u015bwi\u0119te w Uroczysto\u015b\u0107 Wszystkich \u015awi\u0119tych oraz w Dzie\u0144 Zaduszny:<\/span><\/h2>\n<h1 style=\"text-align: center;\"><span style=\"color: #ff0000;\">1 listopada (\u015broda):<\/span> <strong>7.30, 9.00, 11.00, 18.00.<\/strong><\/h1>\n<h1 style=\"text-align: center;\"><span style=\"color: #ff0000;\">2 listopada(czwartek):<\/span> <strong>9.00, 17.00, 18.00.<\/strong><\/h1>\n<h4 style=\"text-align: center;\"><span style=\"color: #800080;\">Przypominamy, \u017ce dzie\u0144 1 listopada jest \u015bwi\u0119tem nakazanym do uczestnictwa w Mszy \u015bw.<\/span><\/h4>\n<p>&nbsp;<\/p>\n<h2 style=\"text-align: center;\"><span style=\"color: #339966;\"><strong>WYPOMINKI<\/strong><\/span><\/h2>\n<h3>Wypominki mo\u017cna codziennie zg\u0142asza\u0107 w zakrystii, a od poniedzia\u0142ku do pi\u0105tku po ostatniej Mszy \u015bw. r\u00f3wnie\u017c w kancelarii parafialnej.<\/h3>\n<ul>\n<li>\n<h3>W dniach 1 i 2 listopada o godz. 17.30 w ko\u015bciele b\u0119dzie odbywa\u0142o si\u0119 nabo\u017ce\u0144stwo za naszych bliskich zmar\u0142ych polecanych w wypominkach <strong>jednorazowych.<\/strong><\/h3>\n<\/li>\n<li>\n<h3>Od 1 do 8 listopada na Mszach \u015bw. o godz. 18.00 modli\u0107 si\u0119 b\u0119dziemy za zmar\u0142ych polecanych w wypominkach<strong> oktawalnych.<\/strong><\/h3>\n<\/li>\n<li>\n<h3>Przez ca\u0142y rok w ostatni pi\u0105tek miesi\u0105ca b\u0119dziemy modli\u0107 si\u0119 na Mszy wieczornej za zmar\u0142ych polecanych w wypominkach<strong> rocznych.<\/strong><\/h3>\n<\/li>\n<\/ul>\n<p>&nbsp;<\/p>\n","protected":false},"excerpt":{"rendered":"<p>Zapraszamy do naszej Parafii na Msze \u015bwi\u0119te w Uroczysto\u015b\u0107 Wszystkich \u015awi\u0119tych oraz w Dzie\u0144 Zaduszny: 1 listopada (\u015broda): 7.30, 9.00, 11.00, 18.00. 2 listopada(czwartek): 9.00, 17.00, 18.00. Przypominamy, \u017ce dzie\u0144 1 listopada jest \u015bwi\u0119tem nakazanym do uczestnictwa w Mszy \u015bw. &nbsp; WYPOMINKI Wypominki mo\u017cna codziennie zg\u0142asza\u0107 w zakrystii, a od poniedzia\u0142ku do pi\u0105tku po ostatniej [&hellip;]<\/p>\n","protected":false},"author":1,"featured_media":5950,"comment_status":"closed","ping_status":"closed","sticky":false,"template":"","format":"standard","meta":{"footnotes":""},"categories":[2],"tags":[45,50,51,55,59,79,80],"class_list":["post-5946","post","type-post","status-publish","format-standard","has-post-thumbnail","hentry","category-aktualnosci","tag-kosciol","tag-legionowie","tag-legionowo","tag-listopad","tag-parafia","tag-wszystkich-swietych","tag-zaduszki"],"_links":{"self":[{"href":"https:\/\/mbfatimska.ovh\/index.php\/wp-json\/wp\/v2\/posts\/5946","targetHints":{"allow":["GET"]}}],"collection":[{"href":"https:\/\/mbfatimska.ovh\/index.php\/wp-json\/wp\/v2\/posts"}],"about":[{"href":"https:\/\/mbfatimska.ovh\/index.php\/wp-json\/wp\/v2\/types\/post"}],"author":[{"embeddable":true,"href":"https:\/\/mbfatimska.ovh\/index.php\/wp-json\/wp\/v2\/users\/1"}],"replies":[{"embeddable":true,"href":"https:\/\/mbfatimska.ovh\/index.php\/wp-json\/wp\/v2\/comments?post=5946"}],"version-history":[{"count":0,"href":"https:\/\/mbfatimska.ovh\/index.php\/wp-json\/wp\/v2\/posts\/5946\/revisions"}],"wp:featuredmedia":[{"embeddable":true,"href":"https:\/\/mbfatimska.ovh\/index.php\/wp-json\/wp\/v2\/media\/5950"}],"wp:attachment":[{"href":"https:\/\/mbfatimska.ovh\/index.php\/wp-json\/wp\/v2\/media?parent=5946"}],"wp:term":[{"taxonomy":"category","embeddable":true,"href":"https:\/\/mbfatimska.ovh\/index.php\/wp-json\/wp\/v2\/categories?post=5946"},{"taxonomy":"post_tag","embeddable":true,"href":"https:\/\/mbfatimska.ovh\/index.php\/wp-json\/wp\/v2\/tags?post=5946"}],"curies":[{"name":"wp","href":"https:\/\/api.w.org\/{rel}","templated":true}]}}