{"id":5951,"date":"2017-10-27T18:05:15","date_gmt":"2017-10-27T18:05:15","guid":{"rendered":"http:\/\/www.mbfatimska.pl\/?p=5951"},"modified":"2017-10-27T18:05:15","modified_gmt":"2017-10-27T18:05:15","slug":"schola-fatima-canta-bazylice-sw-floriana","status":"publish","type":"post","link":"https:\/\/mbfatimska.ovh\/index.php\/2017\/10\/27\/schola-fatima-canta-bazylice-sw-floriana\/","title":{"rendered":"Schola Fatima Canta w Bazylice \u015bw. Floriana"},"content":{"rendered":"<p>W dniu 22 pa\u017adziernika 2017r schola ,,Fatima Canta\u2019\u2019 z opiekunem pani\u0105 Anit\u0105 Rodak i rodzicami wyjecha\u0142a do Bazyliki katedralnej \u015bw. Micha\u0142a Archanio\u0142a i \u015bw. Floriana M\u0119czennika do Warszawy. Tam o godz 11:00 uczestniczyli\u015bmy we mszy \u015bw. by wielbi\u0107 Boga swoim \u015bpiewem i dzieli\u0107 si\u0119 nim z innymi. Na pocz\u0105tku mszy \u015bw. zostali\u015bmy serdecznie powitani przez ksi\u0119dza \u0141ukasza Krup\u0119. Jak powiedzia\u0142\u00a0 na pocz\u0105tku eucharystii,\u00a0 zaczynamy rok misyjny i odni\u00f3s\u0142 si\u0119 do nas, \u017ce my jako schola\u00a0 ,,Fatima Canta\u2019\u2019 jeste\u015bmy w parafii \u015bw. Floriana na misji . Z m\u0142odzie\u0144cz\u0105 si\u0142\u0105 i entuzjazmem wykonali\u015bmy kilka pie\u015bni o mi\u0142o\u015bci i zaufaniu do Chrystusa. Ca\u0142y czas realizujemy to nasze pragnienie, s\u0142u\u017c\u0105c \u015bpiewem podczas niedzielnej eucharystii i \u015bwi\u0105t. Schola odnajduje swoje miejsce w \u017cyciu, pog\u0142\u0119bia wi\u0119\u017a z Bogiem i z sob\u0105 nawzajem. Chcemy dzieli\u0107 si\u0119 talentami, kt\u00f3rymi obdarzy\u0142 nas Pan B\u00f3g , dlatego nie zamykamy si\u0119 w swoich domach, parafiach, tylko spotykamy si\u0119 z innymi, \u017ceby stworzy\u0107 co\u015b pi\u0119knego i ciekawego. Szczeg\u00f3lne podzi\u0119kowania kierujemy\u00a0 w stron\u0119 naszego ksi\u0119dza proboszcza pra\u0142ata Tomasza Chcia\u0142owskiego, kt\u00f3ry od samego pocz\u0105tku wspiera nas w rozwoju scholi . Dzi\u0119kujemy pani Anicie Rodak za zaanga\u017cowanie i przygotowanie dzieci do ka\u017cdego u\u015bwietnienia mszy \u015bw. Dzi\u0119kujemy ksi\u0119dzu Bogdanowi Kowalskiemu za pi\u0119kne , serdeczne s\u0142owa kierowane do nas, za go\u015bcinno\u015b\u0107 w swojej parafii. Ka\u017cdy zapewne z nas do\u015bwiadczy\u0142 , jak wa\u017cny jest \u015bpiew podczas mszy \u015bw. Jako schola troszczymy si\u0119 o pi\u0119kno i g\u0142\u0119bi\u0119 tego wymiaru liturgii. Grupa jest otwarta i ka\u017cdy kto czuje potrzeb\u0119 \u015bpiewu dla Pana, mo\u017ce w ka\u017cdej chwili do nas do\u0142\u0105czy\u0107.\u00a0<strong>Zapraszamy!<\/strong><\/p>\n<p>Obejrzyj\u00a0<a href=\"http:\/\/www.mbfatimska.pl\/schola-fatima-canta-bazylice-sw-floriana-2\/\" target=\"_blank\" rel=\"noopener\">galeri\u0119 zdj\u0119\u0107.<\/a><\/p>\n","protected":false},"excerpt":{"rendered":"<p>W dniu 22 pa\u017adziernika 2017r schola ,,Fatima Canta\u2019\u2019 z opiekunem pani\u0105 Anit\u0105 Rodak i rodzicami wyjecha\u0142a do Bazyliki katedralnej \u015bw. Micha\u0142a Archanio\u0142a i \u015bw. Floriana M\u0119czennika do Warszawy. Tam o godz 11:00 uczestniczyli\u015bmy we mszy \u015bw. by wielbi\u0107 Boga swoim \u015bpiewem i dzieli\u0107 si\u0119 nim z innymi. Na pocz\u0105tku mszy \u015bw. zostali\u015bmy serdecznie powitani przez [&hellip;]<\/p>\n","protected":false},"author":1,"featured_media":6148,"comment_status":"closed","ping_status":"closed","sticky":false,"template":"","format":"standard","meta":{"footnotes":""},"categories":[2],"tags":[],"class_list":["post-5951","post","type-post","status-publish","format-standard","has-post-thumbnail","hentry","category-aktualnosci"],"_links":{"self":[{"href":"https:\/\/mbfatimska.ovh\/index.php\/wp-json\/wp\/v2\/posts\/5951","targetHints":{"allow":["GET"]}}],"collection":[{"href":"https:\/\/mbfatimska.ovh\/index.php\/wp-json\/wp\/v2\/posts"}],"about":[{"href":"https:\/\/mbfatimska.ovh\/index.php\/wp-json\/wp\/v2\/types\/post"}],"author":[{"embeddable":true,"href":"https:\/\/mbfatimska.ovh\/index.php\/wp-json\/wp\/v2\/users\/1"}],"replies":[{"embeddable":true,"href":"https:\/\/mbfatimska.ovh\/index.php\/wp-json\/wp\/v2\/comments?post=5951"}],"version-history":[{"count":0,"href":"https:\/\/mbfatimska.ovh\/index.php\/wp-json\/wp\/v2\/posts\/5951\/revisions"}],"wp:featuredmedia":[{"embeddable":true,"href":"https:\/\/mbfatimska.ovh\/index.php\/wp-json\/wp\/v2\/media\/6148"}],"wp:attachment":[{"href":"https:\/\/mbfatimska.ovh\/index.php\/wp-json\/wp\/v2\/media?parent=5951"}],"wp:term":[{"taxonomy":"category","embeddable":true,"href":"https:\/\/mbfatimska.ovh\/index.php\/wp-json\/wp\/v2\/categories?post=5951"},{"taxonomy":"post_tag","embeddable":true,"href":"https:\/\/mbfatimska.ovh\/index.php\/wp-json\/wp\/v2\/tags?post=5951"}],"curies":[{"name":"wp","href":"https:\/\/api.w.org\/{rel}","templated":true}]}}