{"id":6172,"date":"2017-11-04T15:20:45","date_gmt":"2017-11-04T15:20:45","guid":{"rendered":"http:\/\/www.mbfatimska.pl\/?p=6172"},"modified":"2017-11-04T15:20:45","modified_gmt":"2017-11-04T15:20:45","slug":"xxxi-niedziela-zwykla-05-11-2017r","status":"publish","type":"post","link":"https:\/\/mbfatimska.ovh\/index.php\/2017\/11\/04\/xxxi-niedziela-zwykla-05-11-2017r\/","title":{"rendered":"XXXI Niedziela Zwyk\u0142a &#8211; 05.11.2017r."},"content":{"rendered":"<ol>\n<li>\n<h3>W ubieg\u0142ym tygodniu zako\u0144czyli\u015bmy miesi\u0105c pa\u017adziernik &#8211; czas po\u015bwi\u0119cony modlitwie r\u00f3\u017ca\u0144cowej. Cieszymy si\u0119, \u017ce tak wiele dzieci uczestniczy\u0142o w r\u00f3\u017ca\u0144cach &#8211; oko\u0142o 170. Dzieci w czwartek za sw\u00f3j trud zosta\u0142y nagrodzone upominkami w formie puzzli. R\u00f3wnie\u017c rodzicom dzi\u0119kujemy za trud w doprowadzaniu dzieci do ko\u015bcio\u0142a.<\/h3>\n<\/li>\n<li>\n<h3>Dzisiaj po Mszy \u015bw. o godz. 12.30 wystawienie Naj\u015bwi\u0119tszego Sakramentu. Adoracja do godz. 17.40. Na godz. 15.00 zapraszamy na Koronk\u0119 do Mi\u0142osierdzia Bo\u017cego prowadzon\u0105 przez kr\u0119gi Domowego Ko\u015bcio\u0142a funkcjonuj\u0105ce przy naszej Parafii.<\/h3>\n<\/li>\n<li>\n<h3>W \u015brod\u0119 o godz. 19.00 w salce pod zakrysti\u0105 kolejne spotkanie formacyjne dla przedsi\u0119biorc\u00f3w i w\u0142a\u015bcicieli firm z naszego rejonu. &#8222;Jak by\u0107 cz\u0142owiekiem wierz\u0105cym, praktykuj\u0105cym i prowadzi\u0107 uczciwie biznes&#8221;. Serdecznie zapraszamy.<\/h3>\n<\/li>\n<li>\n<h3>W czwartek w ko\u015bciele garnizonowym podczas Mszy \u015bw. o godz. 18.00 nast\u0105pi ods\u0142oni\u0119cie tablicy upami\u0119tniaj\u0105cej \u015bp. Prezydenta Lecha Kaczy\u0144skiego, jego ma\u0142\u017conki Marii Kaczy\u0144skiej, ostatniego Prezydenta RP na uchod\u017astwie Ryszarda Kaczorowskiego oraz wszystkie osoby, kt\u00f3re zgin\u0119\u0142y w dniu 10 kwietnia 2010 roku pod Smole\u0144skiem w drodze na obchody siedemdziesi\u0105tej rocznicy Zbrodni w Katyniu.<\/h3>\n<\/li>\n<li>\n<h3>W pi\u0105tek, 10 listopada o godz. 18.30 zebranie dla wszystkich kandydat\u00f3w do sakramentu bierzmowania. Obecno\u015b\u0107 obowi\u0105zkowa!<\/h3>\n<\/li>\n<li>\n<h3>W sobot\u0119 obchodzi\u0107 b\u0119dziemy 99. rocznic\u0119 odzyskania niepodleg\u0142o\u015bci. W naszym ko\u015bciele Msze \u015bw. o godz. 17.00 i 18.00. Centralna Msza \u015bw. w naszym mie\u015bcie w ko\u015bciele garnizonowym o godz. 13.00. Po Mszy \u015bw. nast\u0105pi przemarsz pod pomnik Polski Walcz\u0105cej na rondzie AK, gdzie odb\u0119dzie si\u0119 apel poleg\u0142ych.<\/h3>\n<\/li>\n<li>\n<h3>W przysz\u0142\u0105 niedziel\u0119 o godz. 10.25 katecheza dla dzieci klas III SP przed przyj\u0119ciem I-szej Komunii \u015bw.<\/h3>\n<\/li>\n<li>\n<h3>W przysz\u0142\u0105 niedziel\u0119 po Mszy \u015bw. o godz. 18.00 w sali pod zakrysti\u0105 kolejne spotkanie dla m\u0119\u017cczyzn zrzeszonych we wsp\u00f3lnocie Rycerzy \u015bw. Jana Paw\u0142a II.<\/h3>\n<\/li>\n<li>\n<h3>Serdecznie dzi\u0119kujemy panom: Stanis\u0142awowi Jaroniowi, Markowi Kisielowi, Andrzejowi Anuszkiewiczowi &#8211; w\u0142a\u015bcicielowi firmy LOPI oraz Krzysztofowi Lisickiemu &#8211; w\u0142a\u015bcicielowi firmy DORIAN za nieocenion\u0105 pomoc w pracach elektrycznych na naszym terenie ko\u015bcielnym.<\/h3>\n<\/li>\n<li>\n<h3>Serdecznie dzi\u0119kujemy paniom i panom za prace porz\u0105dkowe na terenie ko\u015bcielnym. To s\u0105 nieocenione prace. S\u0105 nawet takie osoby, kt\u00f3re potrafi\u0105 wzi\u0105\u0107 dzie\u0144 urlopu, aby ca\u0142y dzie\u0144 przepracowa\u0107 na naszym terenie. Dzi\u0119kujemy tym wszystkim osobom.<\/h3>\n<\/li>\n<li>\n<h3>Do jutrzejszych godzin porannych mo\u017cna sk\u0142ada\u0107 makulatur\u0119 do przyczepy na g\u00f3rnym parkingu z przeznaczeniem na misje.<\/h3>\n<\/li>\n<li>\n<h3>Serdecznie zapraszamy na prelekcj\u0119 dr Artura Bojarskiego pt. &#8222;Najstarsze nekropolie powiatu legionowskiego&#8221;, kt\u00f3ra b\u0119dzie mia\u0142a miejsce dzisiaj o godzinie 15.00 w Muzeum Historycznym w Legionowie &#8211; filia os. Piaski.<\/h3>\n<\/li>\n<li>\n<h3>Serdecznie zapraszamy 11 listopada na godz. 19.00 do parafii \u015bw. Jana Kantego w Legionowie na koncert &#8222;Pos\u0142uchaj Chopina w Legionowie&#8221;. W programie koncertu znajd\u0105 si\u0119 utwory F. Chopina, F. Mendelssohna-Bartholdy&#8217;ego, J. Bocka, F. Lehara, J. Hubaya, J. Williamsa, W. Mrozeka, V. Monti&#8217;ego, J. Hubaya, F. Loewea, J. Brahmsa.<\/h3>\n<\/li>\n<\/ol>\n","protected":false},"excerpt":{"rendered":"<p>W ubieg\u0142ym tygodniu zako\u0144czyli\u015bmy miesi\u0105c pa\u017adziernik &#8211; czas po\u015bwi\u0119cony modlitwie r\u00f3\u017ca\u0144cowej. Cieszymy si\u0119, \u017ce tak wiele dzieci uczestniczy\u0142o w r\u00f3\u017ca\u0144cach &#8211; oko\u0142o 170. Dzieci w czwartek za sw\u00f3j trud zosta\u0142y nagrodzone upominkami w formie puzzli. R\u00f3wnie\u017c rodzicom dzi\u0119kujemy za trud w doprowadzaniu dzieci do ko\u015bcio\u0142a. Dzisiaj po Mszy \u015bw. o godz. 12.30 wystawienie Naj\u015bwi\u0119tszego Sakramentu. [&hellip;]<\/p>\n","protected":false},"author":1,"featured_media":481,"comment_status":"closed","ping_status":"closed","sticky":false,"template":"","format":"standard","meta":{"footnotes":""},"categories":[14],"tags":[],"class_list":["post-6172","post","type-post","status-publish","format-standard","has-post-thumbnail","hentry","category-ogloszenia-parafialne"],"_links":{"self":[{"href":"https:\/\/mbfatimska.ovh\/index.php\/wp-json\/wp\/v2\/posts\/6172","targetHints":{"allow":["GET"]}}],"collection":[{"href":"https:\/\/mbfatimska.ovh\/index.php\/wp-json\/wp\/v2\/posts"}],"about":[{"href":"https:\/\/mbfatimska.ovh\/index.php\/wp-json\/wp\/v2\/types\/post"}],"author":[{"embeddable":true,"href":"https:\/\/mbfatimska.ovh\/index.php\/wp-json\/wp\/v2\/users\/1"}],"replies":[{"embeddable":true,"href":"https:\/\/mbfatimska.ovh\/index.php\/wp-json\/wp\/v2\/comments?post=6172"}],"version-history":[{"count":0,"href":"https:\/\/mbfatimska.ovh\/index.php\/wp-json\/wp\/v2\/posts\/6172\/revisions"}],"wp:featuredmedia":[{"embeddable":true,"href":"https:\/\/mbfatimska.ovh\/index.php\/wp-json\/wp\/v2\/media\/481"}],"wp:attachment":[{"href":"https:\/\/mbfatimska.ovh\/index.php\/wp-json\/wp\/v2\/media?parent=6172"}],"wp:term":[{"taxonomy":"category","embeddable":true,"href":"https:\/\/mbfatimska.ovh\/index.php\/wp-json\/wp\/v2\/categories?post=6172"},{"taxonomy":"post_tag","embeddable":true,"href":"https:\/\/mbfatimska.ovh\/index.php\/wp-json\/wp\/v2\/tags?post=6172"}],"curies":[{"name":"wp","href":"https:\/\/api.w.org\/{rel}","templated":true}]}}