{"id":6180,"date":"2017-11-04T16:31:41","date_gmt":"2017-11-04T16:31:41","guid":{"rendered":"http:\/\/www.mbfatimska.pl\/?p=6180"},"modified":"2017-11-04T16:31:41","modified_gmt":"2017-11-04T16:31:41","slug":"zakonczenie-nabozenstw-rozancowych","status":"publish","type":"post","link":"https:\/\/mbfatimska.ovh\/index.php\/2017\/11\/04\/zakonczenie-nabozenstw-rozancowych\/","title":{"rendered":"Zako\u0144czenie nabo\u017ce\u0144stw r\u00f3\u017ca\u0144cowych"},"content":{"rendered":"<p>,,Pozw\u00f3lcie dzieciom przychodzi\u0107 do Mnie, nie przeszkadzajcie im , do takich nale\u017cy kr\u00f3lestwo Bo\u017ce\u2019\u2019. Trzydzie\u015bci jeden dni miesi\u0105ca pa\u017adziernika up\u0142yn\u0119\u0142y nam bardzo szybko. Ich nieod\u0142\u0105cznym elementem by\u0142a modlitwa r\u00f3\u017ca\u0144cowa o\u00a0 godz 16:30, kt\u00f3ra by\u0142a szczeg\u00f3lnie skierowana do dzieci. W pierwszym dniu nabo\u017ce\u0144stwa dzieci otrzyma\u0142y ksi\u0105\u017ceczk\u0119 w kt\u00f3r\u0105 wkleja\u0142y postacie \u015bw. Hiacynty, \u015bw. Franciszka oraz \u015bw. \u0141ucji. By\u0142a modlitwa, \u015bpiewy , czuli\u015bmy si\u0119 jak jedna wielka rodzina, jak bracia i siostry, kt\u00f3rzy maj\u0105 wsp\u00f3lnych rodzic\u00f3w w niebie. W ka\u017cdy poniedzia\u0142ek , \u015brod\u0119 i pi\u0105tek odbywa\u0142y si\u0119 konkursy z nagrodami. Wszystkim modl\u0105cym si\u0119 na r\u00f3\u017ca\u0144cu w naszym ko\u015bciele nasz Proboszcz &#8211;\u00a0 ksi\u0105dz pra\u0142at Tomasz Chcia\u0142owski serdecznie podzi\u0119kowa\u0142 za \u015bwiadectwo wiary i mi\u0142o\u015b\u0107 do Matki Bo\u017cej. Za dzielny i wierny udzia\u0142 w pa\u017adziernikowym nabo\u017ce\u0144stwie wszystkie dzieci otrzyma\u0142y nagrody.<\/p>\n<p>Serdecznie dzi\u0119kujemy Ksi\u0119dzu Proboszczowi za ufundowanie nagr\u00f3d, kt\u00f3re bardzo ucieszy\u0142y dzieci.<\/p>\n<p>&nbsp;<\/p>\n<p>Zapraszamy do obejrzenia\u00a0<a href=\"http:\/\/www.mbfatimska.pl\/zakonczenie-nabozenstw-rozancowych-2\/\" target=\"_blank\" rel=\"noopener\">galerii zdj\u0119\u0107!<\/a><\/p>\n<p>&nbsp;<\/p>\n<p>&nbsp;<\/p>\n","protected":false},"excerpt":{"rendered":"<p>,,Pozw\u00f3lcie dzieciom przychodzi\u0107 do Mnie, nie przeszkadzajcie im , do takich nale\u017cy kr\u00f3lestwo Bo\u017ce\u2019\u2019. Trzydzie\u015bci jeden dni miesi\u0105ca pa\u017adziernika up\u0142yn\u0119\u0142y nam bardzo szybko. Ich nieod\u0142\u0105cznym elementem by\u0142a modlitwa r\u00f3\u017ca\u0144cowa o\u00a0 godz 16:30, kt\u00f3ra by\u0142a szczeg\u00f3lnie skierowana do dzieci. W pierwszym dniu nabo\u017ce\u0144stwa dzieci otrzyma\u0142y ksi\u0105\u017ceczk\u0119 w kt\u00f3r\u0105 wkleja\u0142y postacie \u015bw. Hiacynty, \u015bw. Franciszka oraz \u015bw. [&hellip;]<\/p>\n","protected":false},"author":1,"featured_media":6186,"comment_status":"closed","ping_status":"closed","sticky":false,"template":"","format":"standard","meta":{"footnotes":""},"categories":[2],"tags":[],"class_list":["post-6180","post","type-post","status-publish","format-standard","has-post-thumbnail","hentry","category-aktualnosci"],"_links":{"self":[{"href":"https:\/\/mbfatimska.ovh\/index.php\/wp-json\/wp\/v2\/posts\/6180","targetHints":{"allow":["GET"]}}],"collection":[{"href":"https:\/\/mbfatimska.ovh\/index.php\/wp-json\/wp\/v2\/posts"}],"about":[{"href":"https:\/\/mbfatimska.ovh\/index.php\/wp-json\/wp\/v2\/types\/post"}],"author":[{"embeddable":true,"href":"https:\/\/mbfatimska.ovh\/index.php\/wp-json\/wp\/v2\/users\/1"}],"replies":[{"embeddable":true,"href":"https:\/\/mbfatimska.ovh\/index.php\/wp-json\/wp\/v2\/comments?post=6180"}],"version-history":[{"count":0,"href":"https:\/\/mbfatimska.ovh\/index.php\/wp-json\/wp\/v2\/posts\/6180\/revisions"}],"wp:featuredmedia":[{"embeddable":true,"href":"https:\/\/mbfatimska.ovh\/index.php\/wp-json\/wp\/v2\/media\/6186"}],"wp:attachment":[{"href":"https:\/\/mbfatimska.ovh\/index.php\/wp-json\/wp\/v2\/media?parent=6180"}],"wp:term":[{"taxonomy":"category","embeddable":true,"href":"https:\/\/mbfatimska.ovh\/index.php\/wp-json\/wp\/v2\/categories?post=6180"},{"taxonomy":"post_tag","embeddable":true,"href":"https:\/\/mbfatimska.ovh\/index.php\/wp-json\/wp\/v2\/tags?post=6180"}],"curies":[{"name":"wp","href":"https:\/\/api.w.org\/{rel}","templated":true}]}}